{"id":10719,"date":"2020-08-30T20:28:55","date_gmt":"2020-08-31T01:28:55","guid":{"rendered":"https:\/\/www.uea.edu.ec\/?p=10719"},"modified":"2022-01-21T15:51:32","modified_gmt":"2022-01-21T20:51:32","slug":"mesa-redonda-gestion-cultural-en-ecuador-en-tiempos-de-la-covid-19-y-libro-descargable-del-v-congreso-ecuatoriano-de-gestion-cultural","status":"publish","type":"post","link":"https:\/\/www.uea.edu.ec\/web\/v1\/?p=10719","title":{"rendered":"MESA REDONDA \u201cGESTI\u00d3N CULTURAL EN ECUADOR EN TIEMPOS DE LA COVID-19\u201d Y LIBRO DESCARGABLE DEL V CONGRESO ECUATORIANO DE GESTI\u00d3N CULTURAL"},"content":{"rendered":"<section class=\"wpb-content-wrapper\">[vc_row][vc_column][vc_column_text]<p><\/p>\n<p style=\"text-align: justify;\">El viernes 7 de agosto, en ocasi\u00f3n del D\u00eda Nacional de la Cultura (9 de agosto), la Casa de la Cultura Ecuatoriana, la Universidad Estatal Amaz\u00f3nica, y los Casales Catalanes de Quito y Guayaquil, organizaron la mesa redonda (por <em>streaming<\/em>): \u201cGesti\u00f3n cultural en Ecuador en tiempos de la covid-19\u201d; donde profesionales con experiencia en la tem\u00e1tica discutieron sobre los avances de la Ley Org\u00e1nica de Cultura (2016), y la gesti\u00f3n de los museos y las bibliotecas. Asimismo, se present\u00f3 el libro de selecci\u00f3n de ponencias del V Congreso Ecuatoriano de Gesti\u00f3n Cultural, organizado por la Casa de la Cultura Ecuatoriana y celebrado en el campus de la UEA de Puyo en 2015.<\/p>\n<p style=\"text-align: justify;\"><\/p>\n<p style=\"text-align: justify;\"><\/p>\n<p style=\"text-align: justify;\">El evento cont\u00f3 con la participaci\u00f3n de Fabi\u00e1n Saltos (director de participaci\u00f3n ciudadana e interculturalidad del MIES); Andr\u00e9s Abad (profesor universitario y director de los Museos del Banco Central per\u00edodo 1996-2010); Eduardo Puente (ex director de las bibliotecas de la FLACSO y el IAEN); Ferran Cabrero (profesor investigador de la UEA y coord. del Diplomado en Gesti\u00f3n Cultural de la FLACSO per\u00edodo 2009-2011); Wagner Tello (artista pl\u00e1stico y director de la CCE-N\u00facleo Pastaza); Ramiro Caiza (escritor y gestor cultural), y finalmente hubo las palabras de cierre de Camilo Restrepo (presidente de la Sede Nacional de la Casa de la Cultura Ecuatoriana \u201cBenjam\u00edn Carri\u00f3n\u201d). Hubo una gran participaci\u00f3n, tambi\u00e9n de estudiantes de la UEA, incluyendo preguntas a los ponentes.<\/p>\n<p style=\"text-align: justify;\"><\/p>\n<p style=\"text-align: justify;\"><\/p>\n<p style=\"text-align: justify;\">Cabe subrayar que el V Congreso fue importante para visibilizar la Amazon\u00eda ecuatoriana a nivel nacional e internacional en el \u00e1mbito de la gesti\u00f3n cultural y la producci\u00f3n art\u00edstica, en su realidad, en sus luchas sociales por la defensa del medio ambiente y los derechos de los pueblos y nacionalidades ind\u00edgenas. Con una importante participaci\u00f3n, las discusiones tuvieron como eje central y tema del Congreso las Culturas Vivas Comunitarias, concepto y pr\u00e1ctica que finalmente entrar\u00eda el a\u00f1o siguiente en el Art. 4 (\u201cDe los Principios\u201d) de la Ley Org\u00e1nica de Cultura (2016).<\/p>\n<p style=\"text-align: justify;\"><\/p>\n<p style=\"text-align: justify;\"><\/p>\n<p style=\"text-align: justify;\">Ya se puede descargar el libro en formato PDF aqu\u00ed:<\/p>\n<p style=\"text-align: justify;\"><\/p>\n<p style=\"text-align: justify;\"><\/p>\n<figure class=\"wp-block-embed\">\n<div class=\"wp-block-embed__wrapper\" style=\"text-align: justify;\">https:\/\/www.academia.edu\/43816506\/Culturas_Vivas_Comunitarias_Selecci%C3%B3n_de_ponencias_del_V_Congreso_Ecuatoriano_de_Gesti%C3%B3n_Cultural_2015_2019_<\/div>\n<\/figure>\n<p><\/p>[\/vc_column_text][\/vc_column][\/vc_row]<\/section>","protected":false},"excerpt":{"rendered":"<p>[vc_row][vc_column][vc_column_text] El viernes 7 de agosto, en ocasi\u00f3n del D\u00eda Nacional de la Cultura (9 de agosto), la Casa de la Cultura Ecuatoriana, la Universidad Estatal Amaz\u00f3nica, y los Casales Catalanes de Quito y Guayaquil, organizaron la mesa redonda (por streaming): \u201cGesti\u00f3n cultural en Ecuador en tiempos de la covid-19\u201d; donde profesionales con experiencia en &#8230; <a title=\"MESA REDONDA \u201cGESTI\u00d3N CULTURAL EN ECUADOR EN TIEMPOS DE LA COVID-19\u201d Y LIBRO DESCARGABLE DEL V CONGRESO ECUATORIANO DE GESTI\u00d3N CULTURAL\" class=\"read-more\" href=\"https:\/\/www.uea.edu.ec\/web\/v1\/?p=10719\" aria-label=\"M\u00e1s en MESA REDONDA \u201cGESTI\u00d3N CULTURAL EN ECUADOR EN TIEMPOS DE LA COVID-19\u201d Y LIBRO DESCARGABLE DEL V CONGRESO ECUATORIANO DE GESTI\u00d3N CULTURAL\">Leer m\u00e1s<\/a><\/p>\n","protected":false},"author":8,"featured_media":10722,"comment_status":"closed","ping_status":"closed","sticky":false,"template":"","format":"standard","meta":{"om_disable_all_campaigns":false,"_monsterinsights_skip_tracking":false,"_monsterinsights_sitenote_active":false,"_monsterinsights_sitenote_note":"","_monsterinsights_sitenote_category":0,"generate_page_header":"","footnotes":""},"categories":[1],"tags":[],"class_list":["post-10719","post","type-post","status-publish","format-standard","has-post-thumbnail","hentry","category-sin-categoria"],"aioseo_notices":[],"_links":{"self":[{"href":"https:\/\/www.uea.edu.ec\/web\/v1\/index.php?rest_route=\/wp\/v2\/posts\/10719"}],"collection":[{"href":"https:\/\/www.uea.edu.ec\/web\/v1\/index.php?rest_route=\/wp\/v2\/posts"}],"about":[{"href":"https:\/\/www.uea.edu.ec\/web\/v1\/index.php?rest_route=\/wp\/v2\/types\/post"}],"author":[{"embeddable":true,"href":"https:\/\/www.uea.edu.ec\/web\/v1\/index.php?rest_route=\/wp\/v2\/users\/8"}],"replies":[{"embeddable":true,"href":"https:\/\/www.uea.edu.ec\/web\/v1\/index.php?rest_route=%2Fwp%2Fv2%2Fcomments&post=10719"}],"version-history":[{"count":2,"href":"https:\/\/www.uea.edu.ec\/web\/v1\/index.php?rest_route=\/wp\/v2\/posts\/10719\/revisions"}],"predecessor-version":[{"id":10723,"href":"https:\/\/www.uea.edu.ec\/web\/v1\/index.php?rest_route=\/wp\/v2\/posts\/10719\/revisions\/10723"}],"wp:featuredmedia":[{"embeddable":true,"href":"https:\/\/www.uea.edu.ec\/web\/v1\/index.php?rest_route=\/wp\/v2\/media\/10722"}],"wp:attachment":[{"href":"https:\/\/www.uea.edu.ec\/web\/v1\/index.php?rest_route=%2Fwp%2Fv2%2Fmedia&parent=10719"}],"wp:term":[{"taxonomy":"category","embeddable":true,"href":"https:\/\/www.uea.edu.ec\/web\/v1\/index.php?rest_route=%2Fwp%2Fv2%2Fcategories&post=10719"},{"taxonomy":"post_tag","embeddable":true,"href":"https:\/\/www.uea.edu.ec\/web\/v1\/index.php?rest_route=%2Fwp%2Fv2%2Ftags&post=10719"}],"curies":[{"name":"wp","href":"https:\/\/api.w.org\/{rel}","templated":true}]}}