{"id":11821,"date":"2021-03-31T09:59:11","date_gmt":"2021-03-31T14:59:11","guid":{"rendered":"https:\/\/www.uea.edu.ec\/?p=11821"},"modified":"2022-01-21T15:51:22","modified_gmt":"2022-01-21T20:51:22","slug":"uea-camina-hacia-la-excelencia","status":"publish","type":"post","link":"https:\/\/www.uea.edu.ec\/web\/v1\/?p=11821","title":{"rendered":"UEA CAMINA HACIA LA EXCELENCIA"},"content":{"rendered":"<section class=\"wpb-content-wrapper\">[vc_row][vc_column][vc_column_text css_animation=&#8221;appear&#8221;]<p><\/p>\n<p style=\"text-align: justify;\"><strong>La Universidad Estatal Amaz\u00f3nica posesion\u00f3 a sus nuevas autoridades para el per\u00edodo 2021-2026<\/strong>\u00a0<\/p>\n<p style=\"text-align: justify;\"><\/p>\n<p style=\"text-align: justify;\"><\/p>\n<p style=\"text-align: justify;\">\u201cQuiero expresar mi gratitud a toda la comunidad universitaria que me conf\u00eda hoy la rector\u00eda de mi querida Universidad Estatal Amaz\u00f3nica (UEA), para el per\u00edodo 2021-2026\u201d, fueron las primeras palabras del Dr. David Sancho, durante la sesi\u00f3n extraordinaria de Consejo Universitario, realizada este 29 de marzo, para la posesi\u00f3n de las nuevas autoridades.\u00a0\u00a0<\/p>\n<p style=\"text-align: justify;\"><\/p>\n<p style=\"text-align: justify;\"><\/p>\n<p style=\"text-align: justify;\">En la sesi\u00f3n se oficializ\u00f3 en sus nuevos cargos para un per\u00edodo de cinco a\u00f1os al Dr. David Sancho, rector; Dra. Esthela San Andr\u00e9s, vicerrectora acad\u00e9mica; y, Dr. Carlos Manosalvas, vicerrector administrativo.\u00a0\u00a0<\/p>\n<p style=\"text-align: justify;\"><\/p>\n<p style=\"text-align: justify;\"><\/p>\n<p style=\"text-align: justify;\">Dentro del evento, que se desarroll\u00f3 en el Auditorio Principal y que cont\u00f3 con todas las medidas de bioseguridad, estuvieron presentes varias autoridades seccionales de la provincia, representantes de organismos universitarios nacionales, entre otros invitados, algunos de forma presencial y otros a trav\u00e9s de canales virtuales.\u00a0\u00a0\u00a0\u00a0\u00a0<\/p>\n<p style=\"text-align: justify;\"><\/p>\n<p style=\"text-align: justify;\"><\/p>\n<p style=\"text-align: justify;\">El Dr. Sancho, quien sucede a la Dra. Ruth Arias, tras haber triunfado en las elecciones del pasado 26 de febrero con m\u00e1s del 87% de respaldo, se\u00f1al\u00f3 que le llena de alegr\u00eda saber que su propuesta <em>\u201c<\/em><em>Amazonia y ciencia para un futuro de excelencia<\/em><em>\u201d<\/em> fue acogida por la mayor parte de los estamentos del alma m\u00e1ter.\u00a0\u00a0<\/p>\n<p style=\"text-align: justify;\"><\/p>\n<p style=\"text-align: justify;\"><\/p>\n<p style=\"text-align: justify;\">El rector destac\u00f3 que todo el apoyo recibido lo compromete a trabajar con esmero, responsabilidad y honestidad con el prop\u00f3sito de aportar para el desarrollo y engrandecimiento de la universidad.\u00a0\u00a0<\/p>\n<p style=\"text-align: justify;\"><\/p>\n<p style=\"text-align: justify;\"><\/p>\n<p style=\"text-align: justify;\">\u201cEs el momento de que la UEA, aprendiendo de sus errores, d\u00e9 un paso hacia el futuro, \u00a1hacia la excelencia! Nuestro reto es fortalecer las funciones sustantivas de la universidad\u201d, manifest\u00f3.\u00a0\u00a0<\/p>\n<p style=\"text-align: justify;\"><\/p>\n<p style=\"text-align: justify;\"><\/p>\n<figure class=\"wp-block-image size-large\" style=\"text-align: justify;\"><img fetchpriority=\"high\" decoding=\"async\" width=\"1024\" height=\"482\" class=\"wp-image-11826\" src=\"https:\/\/www.uea.edu.ec\/wp-content\/uploads\/2021\/03\/Posesion2_2021-1024x482.jpg\" alt=\"\" srcset=\"https:\/\/www.uea.edu.ec\/web\/v1\/wp-content\/uploads\/2021\/03\/Posesion2_2021-1024x482.jpg 1024w, https:\/\/www.uea.edu.ec\/web\/v1\/wp-content\/uploads\/2021\/03\/Posesion2_2021-300x141.jpg 300w, https:\/\/www.uea.edu.ec\/web\/v1\/wp-content\/uploads\/2021\/03\/Posesion2_2021-768x362.jpg 768w, https:\/\/www.uea.edu.ec\/web\/v1\/wp-content\/uploads\/2021\/03\/Posesion2_2021-1536x723.jpg 1536w, https:\/\/www.uea.edu.ec\/web\/v1\/wp-content\/uploads\/2021\/03\/Posesion2_2021.jpg 2048w\" sizes=\"(max-width: 1024px) 100vw, 1024px\" \/><\/figure>\n<p style=\"text-align: justify;\"><\/p>\n<p style=\"text-align: justify;\"><\/p>\n<p style=\"text-align: justify;\">De su lado, la Dra. Esthela San Andr\u00e9s, vicerrectora acad\u00e9mica, se mostr\u00f3 complacida, pues se\u00f1al\u00f3 que este paso marca un hito especial en su vida profesional. Enfatiz\u00f3 con seguridad, que el lugar que hoy asume con responsabilidad se convertir\u00e1 en el coraz\u00f3n de la planificaci\u00f3n, coordinaci\u00f3n y ejecuci\u00f3n de los grandes flujos del conocimiento.\u00a0\u00a0<\/p>\n<p style=\"text-align: justify;\"><\/p>\n<p style=\"text-align: justify;\"><\/p>\n<p style=\"text-align: justify;\">La autoridad acad\u00e9mica a\u00f1adi\u00f3 que la universidad establecer\u00e1 sus esfuerzos para llevar a cabo cambios en diversos aspectos de la sociedad y, \u201cen ese contexto, esta instituci\u00f3n debe, principalmente con sus estudiantes e investigadores, convertirse en el ente generador de esos cambios profundos\u201d.\u00a0\u00a0<\/p>\n<p style=\"text-align: justify;\"><\/p>\n<p style=\"text-align: justify;\"><\/p>\n<p style=\"text-align: justify;\">El nuevo vicerrector administrativo, Dr. Carlos Manosalvas, tambi\u00e9n se dirigi\u00f3 a la audiencia, agradeciendo a toda la comunidad universitaria por el respaldo mostrado.\u00a0\u00a0<\/p>\n<p style=\"text-align: justify;\"><\/p>\n<p style=\"text-align: justify;\"><\/p>\n<p style=\"text-align: justify;\">De esta forma, la UEA cuenta con nuevos directivos comprometidos con la calidad de la educaci\u00f3n superior de la Regi\u00f3n Amaz\u00f3nica y el pa\u00eds.\u00a0\u00a0<\/p>\n<p><\/p>[\/vc_column_text][\/vc_column][\/vc_row]<\/section>","protected":false},"excerpt":{"rendered":"<p>[vc_row][vc_column][vc_column_text css_animation=&#8221;appear&#8221;] La Universidad Estatal Amaz\u00f3nica posesion\u00f3 a sus nuevas autoridades para el per\u00edodo 2021-2026\u00a0 \u201cQuiero expresar mi gratitud a toda la comunidad universitaria que me conf\u00eda hoy la rector\u00eda de mi querida Universidad Estatal Amaz\u00f3nica (UEA), para el per\u00edodo 2021-2026\u201d, fueron las primeras palabras del Dr. David Sancho, durante la sesi\u00f3n extraordinaria de Consejo &#8230; <a title=\"UEA CAMINA HACIA LA EXCELENCIA\" class=\"read-more\" href=\"https:\/\/www.uea.edu.ec\/web\/v1\/?p=11821\" aria-label=\"M\u00e1s en UEA CAMINA HACIA LA EXCELENCIA\">Leer m\u00e1s<\/a><\/p>\n","protected":false},"author":8,"featured_media":11822,"comment_status":"closed","ping_status":"closed","sticky":false,"template":"","format":"standard","meta":{"om_disable_all_campaigns":false,"_monsterinsights_skip_tracking":false,"_monsterinsights_sitenote_active":false,"_monsterinsights_sitenote_note":"","_monsterinsights_sitenote_category":0,"generate_page_header":"","footnotes":""},"categories":[1],"tags":[],"class_list":["post-11821","post","type-post","status-publish","format-standard","has-post-thumbnail","hentry","category-sin-categoria"],"aioseo_notices":[],"_links":{"self":[{"href":"https:\/\/www.uea.edu.ec\/web\/v1\/index.php?rest_route=\/wp\/v2\/posts\/11821"}],"collection":[{"href":"https:\/\/www.uea.edu.ec\/web\/v1\/index.php?rest_route=\/wp\/v2\/posts"}],"about":[{"href":"https:\/\/www.uea.edu.ec\/web\/v1\/index.php?rest_route=\/wp\/v2\/types\/post"}],"author":[{"embeddable":true,"href":"https:\/\/www.uea.edu.ec\/web\/v1\/index.php?rest_route=\/wp\/v2\/users\/8"}],"replies":[{"embeddable":true,"href":"https:\/\/www.uea.edu.ec\/web\/v1\/index.php?rest_route=%2Fwp%2Fv2%2Fcomments&post=11821"}],"version-history":[{"count":6,"href":"https:\/\/www.uea.edu.ec\/web\/v1\/index.php?rest_route=\/wp\/v2\/posts\/11821\/revisions"}],"predecessor-version":[{"id":11829,"href":"https:\/\/www.uea.edu.ec\/web\/v1\/index.php?rest_route=\/wp\/v2\/posts\/11821\/revisions\/11829"}],"wp:featuredmedia":[{"embeddable":true,"href":"https:\/\/www.uea.edu.ec\/web\/v1\/index.php?rest_route=\/wp\/v2\/media\/11822"}],"wp:attachment":[{"href":"https:\/\/www.uea.edu.ec\/web\/v1\/index.php?rest_route=%2Fwp%2Fv2%2Fmedia&parent=11821"}],"wp:term":[{"taxonomy":"category","embeddable":true,"href":"https:\/\/www.uea.edu.ec\/web\/v1\/index.php?rest_route=%2Fwp%2Fv2%2Fcategories&post=11821"},{"taxonomy":"post_tag","embeddable":true,"href":"https:\/\/www.uea.edu.ec\/web\/v1\/index.php?rest_route=%2Fwp%2Fv2%2Ftags&post=11821"}],"curies":[{"name":"wp","href":"https:\/\/api.w.org\/{rel}","templated":true}]}}