{"id":12430,"date":"2021-05-31T14:32:13","date_gmt":"2021-05-31T19:32:13","guid":{"rendered":"https:\/\/www.uea.edu.ec\/?p=12430"},"modified":"2022-01-21T15:51:21","modified_gmt":"2022-01-21T20:51:21","slug":"uea-rindio-cuentas-sobre-la-gestion-institucional-del-periodo-2020","status":"publish","type":"post","link":"https:\/\/www.uea.edu.ec\/web\/v1\/?p=12430","title":{"rendered":"M\u00c1S DE 250 INSCRITOS PARTICIPAR\u00c1N EN LA II CONVENCI\u00d3N CIENT\u00cdFICA INTERNACIONAL DE LA UEA"},"content":{"rendered":"<section class=\"wpb-content-wrapper\"><p>[vc_row][vc_column][vc_column_text]<\/p>\n<p style=\"text-align: justify;\">Fortalecer las actividades cient\u00edficas orientadas al progreso sustentable de la Regi\u00f3n Amaz\u00f3nica Ecuatoriana mediante un enfoque hol\u00edstico para redefinir la investigaci\u00f3n, la educaci\u00f3n y la vinculaci\u00f3n con la sociedad, es el punto de partida de la II Convenci\u00f3n Cient\u00edfica Internacional UEA 2021, que se desarrollar\u00e1 del 02 al 4 de junio del a\u00f1o en curso.<\/p>\n<p style=\"text-align: justify;\">El evento marca el renovado rumbo de la instituci\u00f3n, encabezado por el Dr. David Sancho Aguilera, en calidad de rector, hacia el desarrollo, innovaci\u00f3n e implementaci\u00f3n de poyectos de capacitaci\u00f3n para el cumplimiento de acciones de intercambio y proyecci\u00f3n internacional, inscritas en los planes de desarrollo institucional 2021-2026.<\/p>\n<p style=\"text-align: justify;\">Este espacio virtual de reflexi\u00f3n y debate acad\u00e9mico, organizado por la Universidad Estatal Amaz\u00f3nica en coordinaci\u00f3n con el Decanato de Investigaci\u00f3n y la Facultad de Ciencias de la Vida, integra tres congresos en \u00e1reas de Interculturalidad, Saberes Ancestrales y Gesti\u00f3n del Conocimiento; Turismo Urbano, Patrimonio y Desarrollo Territorial y; Gesti\u00f3n Ambiental y Conservaci\u00f3n de la Biodiversidad.<\/p>\n<p style=\"text-align: justify;\">La segunda edici\u00f3n contar\u00e1 con la participaci\u00f3n de m\u00e1s de 70 profesionales nacionales e internacionales de: Espa\u00f1a, M\u00e9xico, Argentina, Bolivia, Ecuador, Finlandia, Per\u00fa, Brasil, Cuba, Francia, Venezuela, Estados Unidos, Colombia, quienes, a trav\u00e9s de 18 conferencias magistrales y 78 ponencias, visibilizar\u00e1n las l\u00edneas de investigaci\u00f3n y los proyectos que realizan desde una perspectiva interdisciplinar.<\/p>\n<p style=\"text-align: justify;\">A la par, los 250 inscritos, entre profesionales y estudiantes, inmersos en proyectos, necesidades y perspectivas sociales, compartir\u00e1n durante 5 d\u00edas un panel de an\u00e1lisis y discusi\u00f3n de soluciones a problemas sostenibles junto a expertos de 47 instituciones aliadas.<\/p>\n<p style=\"text-align: justify;\">Desde la amazon\u00eda ecuatoriana, esta casa de estudios superiores presenta una jornada cient\u00edfica internacional, bajo la modalidad en l\u00ednea, para el enriquecimiento de este inmenso territorio con el resto del pa\u00eds y el mundo y, as\u00ed poder consolidar relaciones y estructurar propuestas significativas y sostenibles con el entorno a largo plazo.<\/p>\n<p style=\"text-align: justify;\"><strong>TOME NOTA<\/strong><\/p>\n<ul>\n<li style=\"text-align: justify;\">La II Convenci\u00f3n Cient\u00edfica Internacional UEA 2021 se desarrollar\u00e1 mediante la plataforma virtual Zoom.<\/li>\n<li style=\"text-align: justify;\">Los actos de inauguraci\u00f3n y de clausura ser\u00e1n transmitidos por la cuenta de Facebook @ueaeduec, en ellos, se presentar\u00e1n varias conferencias magistrales.<\/li>\n<li style=\"text-align: justify;\">Visite la p\u00e1gina web:<a href=\"https:\/\/www.uea.edu.ec\/convencion2021\/\" target=\"_blank\" rel=\"noopener noreferrer\"><span style=\"color: #0000ff;\"> https:\/\/www.uea.edu.ec\/convencion2021\/<\/span><\/a> y nuestra cuenta oficial de Facebook: @ueaeduec, para conocer las agendas y las URL de las salas Zoom de ingreso al evento.<\/li>\n<li style=\"text-align: justify;\">El acceso a las conferencias y ponencias es gratuito. Los participantes interesados en obtener el certificado de participaci\u00f3n deber\u00e1n pagar la suma de $10 d\u00f3lares (estudiantes) y $30 d\u00f3lares (profesionales).<\/li>\n<\/ul>\n<table style=\"width: 100%;\">\n<tbody>\n<tr>\n<td style=\"width: 24.937%;\"><strong>CONGRESO<\/strong><\/td>\n<td style=\"width: 24.937%;\"><strong>FEHA<\/strong><\/td>\n<td style=\"width: 20.8564%;\"><strong>HORA<\/strong><\/td>\n<td style=\"width: 29.1184%;\"><strong>LINK DE ACCESO E ID<\/strong><\/td>\n<\/tr>\n<tr>\n<td style=\"width: 24.937%;\"><span style=\"font-size: 10pt;\">I Congreso de Gesti\u00f3n Ambiental y Conservaci\u00f3n de la Biodiversidad.<\/span><\/td>\n<td style=\"width: 24.937%;\"><span style=\"font-size: 10pt;\">2 DE JUNIO<\/span><\/td>\n<td style=\"width: 20.8564%;\"><span style=\"font-size: 10pt;\">13H00 &#8211; 17H10<\/span><\/td>\n<td style=\"width: 29.1184%;\"><span style=\"font-size: 10pt;\">URL: <span style=\"color: #0000ff;\"><a style=\"color: #0000ff;\" href=\"https:\/\/cedia.zoom.us\/j\/86279201618\" target=\"_blank\" rel=\"noopener noreferrer\">https:\/\/cedia.zoom.us\/j\/86279201618<\/a><\/span><\/span><\/p>\n<p><span style=\"font-size: 10pt;\">ID de reuni\u00f3n: 862 7920 1618<\/span><\/td>\n<\/tr>\n<tr>\n<td style=\"width: 24.937%;\"><span style=\"font-size: 10pt;\">I Congreso de Gesti\u00f3n Ambiental y Conservaci\u00f3n de la Biodiversidad.<\/span><\/td>\n<td style=\"width: 24.937%;\"><span style=\"font-size: 10pt;\">2 DE JUNIO<\/span><\/td>\n<td style=\"width: 20.8564%;\"><span style=\"font-size: 10pt;\">14H00 &#8211; 17H10<\/span><\/td>\n<td style=\"width: 29.1184%;\"><span style=\"font-size: 10pt;\">URL: <span style=\"color: #0000ff;\"><a style=\"color: #0000ff;\" href=\"https:\/\/cedia.zoom.us\/j\/89731452292\" target=\"_blank\" rel=\"noopener noreferrer\">https:\/\/cedia.zoom.us\/j\/89731452292<\/a><\/span><\/span><\/p>\n<p><span style=\"font-size: 10pt;\">ID de reuni\u00f3n: 897 3145 2292<\/span><\/td>\n<\/tr>\n<tr>\n<td style=\"width: 24.937%;\"><span style=\"font-size: 10pt;\">I Congreso de Gesti\u00f3n Ambiental y Conservaci\u00f3n de la Biodiversidad.<\/span><\/td>\n<td style=\"width: 24.937%;\"><span style=\"font-size: 10pt;\">3 DE JUNIO<\/span><\/td>\n<td style=\"width: 20.8564%;\"><span style=\"font-size: 10pt;\">08H30 &#8211; 12H10<\/span><\/td>\n<td style=\"width: 29.1184%;\"><span style=\"font-size: 10pt;\">URL: <span style=\"color: #0000ff;\"><a style=\"color: #0000ff;\" href=\"https:\/\/cedia.zoom.us\/j\/87210946177\" target=\"_blank\" rel=\"noopener noreferrer\">https:\/\/cedia.zoom.us\/j\/87210946177<\/a> <\/span><\/span><\/p>\n<p><span style=\"font-size: 10pt;\">ID de reuni\u00f3n: 872 1094 6177<\/span><\/td>\n<\/tr>\n<tr>\n<td style=\"width: 24.937%;\"><span style=\"font-size: 10pt;\">I Congreso de Gesti\u00f3n Ambiental y Conservaci\u00f3n de la Biodiversidad.<\/span><\/td>\n<td style=\"width: 24.937%;\"><span style=\"font-size: 10pt;\">3 DE JUNIO<\/span><\/td>\n<td style=\"width: 20.8564%;\"><span style=\"font-size: 10pt;\">09H30 &#8211; 12H10<\/span><\/td>\n<td style=\"width: 29.1184%;\"><span style=\"color: #0000ff; font-size: 10pt;\"><span style=\"color: #333333;\">URL:<\/span> <a style=\"color: #0000ff;\" href=\"https:\/\/cedia.zoom.us\/j\/84524467191\" target=\"_blank\" rel=\"noopener noreferrer\">https:\/\/cedia.zoom.us\/j\/84524467191<\/a><\/span><\/p>\n<p><span style=\"font-size: 10pt;\">ID de reuni\u00f3n: 845 2446 7191<\/span><\/td>\n<\/tr>\n<tr>\n<td style=\"width: 24.937%;\"><span style=\"font-size: 10pt;\">I Congreso de Gesti\u00f3n Ambiental y Conservaci\u00f3n de la Biodiversidad.<\/span><\/td>\n<td style=\"width: 24.937%;\"><span style=\"font-size: 10pt;\">3 DE JUNIO<\/span><\/td>\n<td style=\"width: 20.8564%;\"><span style=\"font-size: 10pt;\">13H00 &#8211; 17H10<\/span><\/td>\n<td style=\"width: 29.1184%;\"><span style=\"font-size: 10pt;\">URL: <span style=\"color: #0000ff;\"><a style=\"color: #0000ff;\" href=\"https:\/\/cedia.zoom.us\/j\/83348135663\" target=\"_blank\" rel=\"noopener noreferrer\">https:\/\/cedia.zoom.us\/j\/83348135663<\/a><\/span><\/span><\/p>\n<p><span style=\"font-size: 10pt;\">ID de reuni\u00f3n: 833 4813 5663<\/span><\/td>\n<\/tr>\n<tr>\n<td style=\"width: 24.937%;\"><span style=\"font-size: 10pt;\">I Congreso de Gesti\u00f3n Ambiental y Conservaci\u00f3n de la Biodiversidad.<\/span><\/td>\n<td style=\"width: 24.937%;\"><span style=\"font-size: 10pt;\">3 DE JUNIO<\/span><\/td>\n<td style=\"width: 20.8564%;\"><span style=\"font-size: 10pt;\">14H00 &#8211; 17H10<\/span><\/td>\n<td style=\"width: 29.1184%;\"><span style=\"font-size: 10pt;\">URL: <span style=\"color: #0000ff;\"><a style=\"color: #0000ff;\" href=\"https:\/\/cedia.zoom.us\/j\/84703723424\" target=\"_blank\" rel=\"noopener noreferrer\">https:\/\/cedia.zoom.us\/j\/84703723424<\/a><\/span><\/span><\/p>\n<p><span style=\"font-size: 10pt;\">ID de reuni\u00f3n: 847 0372 3424<\/span><\/td>\n<\/tr>\n<tr>\n<td style=\"width: 24.937%;\"><span style=\"font-size: 10pt;\">I Congreso de Gesti\u00f3n Ambiental y Conservaci\u00f3n de la Biodiversidad.<\/span><\/td>\n<td style=\"width: 24.937%;\"><span style=\"font-size: 10pt;\">4 DE JUNIO<\/span><\/td>\n<td style=\"width: 20.8564%;\"><span style=\"font-size: 10pt;\">08H30 &#8211; 13H20<\/span><\/td>\n<td style=\"width: 29.1184%;\"><span style=\"font-size: 10pt;\">URL: <span style=\"color: #0000ff;\"><a style=\"color: #0000ff;\" href=\"https:\/\/cedia.zoom.us\/j\/89540775664\" target=\"_blank\" rel=\"noopener noreferrer\">https:\/\/cedia.zoom.us\/j\/89540775664<\/a><\/span><\/span><\/p>\n<p><span style=\"font-size: 10pt;\">ID de reuni\u00f3n: 895 4077 5664<\/span><\/td>\n<\/tr>\n<tr>\n<td style=\"width: 24.937%;\"><span style=\"font-size: 10pt;\">I Congreso de Turismo Urbano, Patrimonio y Desarrollo Territorial.<\/span><\/td>\n<td style=\"width: 24.937%;\"><span style=\"font-size: 10pt;\">2 DE JUNIO<\/span><\/td>\n<td style=\"width: 20.8564%;\"><span style=\"font-size: 10pt;\">12H00 &#8211; 18H00<\/span><\/td>\n<td style=\"width: 29.1184%;\"><span style=\"font-size: 10pt;\">URL:<a href=\"https:\/\/cedia.zoom.us\/j\/89741690556\" target=\"_blank\" rel=\"noopener noreferrer\"><span style=\"color: #0000ff;\"> https:\/\/cedia.zoom.us\/j\/89741690556<\/span><\/a><\/span><\/p>\n<p><span style=\"font-size: 10pt;\">ID de reuni\u00f3n: 897 4169 0556<\/span><\/td>\n<\/tr>\n<tr>\n<td style=\"width: 24.937%;\"><span style=\"font-size: 10pt;\">I Congreso de Turismo Urbano, Patrimonio y Desarrollo Territorial.<\/span><\/td>\n<td style=\"width: 24.937%;\"><span style=\"font-size: 10pt;\">3 DE JUNIO<\/span><\/td>\n<td style=\"width: 20.8564%;\"><span style=\"font-size: 10pt;\">09H00 &#8211; 13H30<\/span><\/td>\n<td style=\"width: 29.1184%;\"><span style=\"font-size: 10pt;\">URL: <span style=\"color: #0000ff;\"><a style=\"color: #0000ff;\" href=\"https:\/\/cedia.zoom.us\/j\/86713040336\" target=\"_blank\" rel=\"noopener noreferrer\">https:\/\/cedia.zoom.us\/j\/86713040336<\/a><\/span><\/span><\/p>\n<p><span style=\"font-size: 10pt;\">ID de reuni\u00f3n: 867 1304 0336<\/span><\/td>\n<\/tr>\n<tr>\n<td style=\"width: 24.937%;\"><span style=\"font-size: 10pt;\">I Congreso de Turismo Urbano, Patrimonio y Desarrollo Territorial.<\/span><\/td>\n<td style=\"width: 24.937%;\"><span style=\"font-size: 10pt;\">3 DE JUNIO<\/span><\/td>\n<td style=\"width: 20.8564%;\"><span style=\"font-size: 10pt;\">14H50 &#8211; 17H00<\/span><\/td>\n<td style=\"width: 29.1184%;\"><span style=\"font-size: 10pt;\">URL:<span style=\"color: #0000ff;\"> <a style=\"color: #0000ff;\" href=\"https:\/\/cedia.zoom.us\/j\/82062366896\" target=\"_blank\" rel=\"noopener noreferrer\">https:\/\/cedia.zoom.us\/j\/82062366896<\/a><\/span><\/span><\/p>\n<p><span style=\"font-size: 10pt;\">ID de reuni\u00f3n: 820 6236 6896<\/span><\/td>\n<\/tr>\n<tr>\n<td style=\"width: 24.937%;\"><span style=\"font-size: 10pt;\">I Congreso de Turismo Urbano, Patrimonio y Desarrollo Territorial.<\/span><\/td>\n<td style=\"width: 24.937%;\"><span style=\"font-size: 10pt;\">4 DE JUNIO<\/span><\/td>\n<td style=\"width: 20.8564%;\"><span style=\"font-size: 10pt;\">09H00 &#8211; 12H30<\/span><\/td>\n<td style=\"width: 29.1184%;\"><span style=\"font-size: 10pt;\">URL:<span style=\"color: #0000ff;\"><a style=\"color: #0000ff;\" href=\"https:\/\/cedia.zoom.us\/j\/84770042616\" target=\"_blank\" rel=\"noopener noreferrer\"> https:\/\/cedia.zoom.us\/j\/84770042616<\/a><\/span><\/span><\/p>\n<p><span style=\"font-size: 10pt;\">ID de reuni\u00f3n: 847 7004 2616<\/span><\/td>\n<\/tr>\n<tr>\n<td style=\"width: 24.937%;\"><span style=\"font-size: 10pt;\">I Congreso de Plurinacionalidad, Saberes Ancestrales y Gesti\u00f3n del Conocimiento.<\/span><\/td>\n<td style=\"width: 24.937%;\"><span style=\"font-size: 10pt;\">2 DE JUNIO<\/span><\/td>\n<td style=\"width: 20.8564%;\"><span style=\"font-size: 10pt;\">13H00 &#8211; 17H15<\/span><\/td>\n<td style=\"width: 29.1184%;\"><span style=\"font-size: 10pt;\">URL: <span style=\"color: #0000ff;\"><a style=\"color: #0000ff;\" href=\"https:\/\/cedia.zoom.us\/j\/82262171904\" target=\"_blank\" rel=\"noopener noreferrer\">https:\/\/cedia.zoom.us\/j\/82262171904<\/a> <\/span><\/span><\/p>\n<p><span style=\"font-size: 10pt;\">ID de reuni\u00f3n: 822 6217 1904<\/span><\/td>\n<\/tr>\n<tr>\n<td style=\"width: 24.937%;\"><span style=\"font-size: 10pt;\">I Congreso de Plurinacionalidad, Saberes Ancestrales y Gesti\u00f3n del Conocimiento.<\/span><\/td>\n<td style=\"width: 24.937%;\"><span style=\"font-size: 10pt;\">3 DE JUNIO<\/span><\/td>\n<td style=\"width: 20.8564%;\"><span style=\"font-size: 10pt;\">09H00 &#8211; 12H00<\/span><\/td>\n<td style=\"width: 29.1184%;\"><span style=\"font-size: 10pt;\">URL: <span style=\"color: #0000ff;\"><a style=\"color: #0000ff;\" href=\"https:\/\/cedia.zoom.us\/j\/88440580452\" target=\"_blank\" rel=\"noopener noreferrer\">https:\/\/cedia.zoom.us\/j\/88440580452<\/a><\/span><\/span><\/p>\n<p><span style=\"font-size: 10pt;\">ID de reuni\u00f3n: 884 4058 0452<\/span><\/td>\n<\/tr>\n<tr>\n<td style=\"width: 24.937%;\"><span style=\"font-size: 10pt;\">I Congreso de Plurinacionalidad, Saberes Ancestrales y Gesti\u00f3n del Conocimiento.<\/span><\/td>\n<td style=\"width: 24.937%;\"><span style=\"font-size: 10pt;\">3 DE JUNIO<\/span><\/td>\n<td style=\"width: 20.8564%;\"><span style=\"font-size: 10pt;\">10H00 &#8211; 11H30<\/span><\/td>\n<td style=\"width: 29.1184%;\"><span style=\"font-size: 10pt;\">URL: <span style=\"color: #0000ff;\"><a style=\"color: #0000ff;\" href=\"https:\/\/cedia.zoom.us\/j\/86386772905\" target=\"_blank\" rel=\"noopener noreferrer\">https:\/\/cedia.zoom.us\/j\/86386772905<\/a> <\/span><\/span><\/p>\n<p><span style=\"font-size: 10pt;\">ID de reuni\u00f3n: 863 8677 2905<\/span><\/td>\n<\/tr>\n<tr>\n<td style=\"width: 24.937%;\"><span style=\"font-size: 10pt;\">I Congreso de Plurinacionalidad, Saberes Ancestrales y Gesti\u00f3n del Conocimiento.<\/span><\/td>\n<td style=\"width: 24.937%;\"><span style=\"font-size: 10pt;\">3 DE JUNIO<\/span><\/td>\n<td style=\"width: 20.8564%;\"><span style=\"font-size: 10pt;\">13H30 &#8211; 16H45<\/span><\/td>\n<td style=\"width: 29.1184%;\"><span style=\"font-size: 10pt;\">URL: <span style=\"color: #0000ff;\"><a style=\"color: #0000ff;\" href=\"https:\/\/cedia.zoom.us\/j\/86295617856\" target=\"_blank\" rel=\"noopener noreferrer\">https:\/\/cedia.zoom.us\/j\/86295617856<\/a><\/span><\/span><\/p>\n<p><span style=\"font-size: 10pt;\">ID de reuni\u00f3n: 862 9561 7856<\/span><\/td>\n<\/tr>\n<tr>\n<td style=\"width: 24.937%;\"><span style=\"font-size: 10pt;\">I Congreso de Plurinacionalidad, Saberes Ancestrales y Gesti\u00f3n del Conocimiento.<\/span><\/td>\n<td style=\"width: 24.937%;\"><span style=\"font-size: 10pt;\">4 DE JUNIO<\/span><\/td>\n<td style=\"width: 20.8564%;\"><span style=\"font-size: 10pt;\">09H00 &#8211; 12H15<\/span><\/td>\n<td style=\"width: 29.1184%;\"><span style=\"font-size: 10pt;\">URL: <a href=\"https:\/\/cedia.zoom.us\/j\/88660110090\" target=\"_blank\" rel=\"noopener noreferrer\"><span style=\"color: #0000ff;\">https:\/\/cedia.zoom.us\/j\/88660110090<\/span><\/a><\/span><\/p>\n<p><span style=\"font-size: 10pt;\">ID de reuni\u00f3n: 886 6011 0090<\/span><\/td>\n<\/tr>\n<\/tbody>\n<\/table>\n<p><strong>RELACIONES P\u00daBLICAS UEA<\/strong>[\/vc_column_text][\/vc_column][\/vc_row]<\/p>\n<\/section>","protected":false},"excerpt":{"rendered":"<p>[vc_row][vc_column][vc_column_text] Fortalecer las actividades cient\u00edficas orientadas al progreso sustentable de la Regi\u00f3n Amaz\u00f3nica Ecuatoriana mediante un enfoque hol\u00edstico para redefinir la investigaci\u00f3n, la educaci\u00f3n y la vinculaci\u00f3n con la sociedad, es el punto de partida de la II Convenci\u00f3n Cient\u00edfica Internacional UEA 2021, que se desarrollar\u00e1 del 02 al 4 de junio del a\u00f1o en &#8230; <a title=\"M\u00c1S DE 250 INSCRITOS PARTICIPAR\u00c1N EN LA II CONVENCI\u00d3N CIENT\u00cdFICA INTERNACIONAL DE LA UEA\" class=\"read-more\" href=\"https:\/\/www.uea.edu.ec\/web\/v1\/?p=12430\" aria-label=\"M\u00e1s en M\u00c1S DE 250 INSCRITOS PARTICIPAR\u00c1N EN LA II CONVENCI\u00d3N CIENT\u00cdFICA INTERNACIONAL DE LA UEA\">Leer m\u00e1s<\/a><\/p>\n","protected":false},"author":8,"featured_media":12441,"comment_status":"closed","ping_status":"closed","sticky":false,"template":"","format":"standard","meta":{"om_disable_all_campaigns":false,"_monsterinsights_skip_tracking":false,"_monsterinsights_sitenote_active":false,"_monsterinsights_sitenote_note":"","_monsterinsights_sitenote_category":0,"generate_page_header":"","footnotes":""},"categories":[1],"tags":[],"class_list":["post-12430","post","type-post","status-publish","format-standard","has-post-thumbnail","hentry","category-sin-categoria"],"aioseo_notices":[],"_links":{"self":[{"href":"https:\/\/www.uea.edu.ec\/web\/v1\/index.php?rest_route=\/wp\/v2\/posts\/12430"}],"collection":[{"href":"https:\/\/www.uea.edu.ec\/web\/v1\/index.php?rest_route=\/wp\/v2\/posts"}],"about":[{"href":"https:\/\/www.uea.edu.ec\/web\/v1\/index.php?rest_route=\/wp\/v2\/types\/post"}],"author":[{"embeddable":true,"href":"https:\/\/www.uea.edu.ec\/web\/v1\/index.php?rest_route=\/wp\/v2\/users\/8"}],"replies":[{"embeddable":true,"href":"https:\/\/www.uea.edu.ec\/web\/v1\/index.php?rest_route=%2Fwp%2Fv2%2Fcomments&post=12430"}],"version-history":[{"count":15,"href":"https:\/\/www.uea.edu.ec\/web\/v1\/index.php?rest_route=\/wp\/v2\/posts\/12430\/revisions"}],"predecessor-version":[{"id":12458,"href":"https:\/\/www.uea.edu.ec\/web\/v1\/index.php?rest_route=\/wp\/v2\/posts\/12430\/revisions\/12458"}],"wp:featuredmedia":[{"embeddable":true,"href":"https:\/\/www.uea.edu.ec\/web\/v1\/index.php?rest_route=\/wp\/v2\/media\/12441"}],"wp:attachment":[{"href":"https:\/\/www.uea.edu.ec\/web\/v1\/index.php?rest_route=%2Fwp%2Fv2%2Fmedia&parent=12430"}],"wp:term":[{"taxonomy":"category","embeddable":true,"href":"https:\/\/www.uea.edu.ec\/web\/v1\/index.php?rest_route=%2Fwp%2Fv2%2Fcategories&post=12430"},{"taxonomy":"post_tag","embeddable":true,"href":"https:\/\/www.uea.edu.ec\/web\/v1\/index.php?rest_route=%2Fwp%2Fv2%2Ftags&post=12430"}],"curies":[{"name":"wp","href":"https:\/\/api.w.org\/{rel}","templated":true}]}}