{"id":12646,"date":"2021-07-02T21:27:19","date_gmt":"2021-07-03T02:27:19","guid":{"rendered":"https:\/\/www.uea.edu.ec\/?p=12646"},"modified":"2022-01-21T15:51:21","modified_gmt":"2022-01-21T20:51:21","slug":"uea-apuesta-al-futuro-con-la-proyeccion-de-una-ciudad-universitaria-en-la-parroquia-fatima","status":"publish","type":"post","link":"https:\/\/www.uea.edu.ec\/web\/v1\/?p=12646","title":{"rendered":"UEA APUESTA AL FUTURO CON LA PROYECCI\u00d3N DE UNA CIUDAD UNIVERSITARIA EN LA PARROQUIA F\u00c1TIMA"},"content":{"rendered":"<section class=\"wpb-content-wrapper\">[vc_row][vc_column][vc_column_text]<p><\/p>\n<p><\/p>\n<p><\/p>\n<p style=\"text-align: justify;\"><strong><em>Se present\u00f3 al GAD Parroquial de F\u00e1tima la solicitud formal para la donaci\u00f3n de un terrero de 50 hect\u00e1reas para la ciudad universitaria.<\/em><\/strong><\/p>\n<p style=\"text-align: justify;\"><\/p>\n<p><\/p>\n<p style=\"text-align: justify;\"><\/p>\n<p><\/p>\n<p style=\"text-align: justify;\">Frente a la responsabilidad de hacer efectiva la presencia educativa de la Universidad Estatal Amaz\u00f3nica (UEA) en el contexto territorial, econ\u00f3mico, social y cultural, este viernes 2 de julio de 2021, el rector universitario, Dr. David Sancho Aguilera y los vicerrectores acad\u00e9mico y administrativo, visitaron las instalaciones del Gobierno Aut\u00f3nomo Descentralizado (GAD) Parroquial Rural de F\u00e1tima, presidido por el Ing. Daniel C\u00e1rdenas.<\/p>\n<p style=\"text-align: justify;\"><\/p>\n<p><\/p>\n<p style=\"text-align: justify;\">La cita fue el punto de partida para afianzar esfuerzos encaminados a la consolidaci\u00f3n de una ciudad universitaria en la parroquia F\u00e1tima, convirti\u00e9ndose en un proyecto operativo para el desarrollo institucional, regional y nacional, que forje una nueva historia en la educaci\u00f3n de la Amazon\u00eda, afrontando con \u00e9xito las demandas y oportunidades para el progreso inclusivo, libre e igualitario de la educaci\u00f3n superior.<\/p>\n<p style=\"text-align: justify;\"><\/p>\n<p><\/p>\n<p style=\"text-align: justify;\">En este primer encuentro, la UEA present\u00f3 una solicitud formal en presencia de los miembros del GAD Parroquial a fin de apelar la donaci\u00f3n de un terrero de 50 hect\u00e1reas en el km 6 \u00bd de la v\u00eda Puyo &#8211; Tena.<\/p>\n<p style=\"text-align: justify;\"><\/p>\n<p><\/p>\n<figure class=\"wp-block-image size-large\"><img fetchpriority=\"high\" decoding=\"async\" width=\"1024\" height=\"700\" class=\"wp-image-12664\" src=\"https:\/\/www.uea.edu.ec\/wp-content\/uploads\/2021\/07\/convenio2-2-1024x700.jpg\" alt=\"\" srcset=\"https:\/\/www.uea.edu.ec\/web\/v1\/wp-content\/uploads\/2021\/07\/convenio2-2-1024x700.jpg 1024w, https:\/\/www.uea.edu.ec\/web\/v1\/wp-content\/uploads\/2021\/07\/convenio2-2-300x205.jpg 300w, https:\/\/www.uea.edu.ec\/web\/v1\/wp-content\/uploads\/2021\/07\/convenio2-2-768x525.jpg 768w, https:\/\/www.uea.edu.ec\/web\/v1\/wp-content\/uploads\/2021\/07\/convenio2-2-1536x1051.jpg 1536w, https:\/\/www.uea.edu.ec\/web\/v1\/wp-content\/uploads\/2021\/07\/convenio2-2.jpg 1772w\" sizes=\"(max-width: 1024px) 100vw, 1024px\" \/><\/figure>\n<p><\/p>\n<p style=\"text-align: justify;\">De acuerdo al criterio del rector universitario, con este proyecto pionero en la regi\u00f3n amaz\u00f3nica, la instituci\u00f3n ofrecer\u00e1 oportunidades de desarrollo territorial como agente de cambio al recurso local a trav\u00e9s de la trasferencia de conocimiento y fortalecimiento de la econom\u00eda e instituciones sociales. \u00a0<\/p>\n<p><\/p>\n<p style=\"text-align: justify;\">\u201cMe llena de satisfacci\u00f3n que exista la apertura para la donaci\u00f3n de este terrero donde se ubicar\u00e1 la ciudad universitaria. Agradezco a los miembros del Gad Parroquial de F\u00e1tima por su visi\u00f3n de afrontar con \u00e9xito las demandas y oportunidades para el progreso de la parroquia\u201d, resalt\u00f3 David Sancho.<\/p>\n<p style=\"text-align: justify;\"><\/p>\n<p><\/p>\n<p style=\"text-align: justify;\">En esta misma l\u00ednea, el presidente del GAD Parroquial de F\u00e1tima, Ing. Daniel C\u00e1rdenas, destac\u00f3 la necesidad de estrechar lazos con la academia y los gobiernos locales mediante objetivos comunes que permitan construir un futuro pr\u00f3spero para toda la ciudadan\u00eda.<\/p>\n<p style=\"text-align: justify;\"><\/p>\n<p><\/p>\n<p style=\"text-align: justify;\">Daniel C\u00e1rdenas, manifest\u00f3: \u201cYo debo felicitar al rector y a su equipo de trabajo por la gesti\u00f3n de la UEA, una universidad de gran prestigio a nivel regional y nacional que ha fijado sus ojos en F\u00e1tima, lo que significa que nuestra parroquia se convertir\u00e1 en un polo de desarrollo. Como instituciones p\u00fablicas nuestro deber es aportar al impulso de la educaci\u00f3n superior y a la dinamizaci\u00f3n de nuestras econom\u00edas locales\u201d.<\/p>\n<p style=\"text-align: justify;\"><\/p>\n<p><\/p>\n<p style=\"text-align: justify;\">As\u00ed tambi\u00e9n, la autoridad del GAD parroquial indic\u00f3 que se prev\u00e9 convocar a una sesi\u00f3n extraordinaria para el pleno de la junta parroquial la pr\u00f3xima semana, a fin de brindar tratamiento a este petitorio, que, de acuerdo con sus miembros, conciben a este proyecto innovador como un eje de progreso econ\u00f3mico y social a gran escala.<\/p>\n<p style=\"text-align: justify;\"><\/p>\n<p style=\"text-align: justify;\">De esta manera, y apenas dentro de los primeros cien d\u00edas de gesti\u00f3n, las nuevas autoridades institucionales, han demostrado un trabajo con resultados, comprometid0 con la calidad y excelencia de la Universidad Estatal Amaz\u00f3nica.<\/p>\n<p style=\"text-align: justify;\"><strong>RELACIONES P\u00daBLICAS UEA<\/strong><\/p>\n<p>&nbsp;<\/p>[\/vc_column_text][\/vc_column][\/vc_row][vc_row][vc_column][vc_column_text]\n\n\n<figure class=\"wp-block-image size-large\"><img decoding=\"async\" width=\"1024\" height=\"649\" src=\"https:\/\/www.uea.edu.ec\/wp-content\/uploads\/2021\/07\/convenio3-1024x649.jpg\" alt=\"\" class=\"wp-image-12666\" srcset=\"https:\/\/www.uea.edu.ec\/web\/v1\/wp-content\/uploads\/2021\/07\/convenio3-1024x649.jpg 1024w, https:\/\/www.uea.edu.ec\/web\/v1\/wp-content\/uploads\/2021\/07\/convenio3-300x190.jpg 300w, https:\/\/www.uea.edu.ec\/web\/v1\/wp-content\/uploads\/2021\/07\/convenio3-768x487.jpg 768w, https:\/\/www.uea.edu.ec\/web\/v1\/wp-content\/uploads\/2021\/07\/convenio3-1536x973.jpg 1536w, https:\/\/www.uea.edu.ec\/web\/v1\/wp-content\/uploads\/2021\/07\/convenio3.jpg 1772w\" sizes=\"(max-width: 1024px) 100vw, 1024px\" \/><\/figure>\n[\/vc_column_text][\/vc_column][\/vc_row]<\/section>","protected":false},"excerpt":{"rendered":"<p>[vc_row][vc_column][vc_column_text] Se present\u00f3 al GAD Parroquial de F\u00e1tima la solicitud formal para la donaci\u00f3n de un terrero de 50 hect\u00e1reas para la ciudad universitaria. Frente a la responsabilidad de hacer efectiva la presencia educativa de la Universidad Estatal Amaz\u00f3nica (UEA) en el contexto territorial, econ\u00f3mico, social y cultural, este viernes 2 de julio de 2021, &#8230; <a title=\"UEA APUESTA AL FUTURO CON LA PROYECCI\u00d3N DE UNA CIUDAD UNIVERSITARIA EN LA PARROQUIA F\u00c1TIMA\" class=\"read-more\" href=\"https:\/\/www.uea.edu.ec\/web\/v1\/?p=12646\" aria-label=\"M\u00e1s en UEA APUESTA AL FUTURO CON LA PROYECCI\u00d3N DE UNA CIUDAD UNIVERSITARIA EN LA PARROQUIA F\u00c1TIMA\">Leer m\u00e1s<\/a><\/p>\n","protected":false},"author":8,"featured_media":12648,"comment_status":"closed","ping_status":"closed","sticky":false,"template":"","format":"standard","meta":{"om_disable_all_campaigns":false,"_monsterinsights_skip_tracking":false,"_monsterinsights_sitenote_active":false,"_monsterinsights_sitenote_note":"","_monsterinsights_sitenote_category":0,"generate_page_header":"","footnotes":""},"categories":[1],"tags":[],"class_list":["post-12646","post","type-post","status-publish","format-standard","has-post-thumbnail","hentry","category-sin-categoria"],"aioseo_notices":[],"_links":{"self":[{"href":"https:\/\/www.uea.edu.ec\/web\/v1\/index.php?rest_route=\/wp\/v2\/posts\/12646"}],"collection":[{"href":"https:\/\/www.uea.edu.ec\/web\/v1\/index.php?rest_route=\/wp\/v2\/posts"}],"about":[{"href":"https:\/\/www.uea.edu.ec\/web\/v1\/index.php?rest_route=\/wp\/v2\/types\/post"}],"author":[{"embeddable":true,"href":"https:\/\/www.uea.edu.ec\/web\/v1\/index.php?rest_route=\/wp\/v2\/users\/8"}],"replies":[{"embeddable":true,"href":"https:\/\/www.uea.edu.ec\/web\/v1\/index.php?rest_route=%2Fwp%2Fv2%2Fcomments&post=12646"}],"version-history":[{"count":23,"href":"https:\/\/www.uea.edu.ec\/web\/v1\/index.php?rest_route=\/wp\/v2\/posts\/12646\/revisions"}],"predecessor-version":[{"id":12676,"href":"https:\/\/www.uea.edu.ec\/web\/v1\/index.php?rest_route=\/wp\/v2\/posts\/12646\/revisions\/12676"}],"wp:featuredmedia":[{"embeddable":true,"href":"https:\/\/www.uea.edu.ec\/web\/v1\/index.php?rest_route=\/wp\/v2\/media\/12648"}],"wp:attachment":[{"href":"https:\/\/www.uea.edu.ec\/web\/v1\/index.php?rest_route=%2Fwp%2Fv2%2Fmedia&parent=12646"}],"wp:term":[{"taxonomy":"category","embeddable":true,"href":"https:\/\/www.uea.edu.ec\/web\/v1\/index.php?rest_route=%2Fwp%2Fv2%2Fcategories&post=12646"},{"taxonomy":"post_tag","embeddable":true,"href":"https:\/\/www.uea.edu.ec\/web\/v1\/index.php?rest_route=%2Fwp%2Fv2%2Ftags&post=12646"}],"curies":[{"name":"wp","href":"https:\/\/api.w.org\/{rel}","templated":true}]}}