{"id":12772,"date":"2021-07-20T14:27:13","date_gmt":"2021-07-20T19:27:13","guid":{"rendered":"https:\/\/www.uea.edu.ec\/?p=12772"},"modified":"2022-01-21T15:51:21","modified_gmt":"2022-01-21T20:51:21","slug":"firma-de-acuerdo-interinstitucional-entre-la-flacso-y-la-uea-para-el-fortalecimiento-del-repositorio-bibliografico-nacional-de-educacion-intercultural-bilingue-etnoeducacion-e-interculturalidad","status":"publish","type":"post","link":"https:\/\/www.uea.edu.ec\/web\/v1\/?p=12772","title":{"rendered":"FIRMA DE ACUERDO INTERINSTITUCIONAL ENTRE LA FLACSO Y LA UEA PARA EL FORTALECIMIENTO DEL REPOSITORIO BIBLIOGR\u00c1FICO NACIONAL DE EDUCACI\u00d3N INTERCULTURAL BILING\u00dcE, ETNOEDUCACI\u00d3N E INTERCULTURALIDAD"},"content":{"rendered":"<section class=\"wpb-content-wrapper\">[vc_row][vc_column][vc_column_text]<p><\/p>\n<p style=\"text-align: justify;\">El pasado 16 de julio de 2021, el Dr. David Sancho Aguilera, rector de la Universidad Estatal Amaz\u00f3nica (UEA), en coordinaci\u00f3n con autoridades de la Facultad Latinoamericana de Ciencias Sociales Sede Ecuador (FLACSO) y otras universidades fraternas, firmaron el acuerdo de cooperaci\u00f3n interinstitucional para el Fortalecimiento del Repositorio Bibliogr\u00e1fico Nacional de Educaci\u00f3n Intercultural Biling\u00fce, Etnoeducaci\u00f3n e Interculturalidad.<\/p>\n<p style=\"text-align: justify;\"><\/p>\n<p style=\"text-align: justify;\"><\/p>\n<p style=\"text-align: justify;\">A trav\u00e9s de esta alianza, se busca que los esfuerzos especializados para que los saberes y conocimientos resultantes de la experiencia de la Educaci\u00f3n Intercultural Biling\u00fce, la Etnoeducaci\u00f3n e Interculturalidad en Ecuador sigan siendo compilados, sistematizados y catalogados para uso y disponibilidad de investigadores, docentes, operadores del Sistema Educativo Nacional y de los propios pueblos y nacionalidades.<\/p>\n<p style=\"text-align: justify;\"><\/p>\n<p style=\"text-align: justify;\"><\/p>\n<p style=\"text-align: justify;\">Actualmente, la UEA tiene la intenci\u00f3n de trabajar en una pol\u00edtica transversal de interculturalidad que se concreta, motivando investigaciones de la materia en cuesti\u00f3n y ejecutando actividades enfocadas en garantizar procesos de inclusi\u00f3n de los diferentes grupos que conforman la sociedad.<\/p>\n<p style=\"text-align: justify;\"><\/p>\n<p style=\"text-align: justify;\"><\/p>\n<figure class=\"wp-block-image size-large\" style=\"text-align: justify;\"><img fetchpriority=\"high\" decoding=\"async\" width=\"1024\" height=\"642\" class=\"wp-image-12775\" src=\"https:\/\/www.uea.edu.ec\/wp-content\/uploads\/2021\/07\/FIRMA_FLACSO2-1024x642.jpg\" alt=\"\" srcset=\"https:\/\/www.uea.edu.ec\/web\/v1\/wp-content\/uploads\/2021\/07\/FIRMA_FLACSO2-1024x642.jpg 1024w, https:\/\/www.uea.edu.ec\/web\/v1\/wp-content\/uploads\/2021\/07\/FIRMA_FLACSO2-300x188.jpg 300w, https:\/\/www.uea.edu.ec\/web\/v1\/wp-content\/uploads\/2021\/07\/FIRMA_FLACSO2-768x482.jpg 768w, https:\/\/www.uea.edu.ec\/web\/v1\/wp-content\/uploads\/2021\/07\/FIRMA_FLACSO2-1536x963.jpg 1536w, https:\/\/www.uea.edu.ec\/web\/v1\/wp-content\/uploads\/2021\/07\/FIRMA_FLACSO2.jpg 1772w\" sizes=\"(max-width: 1024px) 100vw, 1024px\" \/><\/figure>\n<p style=\"text-align: justify;\"><\/p>\n<p style=\"text-align: justify;\"><\/p>\n<p style=\"text-align: justify;\">Entre los objetivos que se pretenden alcanzar con este convenio, se encuentran:<\/p>\n<p style=\"text-align: justify;\"><\/p>\n<p style=\"text-align: justify;\"><\/p>\n<ul class=\"wp-block-list\" style=\"text-align: justify;\">\n<li>Elaborar un inventario de publicaciones sobre EIB, Etnoeducaci\u00f3n e interculturalidad de la UEA que podr\u00eda migrar al Repositorio Bibliogr\u00e1fico Nacional de Educaci\u00f3n Intercultural Biling\u00fce, Etnoeducaci\u00f3n e Interculturalidad.<\/li>\n<\/ul>\n<p style=\"text-align: justify;\"><\/p>\n<p style=\"text-align: justify;\"><\/p>\n<ul class=\"wp-block-list\" style=\"text-align: justify;\">\n<li>Apoyar con recursos log\u00edsticos, econ\u00f3micos y\/o humanos los procesos de diagn\u00f3stico y digitalizaci\u00f3n de obras relevantes de bibliotecas y archivos que alberguen materiales en diferentes formatos. Estos pueden ser: educativos, did\u00e1cticos, obras realizadas en lenguas originarias, obras literarias, diccionarios, tesis, libros de investigaciones acad\u00e9micas sobre EIB, Etnoeducaci\u00f3n e interculturalidad, fotograf\u00edas, producciones en audio y video, entre otras.<\/li>\n<\/ul>\n<p style=\"text-align: justify;\"><\/p>\n<p style=\"text-align: justify;\"><\/p>\n<ul class=\"wp-block-list\" style=\"text-align: justify;\">\n<li>Fomentar a trav\u00e9s del \u00e1rea de vinculaci\u00f3n con la sociedad, la difusi\u00f3n del uso del Repositorio Bibliogr\u00e1fico Nacional de Educaci\u00f3n Intercultural Biling\u00fce, Etnoeducaci\u00f3n e Interculturalidad.<\/li>\n<\/ul>\n<p style=\"text-align: justify;\"><\/p>\n<p style=\"text-align: justify;\"><\/p>\n<ul class=\"wp-block-list\" style=\"text-align: justify;\">\n<li>Colaborar en la construcci\u00f3n de una estrategia de sostenibilidad del Repositorio Bibliogr\u00e1fico Nacional en Educaci\u00f3n Intercultural Biling\u00fce, Etnoeducaci\u00f3n e Interculturalidad en enlace con los centros acad\u00e9micos participantes y que cuente con una estrategia de sostenibilidad a largo plazo.<\/li>\n<\/ul>\n<p style=\"text-align: justify;\"><\/p>\n<p style=\"text-align: justify;\"><\/p>\n<ul class=\"wp-block-list\" style=\"text-align: justify;\">\n<li>Coorganizar actividades acad\u00e9micas junto al Laboratorio de Interculturalidad de la FLACSO Sede Ecuador con el fin de fortalecer el enfoque intercultural como parte de la formaci\u00f3n de sus estudiantes y docentes.<\/li>\n<\/ul>\n<p style=\"text-align: justify;\"><\/p>\n<p style=\"text-align: justify;\"><\/p>\n<p style=\"text-align: justify;\">De esta manera, nuestra instituci\u00f3n se compromete a convocar y motivar en su comunidad universitaria las capacitaciones, actividades acad\u00e9micas, difundir campa\u00f1as y facilitar el uso de sus instalaciones y equipos para el uso del Repositorio Bibliogr\u00e1fico Nacional de Educaci\u00f3n Intercultural Biling\u00fce, Etnoeducaci\u00f3n e Interculturalidad por parte de su planta docente y estudiantes.<\/p>\n<p style=\"text-align: justify;\"><\/p>\n<p style=\"text-align: justify;\"><\/p>\n<figure class=\"wp-block-image size-large\" style=\"text-align: justify;\"><img decoding=\"async\" width=\"1024\" height=\"663\" class=\"wp-image-12776\" src=\"https:\/\/www.uea.edu.ec\/wp-content\/uploads\/2021\/07\/FIRMA_FLACSO3-1024x663.jpg\" alt=\"\" srcset=\"https:\/\/www.uea.edu.ec\/web\/v1\/wp-content\/uploads\/2021\/07\/FIRMA_FLACSO3-1024x663.jpg 1024w, https:\/\/www.uea.edu.ec\/web\/v1\/wp-content\/uploads\/2021\/07\/FIRMA_FLACSO3-300x194.jpg 300w, https:\/\/www.uea.edu.ec\/web\/v1\/wp-content\/uploads\/2021\/07\/FIRMA_FLACSO3-768x498.jpg 768w, https:\/\/www.uea.edu.ec\/web\/v1\/wp-content\/uploads\/2021\/07\/FIRMA_FLACSO3-1536x995.jpg 1536w, https:\/\/www.uea.edu.ec\/web\/v1\/wp-content\/uploads\/2021\/07\/FIRMA_FLACSO3.jpg 1772w\" sizes=\"(max-width: 1024px) 100vw, 1024px\" \/><\/figure>\n<p><\/p>[\/vc_column_text][\/vc_column][\/vc_row]<\/section>","protected":false},"excerpt":{"rendered":"<p>[vc_row][vc_column][vc_column_text] El pasado 16 de julio de 2021, el Dr. David Sancho Aguilera, rector de la Universidad Estatal Amaz\u00f3nica (UEA), en coordinaci\u00f3n con autoridades de la Facultad Latinoamericana de Ciencias Sociales Sede Ecuador (FLACSO) y otras universidades fraternas, firmaron el acuerdo de cooperaci\u00f3n interinstitucional para el Fortalecimiento del Repositorio Bibliogr\u00e1fico Nacional de Educaci\u00f3n Intercultural Biling\u00fce, &#8230; <a title=\"FIRMA DE ACUERDO INTERINSTITUCIONAL ENTRE LA FLACSO Y LA UEA PARA EL FORTALECIMIENTO DEL REPOSITORIO BIBLIOGR\u00c1FICO NACIONAL DE EDUCACI\u00d3N INTERCULTURAL BILING\u00dcE, ETNOEDUCACI\u00d3N E INTERCULTURALIDAD\" class=\"read-more\" href=\"https:\/\/www.uea.edu.ec\/web\/v1\/?p=12772\" aria-label=\"M\u00e1s en FIRMA DE ACUERDO INTERINSTITUCIONAL ENTRE LA FLACSO Y LA UEA PARA EL FORTALECIMIENTO DEL REPOSITORIO BIBLIOGR\u00c1FICO NACIONAL DE EDUCACI\u00d3N INTERCULTURAL BILING\u00dcE, ETNOEDUCACI\u00d3N E INTERCULTURALIDAD\">Leer m\u00e1s<\/a><\/p>\n","protected":false},"author":8,"featured_media":12774,"comment_status":"closed","ping_status":"closed","sticky":false,"template":"","format":"standard","meta":{"om_disable_all_campaigns":false,"_monsterinsights_skip_tracking":false,"_monsterinsights_sitenote_active":false,"_monsterinsights_sitenote_note":"","_monsterinsights_sitenote_category":0,"generate_page_header":"","footnotes":""},"categories":[1],"tags":[],"class_list":["post-12772","post","type-post","status-publish","format-standard","has-post-thumbnail","hentry","category-sin-categoria"],"aioseo_notices":[],"_links":{"self":[{"href":"https:\/\/www.uea.edu.ec\/web\/v1\/index.php?rest_route=\/wp\/v2\/posts\/12772"}],"collection":[{"href":"https:\/\/www.uea.edu.ec\/web\/v1\/index.php?rest_route=\/wp\/v2\/posts"}],"about":[{"href":"https:\/\/www.uea.edu.ec\/web\/v1\/index.php?rest_route=\/wp\/v2\/types\/post"}],"author":[{"embeddable":true,"href":"https:\/\/www.uea.edu.ec\/web\/v1\/index.php?rest_route=\/wp\/v2\/users\/8"}],"replies":[{"embeddable":true,"href":"https:\/\/www.uea.edu.ec\/web\/v1\/index.php?rest_route=%2Fwp%2Fv2%2Fcomments&post=12772"}],"version-history":[{"count":4,"href":"https:\/\/www.uea.edu.ec\/web\/v1\/index.php?rest_route=\/wp\/v2\/posts\/12772\/revisions"}],"predecessor-version":[{"id":12779,"href":"https:\/\/www.uea.edu.ec\/web\/v1\/index.php?rest_route=\/wp\/v2\/posts\/12772\/revisions\/12779"}],"wp:featuredmedia":[{"embeddable":true,"href":"https:\/\/www.uea.edu.ec\/web\/v1\/index.php?rest_route=\/wp\/v2\/media\/12774"}],"wp:attachment":[{"href":"https:\/\/www.uea.edu.ec\/web\/v1\/index.php?rest_route=%2Fwp%2Fv2%2Fmedia&parent=12772"}],"wp:term":[{"taxonomy":"category","embeddable":true,"href":"https:\/\/www.uea.edu.ec\/web\/v1\/index.php?rest_route=%2Fwp%2Fv2%2Fcategories&post=12772"},{"taxonomy":"post_tag","embeddable":true,"href":"https:\/\/www.uea.edu.ec\/web\/v1\/index.php?rest_route=%2Fwp%2Fv2%2Ftags&post=12772"}],"curies":[{"name":"wp","href":"https:\/\/api.w.org\/{rel}","templated":true}]}}