{"id":12780,"date":"2021-07-20T16:38:06","date_gmt":"2021-07-20T21:38:06","guid":{"rendered":"https:\/\/www.uea.edu.ec\/?p=12780"},"modified":"2022-01-21T15:51:21","modified_gmt":"2022-01-21T20:51:21","slug":"direccion-de-bienestar-universitario-de-la-uea-promueve-espacios-de-promocion-de-la-salud","status":"publish","type":"post","link":"https:\/\/www.uea.edu.ec\/web\/v1\/?p=12780","title":{"rendered":"DIRECCI\u00d3N DE BIENESTAR UNIVERSITARIO DE LA UEA PROMUEVE ESPACIOS DE PROMOCI\u00d3N DE LA SALUD"},"content":{"rendered":"<section class=\"wpb-content-wrapper\">[vc_row][vc_column][vc_column_text]<p><\/p>\n<p style=\"text-align: justify;\">El pasado 15 de julio de 2021, la Universidad Estatal Amaz\u00f3nica (UEA), en coordinaci\u00f3n con la Direcci\u00f3n de Bienestar Universitario (DBU), desarroll\u00f3 capacitaciones destinadas al fortalecimiento de la promoci\u00f3n de la salud, dirigidas al personal administrativo y trabajador de la instituci\u00f3n.<\/p>\n<p style=\"text-align: justify;\"><\/p>\n<p style=\"text-align: justify;\"><\/p>\n<p style=\"text-align: justify;\">Mediante talleres educativos, se abordaron tem\u00e1ticas con enfoque de g\u00e9nero frente a las necesidades \u00fanicas que afrontan hombres y mujeres, es as\u00ed que los talleres \u201cS\u00f3lo para ellas\u201d y \u201cS\u00f3lo para ellos\u201d, contaron con la participaci\u00f3n de profesionales de la salud femenina y masculina, Dra. Samantha Salazar, Especialista en Ginecolog\u00eda y Obstetricia y el Dr. Edmundo Aguilar, M\u00e9dico Cirujano, respectivamente.<\/p>\n<p style=\"text-align: justify;\"><\/p>\n<p style=\"text-align: justify;\"><\/p>\n<figure class=\"wp-block-image size-large\" style=\"text-align: justify;\"><img fetchpriority=\"high\" decoding=\"async\" width=\"1024\" height=\"684\" class=\"wp-image-12785\" src=\"https:\/\/www.uea.edu.ec\/wp-content\/uploads\/2021\/07\/taler3-1024x684.jpg\" alt=\"\" srcset=\"https:\/\/www.uea.edu.ec\/web\/v1\/wp-content\/uploads\/2021\/07\/taler3-1024x684.jpg 1024w, https:\/\/www.uea.edu.ec\/web\/v1\/wp-content\/uploads\/2021\/07\/taler3-300x200.jpg 300w, https:\/\/www.uea.edu.ec\/web\/v1\/wp-content\/uploads\/2021\/07\/taler3-768x513.jpg 768w, https:\/\/www.uea.edu.ec\/web\/v1\/wp-content\/uploads\/2021\/07\/taler3-1536x1025.jpg 1536w, https:\/\/www.uea.edu.ec\/web\/v1\/wp-content\/uploads\/2021\/07\/taler3.jpg 1772w\" sizes=\"(max-width: 1024px) 100vw, 1024px\" \/><\/figure>\n<p style=\"text-align: justify;\"><\/p>\n<p style=\"text-align: justify;\"><\/p>\n<p style=\"text-align: justify;\">En la primera jornada, de manera din\u00e1mica, las principales recomendaciones se enfocaron en comprender padecimientos como la diabetes, enfermedades cardiovasculares, hipertensi\u00f3n arterial, colesterol, triglic\u00e9ridos y otros, que est\u00e1n relacionados con la ingesta de alcohol, tabaquismo, sedentarismo, h\u00e1bitos alimentarios no saludables y que contribuyen a la mortalidad.<\/p>\n<p style=\"text-align: justify;\"><\/p>\n<p style=\"text-align: justify;\"><\/p>\n<p style=\"text-align: justify;\">Mientras que, en el segundo taller \u201cS\u00f3lo para ellas\u201d, se presentaron importantes consejos sobre c\u00f3mo modificar los factores de riesgo que pueden influir en contraer C\u00e1ncer de C\u00e9rvix y de Mamas, as\u00ed tambi\u00e9n se expuso el origen de las enfermedades, las formas de transmisi\u00f3n y los protocolos de prevenci\u00f3n.<\/p>\n<p style=\"text-align: justify;\"><\/p>\n<p style=\"text-align: justify;\"><\/p>\n<p style=\"text-align: justify;\">A criterio de la especialista, el C\u00e1ncer de C\u00e9rvix y de Mamas est\u00e1n en primer lugar de patolog\u00edas oncol\u00f3gicas de las mujeres ecuatorianas, \u201ces importante generar la costumbre de acudir al especialista de manera anual, ya sea para el tamizaje de papanicolaou y practicar en casa la exploraci\u00f3n de mamas. La prevenci\u00f3n es la clave para que la enfermedad no progrese\u201d, resalt\u00f3.<\/p>\n<p style=\"text-align: justify;\"><\/p>\n<p style=\"text-align: justify;\"><\/p>\n<p style=\"text-align: justify;\">Finalmente, la directora de Bienestar Universitario, Psic. Gabriela Garz\u00f3n, se mostr\u00f3 agradecida por la comparecencia e inter\u00e9s de la comunidad universitaria en acudir a estos espacios destinados a generar orientaciones para la construcci\u00f3n, cuidado y recuperaci\u00f3n de la salud en todas sus dimensiones.<\/p>\n<p style=\"text-align: justify;\"><\/p>\n<p style=\"text-align: justify;\"><\/p>\n<p style=\"text-align: justify;\">\u201cEl prop\u00f3sito de estas actividades es salvaguardar la integridad f\u00edsica y psicol\u00f3gica de nuestro personal, la idea es que todo el personal de la instituci\u00f3n conf\u00ede en el Departamento de Bienestar Universitario\u201d, agreg\u00f3 Garz\u00f3n.<\/p>\n<p style=\"text-align: justify;\"><\/p>\n<p style=\"text-align: justify;\"><\/p>\n<p style=\"text-align: justify;\">Adem\u00e1s, dijo que se prev\u00e9 desarrollar futuras charlas &#8211; determinantes de la salud para el bienestar de nuestra fuerza laboral, entendiendo que el\u00a0capital humano es el eje central sobre el que se sustenta la eficacia de la UEA, as\u00ed como para la dimensi\u00f3n social de los funcionarios.<\/p>\n<p style=\"text-align: justify;\"><\/p>\n<p style=\"text-align: justify;\"><\/p>\n<p style=\"text-align: justify;\"><strong>RELACIONES P\u00daBLICAS UEA<\/strong><\/p>\n<p style=\"text-align: justify;\"><\/p>\n<p style=\"text-align: justify;\"><\/p>\n<figure class=\"wp-block-image size-large\" style=\"text-align: justify;\"><img decoding=\"async\" width=\"1024\" height=\"684\" class=\"wp-image-12787\" src=\"https:\/\/www.uea.edu.ec\/wp-content\/uploads\/2021\/07\/taler2-1024x684.jpg\" alt=\"\" srcset=\"https:\/\/www.uea.edu.ec\/web\/v1\/wp-content\/uploads\/2021\/07\/taler2-1024x684.jpg 1024w, https:\/\/www.uea.edu.ec\/web\/v1\/wp-content\/uploads\/2021\/07\/taler2-300x200.jpg 300w, https:\/\/www.uea.edu.ec\/web\/v1\/wp-content\/uploads\/2021\/07\/taler2-768x513.jpg 768w, https:\/\/www.uea.edu.ec\/web\/v1\/wp-content\/uploads\/2021\/07\/taler2-1536x1025.jpg 1536w, https:\/\/www.uea.edu.ec\/web\/v1\/wp-content\/uploads\/2021\/07\/taler2.jpg 1772w\" sizes=\"(max-width: 1024px) 100vw, 1024px\" \/><\/figure>\n<p><\/p>[\/vc_column_text][\/vc_column][\/vc_row]<\/section>","protected":false},"excerpt":{"rendered":"<p>[vc_row][vc_column][vc_column_text] El pasado 15 de julio de 2021, la Universidad Estatal Amaz\u00f3nica (UEA), en coordinaci\u00f3n con la Direcci\u00f3n de Bienestar Universitario (DBU), desarroll\u00f3 capacitaciones destinadas al fortalecimiento de la promoci\u00f3n de la salud, dirigidas al personal administrativo y trabajador de la instituci\u00f3n. Mediante talleres educativos, se abordaron tem\u00e1ticas con enfoque de g\u00e9nero frente a las &#8230; <a title=\"DIRECCI\u00d3N DE BIENESTAR UNIVERSITARIO DE LA UEA PROMUEVE ESPACIOS DE PROMOCI\u00d3N DE LA SALUD\" class=\"read-more\" href=\"https:\/\/www.uea.edu.ec\/web\/v1\/?p=12780\" aria-label=\"M\u00e1s en DIRECCI\u00d3N DE BIENESTAR UNIVERSITARIO DE LA UEA PROMUEVE ESPACIOS DE PROMOCI\u00d3N DE LA SALUD\">Leer m\u00e1s<\/a><\/p>\n","protected":false},"author":8,"featured_media":12784,"comment_status":"closed","ping_status":"closed","sticky":false,"template":"","format":"standard","meta":{"om_disable_all_campaigns":false,"_monsterinsights_skip_tracking":false,"_monsterinsights_sitenote_active":false,"_monsterinsights_sitenote_note":"","_monsterinsights_sitenote_category":0,"generate_page_header":"","footnotes":""},"categories":[1],"tags":[],"class_list":["post-12780","post","type-post","status-publish","format-standard","has-post-thumbnail","hentry","category-sin-categoria"],"aioseo_notices":[],"_links":{"self":[{"href":"https:\/\/www.uea.edu.ec\/web\/v1\/index.php?rest_route=\/wp\/v2\/posts\/12780"}],"collection":[{"href":"https:\/\/www.uea.edu.ec\/web\/v1\/index.php?rest_route=\/wp\/v2\/posts"}],"about":[{"href":"https:\/\/www.uea.edu.ec\/web\/v1\/index.php?rest_route=\/wp\/v2\/types\/post"}],"author":[{"embeddable":true,"href":"https:\/\/www.uea.edu.ec\/web\/v1\/index.php?rest_route=\/wp\/v2\/users\/8"}],"replies":[{"embeddable":true,"href":"https:\/\/www.uea.edu.ec\/web\/v1\/index.php?rest_route=%2Fwp%2Fv2%2Fcomments&post=12780"}],"version-history":[{"count":6,"href":"https:\/\/www.uea.edu.ec\/web\/v1\/index.php?rest_route=\/wp\/v2\/posts\/12780\/revisions"}],"predecessor-version":[{"id":12790,"href":"https:\/\/www.uea.edu.ec\/web\/v1\/index.php?rest_route=\/wp\/v2\/posts\/12780\/revisions\/12790"}],"wp:featuredmedia":[{"embeddable":true,"href":"https:\/\/www.uea.edu.ec\/web\/v1\/index.php?rest_route=\/wp\/v2\/media\/12784"}],"wp:attachment":[{"href":"https:\/\/www.uea.edu.ec\/web\/v1\/index.php?rest_route=%2Fwp%2Fv2%2Fmedia&parent=12780"}],"wp:term":[{"taxonomy":"category","embeddable":true,"href":"https:\/\/www.uea.edu.ec\/web\/v1\/index.php?rest_route=%2Fwp%2Fv2%2Fcategories&post=12780"},{"taxonomy":"post_tag","embeddable":true,"href":"https:\/\/www.uea.edu.ec\/web\/v1\/index.php?rest_route=%2Fwp%2Fv2%2Ftags&post=12780"}],"curies":[{"name":"wp","href":"https:\/\/api.w.org\/{rel}","templated":true}]}}