{"id":12809,"date":"2021-08-02T11:35:28","date_gmt":"2021-08-02T16:35:28","guid":{"rendered":"https:\/\/www.uea.edu.ec\/?p=12809"},"modified":"2022-01-21T15:51:21","modified_gmt":"2022-01-21T20:51:21","slug":"nos-fortalecemos-con-alianzas-estrategicas-para-lograr-la-internacionalizacion-universitaria","status":"publish","type":"post","link":"https:\/\/www.uea.edu.ec\/web\/v1\/?p=12809","title":{"rendered":"NOS FORTALECEMOS CON ALIANZAS ESTRAT\u00c9GICAS PARA LOGRAR LA INTERNACIONALIZACI\u00d3N UNIVERSITARIA"},"content":{"rendered":"<section class=\"wpb-content-wrapper\">[vc_row][vc_column][vc_column_text]<p><\/p>\n<p style=\"text-align: justify;\">El mi\u00e9rcoles 28 de julio, en la Sala de Sesiones de Consejo Universitario de la Universidad Estatal Amaz\u00f3nica (UEA), el rector, Dr. David Sancho y el Dr. Manuel Herrera, director de Relaciones Internacionales de la Universidad Internacional de la Rioja (UNIR), firmaron un convenio marco de cooperaci\u00f3n interinstitucional para la realizaci\u00f3n de acciones, programas y proyectos conjuntos en materia de formaci\u00f3n, investigaci\u00f3n, transferencia tecnol\u00f3gica, entre otros.<\/p>\n<p style=\"text-align: justify;\"><\/p>\n<p style=\"text-align: justify;\"><\/p>\n<p style=\"text-align: justify;\">\u201cCon total certeza, la firma de este convenio constituye una colaboraci\u00f3n para nuestro accionar hacia el mejoramiento de un modelo eficiente, responsable, autocr\u00edtico y transparente para la consecuci\u00f3n de objetivos que aporten al desarrollo de todo el territorio ecuatoriano y del mundo\u201d, expres\u00f3 la m\u00e1xima autoridad de la UEA.<\/p>\n<p style=\"text-align: justify;\"><\/p>\n<p style=\"text-align: justify;\"><\/p>\n<p style=\"text-align: justify;\">La universidad amaz\u00f3nica, se compromete a cubrir las necesidades institucionales para la formaci\u00f3n de su personal docente, administrativo y estudiantil, as\u00ed como brindar apoyo a los procesos de difusi\u00f3n a trav\u00e9s de los medios que est\u00e9n a su alcance, respecto a la oferta acad\u00e9mica de tercer y cuarto nivel que posee UNIR.<\/p>\n<p style=\"text-align: justify;\"><\/p>\n<p style=\"text-align: justify;\"><\/p>\n<figure class=\"wp-block-gallery columns-1 is-cropped wp-block-gallery-1 is-layout-flex wp-block-gallery-is-layout-flex\" style=\"text-align: justify;\">\n<ul class=\"blocks-gallery-grid\">\n<li class=\"blocks-gallery-item\">\n<figure><img fetchpriority=\"high\" decoding=\"async\" width=\"1024\" height=\"678\" class=\"wp-image-12813\" src=\"https:\/\/www.uea.edu.ec\/wp-content\/uploads\/2021\/08\/UNIR3-1024x678.jpg\" alt=\"\" data-id=\"12813\" data-full-url=\"https:\/\/www.uea.edu.ec\/wp-content\/uploads\/2021\/08\/UNIR3.jpg\" data-link=\"https:\/\/www.uea.edu.ec\/?attachment_id=12813#main\" srcset=\"https:\/\/www.uea.edu.ec\/web\/v1\/wp-content\/uploads\/2021\/08\/UNIR3-1024x678.jpg 1024w, https:\/\/www.uea.edu.ec\/web\/v1\/wp-content\/uploads\/2021\/08\/UNIR3-300x199.jpg 300w, https:\/\/www.uea.edu.ec\/web\/v1\/wp-content\/uploads\/2021\/08\/UNIR3-768x509.jpg 768w, https:\/\/www.uea.edu.ec\/web\/v1\/wp-content\/uploads\/2021\/08\/UNIR3.jpg 1418w\" sizes=\"(max-width: 1024px) 100vw, 1024px\" \/><\/figure>\n<\/li>\n<\/ul>\n<\/figure>\n<p style=\"text-align: justify;\"><\/p>\n<p style=\"text-align: justify;\"><\/p>\n<p style=\"text-align: justify;\">En esta l\u00ednea, la vicerrectora acad\u00e9mica, Dra. Esthela San Andr\u00e9s, agradeci\u00f3 por la aceptaci\u00f3n y favorable respuesta recibida por la universidad espa\u00f1ola para el logro de objetivo mutuos, permitiendo la incubaci\u00f3n de tecnolog\u00eda, innovaci\u00f3n, valor agregado y riqueza social, que benefician a las partes, as\u00ed como a los habitantes de Pastaza y la regi\u00f3n.<\/p>\n<p style=\"text-align: justify;\"><\/p>\n<p style=\"text-align: justify;\"><\/p>\n<p style=\"text-align: justify;\">\u201cPara la UEA, ubicada en la ciudad de Puyo, cant\u00f3n Pastaza, esta alianza constituye un motor de productividad regional con proyecci\u00f3n nacional e internacional, teniendo oportunidades de generar innovaci\u00f3n en diversas \u00e1reas de especializaci\u00f3n\u201d, dijo.<\/p>\n<p style=\"text-align: justify;\"><\/p>\n<p style=\"text-align: justify;\"><\/p>\n<p style=\"text-align: justify;\">Por otra parte, la UNIR, ratifica el compromiso de identificar procesos de capacitaci\u00f3n profesional y formaci\u00f3n continua a trav\u00e9s de cursos regulares o cursos elaborados, a la par, remitir a la UEA informaci\u00f3n relacionada al porcentaje de descuentos, cantidad de cupos disponibles en cada carrera y programa acad\u00e9mico a fin de que el listado de personas interesadas remitido por la UEA, cuente con estos beneficios.\u00a0 <\/p>\n<p style=\"text-align: justify;\"><\/p>\n<p style=\"text-align: justify;\"><\/p>\n<p style=\"text-align: justify;\">Para el Dr. Manuel Herrera, representante de la casa de estudios espa\u00f1ola, dijo que la labor formativa de UNIR, enfocada en la educaci\u00f3n 100% online, constituye un instrumento de apoyo para el sistema de educaci\u00f3n superior ecuatoriano, y, espec\u00edficamente, se refiri\u00f3 a los distintos programas y capacitaciones adaptables al contexto de la UEA.<\/p>\n<p style=\"text-align: justify;\"><\/p>\n<p style=\"text-align: justify;\"><\/p>\n<p style=\"text-align: justify;\">\u00a0\u201cSomos la herramienta para que las universidades de Ecuador transiten hacia la digitalizaci\u00f3n, las instituciones despu\u00e9s de la pandemia no ser\u00e1n iguales, estamos caminando hacia modelos h\u00edbridos que combinan la presencialidad con la virtualidad y este convenido es el salto para que UEA se encamine a la digitalizaci\u00f3n\u201d.<\/p>\n<p style=\"text-align: justify;\"><\/p>\n<p style=\"text-align: justify;\"><\/p>\n<p style=\"text-align: justify;\"><strong>TALLER \u201cMETODOLOG\u00cdAS ACTIVAS DE ENSE\u00d1ANZA APRENDIZAJE\u201d<\/strong><\/p>\n<p style=\"text-align: justify;\"><\/p>\n<p style=\"text-align: justify;\"><\/p>\n<p style=\"text-align: justify;\">En el marco del reciente convenio, este jueves 29 de julio, se desarroll\u00f3 en el auditorio principal de la casa de estudios amaz\u00f3nica, una capacitaci\u00f3n sobre m\u00e9todos, estrategias y t\u00e9cnicas de estudio en el proceso de ense\u00f1anza-aprendizaje, dirigida al personal docente, con la finalidad de atender las necesidades educativas del siglo XXI.<\/p>\n<p style=\"text-align: justify;\"><\/p>\n<p style=\"text-align: justify;\"><\/p>\n<p style=\"text-align: justify;\">Este espacio, a la vez, sirvi\u00f3 para agradecer el valioso aporte de UNIR, representado por el Dr. Manuel Herrera, quien recibi\u00f3 un reconocimiento por parte de la Asociaci\u00f3n de Docentes de la Universidad Estatal Amaz\u00f3nica (ADUEA), encabezada por el Dr. Luis Manosalvas.<\/p>\n<p style=\"text-align: justify;\"><\/p>\n<p style=\"text-align: justify;\"><\/p>\n<figure class=\"wp-block-image size-large\" style=\"text-align: justify;\"><img decoding=\"async\" width=\"1024\" height=\"678\" class=\"wp-image-12814\" src=\"https:\/\/www.uea.edu.ec\/wp-content\/uploads\/2021\/08\/UNIR2-1024x678.jpg\" alt=\"\" srcset=\"https:\/\/www.uea.edu.ec\/web\/v1\/wp-content\/uploads\/2021\/08\/UNIR2-1024x678.jpg 1024w, https:\/\/www.uea.edu.ec\/web\/v1\/wp-content\/uploads\/2021\/08\/UNIR2-300x199.jpg 300w, https:\/\/www.uea.edu.ec\/web\/v1\/wp-content\/uploads\/2021\/08\/UNIR2-768x509.jpg 768w, https:\/\/www.uea.edu.ec\/web\/v1\/wp-content\/uploads\/2021\/08\/UNIR2-1536x1018.jpg 1536w, https:\/\/www.uea.edu.ec\/web\/v1\/wp-content\/uploads\/2021\/08\/UNIR2.jpg 1772w\" sizes=\"(max-width: 1024px) 100vw, 1024px\" \/><\/figure>\n<p style=\"text-align: justify;\"><\/p>\n<p style=\"text-align: justify;\"><\/p>\n<p style=\"text-align: justify;\"><strong>RELACIONES P\u00daBLICAS UEA <\/strong><\/p>\n<p><\/p>[\/vc_column_text][\/vc_column][\/vc_row]<\/section>","protected":false},"excerpt":{"rendered":"<p>[vc_row][vc_column][vc_column_text] El mi\u00e9rcoles 28 de julio, en la Sala de Sesiones de Consejo Universitario de la Universidad Estatal Amaz\u00f3nica (UEA), el rector, Dr. David Sancho y el Dr. Manuel Herrera, director de Relaciones Internacionales de la Universidad Internacional de la Rioja (UNIR), firmaron un convenio marco de cooperaci\u00f3n interinstitucional para la realizaci\u00f3n de acciones, programas &#8230; <a title=\"NOS FORTALECEMOS CON ALIANZAS ESTRAT\u00c9GICAS PARA LOGRAR LA INTERNACIONALIZACI\u00d3N UNIVERSITARIA\" class=\"read-more\" href=\"https:\/\/www.uea.edu.ec\/web\/v1\/?p=12809\" aria-label=\"M\u00e1s en NOS FORTALECEMOS CON ALIANZAS ESTRAT\u00c9GICAS PARA LOGRAR LA INTERNACIONALIZACI\u00d3N UNIVERSITARIA\">Leer m\u00e1s<\/a><\/p>\n","protected":false},"author":8,"featured_media":12811,"comment_status":"closed","ping_status":"closed","sticky":false,"template":"","format":"standard","meta":{"om_disable_all_campaigns":false,"_monsterinsights_skip_tracking":false,"_monsterinsights_sitenote_active":false,"_monsterinsights_sitenote_note":"","_monsterinsights_sitenote_category":0,"generate_page_header":"","footnotes":""},"categories":[1],"tags":[],"class_list":["post-12809","post","type-post","status-publish","format-standard","has-post-thumbnail","hentry","category-sin-categoria"],"aioseo_notices":[],"_links":{"self":[{"href":"https:\/\/www.uea.edu.ec\/web\/v1\/index.php?rest_route=\/wp\/v2\/posts\/12809"}],"collection":[{"href":"https:\/\/www.uea.edu.ec\/web\/v1\/index.php?rest_route=\/wp\/v2\/posts"}],"about":[{"href":"https:\/\/www.uea.edu.ec\/web\/v1\/index.php?rest_route=\/wp\/v2\/types\/post"}],"author":[{"embeddable":true,"href":"https:\/\/www.uea.edu.ec\/web\/v1\/index.php?rest_route=\/wp\/v2\/users\/8"}],"replies":[{"embeddable":true,"href":"https:\/\/www.uea.edu.ec\/web\/v1\/index.php?rest_route=%2Fwp%2Fv2%2Fcomments&post=12809"}],"version-history":[{"count":5,"href":"https:\/\/www.uea.edu.ec\/web\/v1\/index.php?rest_route=\/wp\/v2\/posts\/12809\/revisions"}],"predecessor-version":[{"id":12832,"href":"https:\/\/www.uea.edu.ec\/web\/v1\/index.php?rest_route=\/wp\/v2\/posts\/12809\/revisions\/12832"}],"wp:featuredmedia":[{"embeddable":true,"href":"https:\/\/www.uea.edu.ec\/web\/v1\/index.php?rest_route=\/wp\/v2\/media\/12811"}],"wp:attachment":[{"href":"https:\/\/www.uea.edu.ec\/web\/v1\/index.php?rest_route=%2Fwp%2Fv2%2Fmedia&parent=12809"}],"wp:term":[{"taxonomy":"category","embeddable":true,"href":"https:\/\/www.uea.edu.ec\/web\/v1\/index.php?rest_route=%2Fwp%2Fv2%2Fcategories&post=12809"},{"taxonomy":"post_tag","embeddable":true,"href":"https:\/\/www.uea.edu.ec\/web\/v1\/index.php?rest_route=%2Fwp%2Fv2%2Ftags&post=12809"}],"curies":[{"name":"wp","href":"https:\/\/api.w.org\/{rel}","templated":true}]}}