{"id":12821,"date":"2021-08-02T15:56:22","date_gmt":"2021-08-02T20:56:22","guid":{"rendered":"https:\/\/www.uea.edu.ec\/?p=12821"},"modified":"2022-01-21T15:51:21","modified_gmt":"2022-01-21T20:51:21","slug":"carrera-de-comunicacion-organizo-webinar-junto-a-reconocidos-artistas-nacionales","status":"publish","type":"post","link":"https:\/\/www.uea.edu.ec\/web\/v1\/?p=12821","title":{"rendered":"CARRERA DE COMUNICACI\u00d3N ORGANIZ\u00d3 WEBINAR JUNTO A RECONOCIDOS ARTISTAS NACIONALES"},"content":{"rendered":"<section class=\"wpb-content-wrapper\">[vc_row][vc_column][vc_column_text]<p><\/p>\n<p style=\"text-align: justify;\">Estudiantes de primer semestre, paralelo \u201cB\u201d de la carrera Comunicaci\u00f3n de la Universidad Estatal Amaz\u00f3nica (UEA), campus matriz Puyo, realizaron un encuentro online a trav\u00e9s de la plataforma Zoom denominado: \u201cComunicaci\u00f3n a trav\u00e9s del arte\u201d, espacio destinado al intercambio de experiencias positivas en relaci\u00f3n al arte como una forma de comunicaci\u00f3n e interacci\u00f3n.<\/p>\n<p style=\"text-align: justify;\"><\/p>\n<p style=\"text-align: justify;\"><\/p>\n<p style=\"text-align: justify;\">El evento web, dirigido por la docente MSc. Antonela Carpio, cont\u00f3 con la presencia de reconocidas figuras en el arte esc\u00e9nico, Jos\u00e9 Pacheco y Gabriela Ru\u00edz, integrantes del elenco de Enchufe Tv, <a href=\"https:\/\/es.wikipedia.org\/wiki\/Serie_de_televisi%C3%B3n\">serie de televisi\u00f3n<\/a>\u00a0y\u00a0<a href=\"https:\/\/es.wikipedia.org\/wiki\/Serie_web\">web<\/a>\u00a0<a href=\"https:\/\/es.wikipedia.org\/wiki\/Ecuatoriana\">ecuatoriana<\/a>\u00a0de\u00a0<a href=\"https:\/\/es.wikipedia.org\/wiki\/Sketch\">sketches<\/a>, producida por Touch\u00e9 Films, que se difunde principalmente en la plataforma de videos\u00a0<a href=\"https:\/\/es.wikipedia.org\/wiki\/YouTube\">YouTube<\/a>.<\/p>\n<p style=\"text-align: justify;\"><\/p>\n<p style=\"text-align: justify;\"><\/p>\n<p style=\"text-align: justify;\">En sus intervenciones, ambos invitados se refirieron a los procesos de la sensibilidad est\u00e9tica y art\u00edstica, as\u00ed como a las funciones socio comunicativas que cobran tanta importancia en nuestra cultura y en la representaci\u00f3n del ser humano para la exploraci\u00f3n y la expresi\u00f3n.<\/p>\n<p style=\"text-align: justify;\"><\/p>\n<p style=\"text-align: justify;\"><\/p>\n<p style=\"text-align: justify;\">De su parte, la Dra. Haide\u00e9 Mar\u00edn, coordinadora de la carrera, tild\u00f3 esta iniciativa estudiantil como innovadora y fresca, pues por un lado favorece los procesos de ense\u00f1anza \u2013 aprendizaje y por otro, fortalece las competencias y habilidades espec\u00edficas de los futuros comunicadores de la Amazon\u00eda, \u201cla comunicaci\u00f3n y el arte, dos disciplinas complementarias que inciden en la transformaci\u00f3n socio cultural de los individuos. Este evento nos llena de orgullo y satisfacci\u00f3n al saber que vamos por buen camino.\u201d<\/p>\n<p style=\"text-align: justify;\"><\/p>\n<p style=\"text-align: justify;\"><\/p>\n<p style=\"text-align: justify;\">En la segunda parte, docentes y estudiantes realizaron un ciclo <em>din\u00e1mico de preguntas<\/em> que fueron despejadas en vivo por los ponentes, <em>as\u00ed tambi\u00e9n, de acuerdo a la organizaci\u00f3n del evento, los participantes e invitados recibir\u00e1n <\/em>certificados digitales avalados por las autoridades universitarias y la Unidad de Educaci\u00f3n Continua. \u00a0<\/p>\n<p style=\"text-align: justify;\"><\/p>\n<p style=\"text-align: justify;\"><\/p>\n<p style=\"text-align: justify;\"><strong>RELACIONES P\u00daBLICAS UEA <\/strong><\/p>\n<p style=\"text-align: justify;\"><\/p>\n<p style=\"text-align: justify;\"><\/p>\n<figure class=\"wp-block-gallery columns-1 is-cropped wp-block-gallery-1 is-layout-flex wp-block-gallery-is-layout-flex\">\n<ul class=\"blocks-gallery-grid\">\n<li class=\"blocks-gallery-item\">\n<figure style=\"text-align: justify;\"><img fetchpriority=\"high\" decoding=\"async\" width=\"1024\" height=\"577\" class=\"wp-image-12824\" src=\"https:\/\/www.uea.edu.ec\/wp-content\/uploads\/2021\/08\/WEBINAR_COMUNICACION2-1024x577.jpg\" alt=\"\" data-id=\"12824\" data-full-url=\"https:\/\/www.uea.edu.ec\/wp-content\/uploads\/2021\/08\/WEBINAR_COMUNICACION2.jpg\" data-link=\"https:\/\/www.uea.edu.ec\/?attachment_id=12824#main\" srcset=\"https:\/\/www.uea.edu.ec\/web\/v1\/wp-content\/uploads\/2021\/08\/WEBINAR_COMUNICACION2-1024x577.jpg 1024w, https:\/\/www.uea.edu.ec\/web\/v1\/wp-content\/uploads\/2021\/08\/WEBINAR_COMUNICACION2-300x169.jpg 300w, https:\/\/www.uea.edu.ec\/web\/v1\/wp-content\/uploads\/2021\/08\/WEBINAR_COMUNICACION2-768x433.jpg 768w, https:\/\/www.uea.edu.ec\/web\/v1\/wp-content\/uploads\/2021\/08\/WEBINAR_COMUNICACION2.jpg 1286w\" sizes=\"(max-width: 1024px) 100vw, 1024px\" \/><\/figure>\n<\/li>\n<\/ul>\n<\/figure>\n<p><\/p>[\/vc_column_text][\/vc_column][\/vc_row]<\/section>","protected":false},"excerpt":{"rendered":"<p>[vc_row][vc_column][vc_column_text] Estudiantes de primer semestre, paralelo \u201cB\u201d de la carrera Comunicaci\u00f3n de la Universidad Estatal Amaz\u00f3nica (UEA), campus matriz Puyo, realizaron un encuentro online a trav\u00e9s de la plataforma Zoom denominado: \u201cComunicaci\u00f3n a trav\u00e9s del arte\u201d, espacio destinado al intercambio de experiencias positivas en relaci\u00f3n al arte como una forma de comunicaci\u00f3n e interacci\u00f3n. El &#8230; <a title=\"CARRERA DE COMUNICACI\u00d3N ORGANIZ\u00d3 WEBINAR JUNTO A RECONOCIDOS ARTISTAS NACIONALES\" class=\"read-more\" href=\"https:\/\/www.uea.edu.ec\/web\/v1\/?p=12821\" aria-label=\"M\u00e1s en CARRERA DE COMUNICACI\u00d3N ORGANIZ\u00d3 WEBINAR JUNTO A RECONOCIDOS ARTISTAS NACIONALES\">Leer m\u00e1s<\/a><\/p>\n","protected":false},"author":8,"featured_media":12823,"comment_status":"closed","ping_status":"closed","sticky":false,"template":"","format":"standard","meta":{"om_disable_all_campaigns":false,"_monsterinsights_skip_tracking":false,"_monsterinsights_sitenote_active":false,"_monsterinsights_sitenote_note":"","_monsterinsights_sitenote_category":0,"generate_page_header":"","footnotes":""},"categories":[1],"tags":[],"class_list":["post-12821","post","type-post","status-publish","format-standard","has-post-thumbnail","hentry","category-sin-categoria"],"aioseo_notices":[],"_links":{"self":[{"href":"https:\/\/www.uea.edu.ec\/web\/v1\/index.php?rest_route=\/wp\/v2\/posts\/12821"}],"collection":[{"href":"https:\/\/www.uea.edu.ec\/web\/v1\/index.php?rest_route=\/wp\/v2\/posts"}],"about":[{"href":"https:\/\/www.uea.edu.ec\/web\/v1\/index.php?rest_route=\/wp\/v2\/types\/post"}],"author":[{"embeddable":true,"href":"https:\/\/www.uea.edu.ec\/web\/v1\/index.php?rest_route=\/wp\/v2\/users\/8"}],"replies":[{"embeddable":true,"href":"https:\/\/www.uea.edu.ec\/web\/v1\/index.php?rest_route=%2Fwp%2Fv2%2Fcomments&post=12821"}],"version-history":[{"count":3,"href":"https:\/\/www.uea.edu.ec\/web\/v1\/index.php?rest_route=\/wp\/v2\/posts\/12821\/revisions"}],"predecessor-version":[{"id":12826,"href":"https:\/\/www.uea.edu.ec\/web\/v1\/index.php?rest_route=\/wp\/v2\/posts\/12821\/revisions\/12826"}],"wp:featuredmedia":[{"embeddable":true,"href":"https:\/\/www.uea.edu.ec\/web\/v1\/index.php?rest_route=\/wp\/v2\/media\/12823"}],"wp:attachment":[{"href":"https:\/\/www.uea.edu.ec\/web\/v1\/index.php?rest_route=%2Fwp%2Fv2%2Fmedia&parent=12821"}],"wp:term":[{"taxonomy":"category","embeddable":true,"href":"https:\/\/www.uea.edu.ec\/web\/v1\/index.php?rest_route=%2Fwp%2Fv2%2Fcategories&post=12821"},{"taxonomy":"post_tag","embeddable":true,"href":"https:\/\/www.uea.edu.ec\/web\/v1\/index.php?rest_route=%2Fwp%2Fv2%2Ftags&post=12821"}],"curies":[{"name":"wp","href":"https:\/\/api.w.org\/{rel}","templated":true}]}}