{"id":12837,"date":"2021-08-04T08:22:54","date_gmt":"2021-08-04T13:22:54","guid":{"rendered":"https:\/\/www.uea.edu.ec\/?p=12837"},"modified":"2022-01-21T15:51:20","modified_gmt":"2022-01-21T20:51:20","slug":"uea-hacia-el-fortalecimiento-institucional-en-la-amazonia","status":"publish","type":"post","link":"https:\/\/www.uea.edu.ec\/web\/v1\/?p=12837","title":{"rendered":"UEA HACIA EL FORTALECIMIENTO INSTITUCIONAL EN LA AMAZON\u00cdA"},"content":{"rendered":"<section class=\"wpb-content-wrapper\">[vc_row][vc_column][vc_column_text]<p><\/p>\n<p style=\"text-align: justify;\">\u201cNuestra misi\u00f3n como universidad es servir al estudiante hoy\u201d, fueron las palabras del Dr. David Sancho, rector de la Universidad Estatal Amaz\u00f3nica (UEA), durante su intervenci\u00f3n en el marco de un conversatorio efectuado el pasado 23 de julio en el cant\u00f3n El Pangui, donde participaron autoridades del r\u00e9gimen nacional y seccional, as\u00ed como ciudadanos de la provincia de Zamora Chinchipe.<\/p>\n<p style=\"text-align: justify;\"><\/p>\n<p style=\"text-align: justify;\"><\/p>\n<p style=\"text-align: justify;\">El encuentro sirvi\u00f3 para intercambiar y consensuar criterios propositivos en torno a la repotenciaci\u00f3n y proyecci\u00f3n institucional de la Sede Acad\u00e9mica UEA-Zamora Chinchipe, con miras a impulsar el futuro de la educaci\u00f3n superior en todos sus niveles para la regi\u00f3n amaz\u00f3nica, todo ello en el marco de la Ley Org\u00e1nica para la Planificaci\u00f3n Integral de la Circunscripci\u00f3n Territorial Especial Amaz\u00f3nica.<\/p>\n<p style=\"text-align: justify;\"><\/p>\n<p style=\"text-align: justify;\"><\/p>\n<p style=\"text-align: justify;\">En esta l\u00ednea, el alcalde de El Pangui, Sr. Carlos Pun\u00edn con su respectivo cuerpo edilicio y el asamble\u00edsta por la provincia, MSc. Diego Esparza, asumieron la responsabilidad y el compromiso de enfocar esfuerzos conjuntos de acuerdo al \u00e1mbito de sus competencias, para la ejecuci\u00f3n de acciones que brinden m\u00e1s oportunidades a los ciudadanos, en especial a las y los bachilleres.<\/p>\n<p style=\"text-align: justify;\"><\/p>\n<p style=\"text-align: justify;\"><\/p>\n<p style=\"text-align: justify;\">\u201cEstoy convencido que esta reuni\u00f3n de trabajo servir\u00e1 para el fortalecimiento de la educaci\u00f3n superior y colectivo del cant\u00f3n, conforme se vayan obteniendo las viabilidades t\u00e9cnicas para realizar la intervenci\u00f3n. Nuestro prop\u00f3sito es velar por el inter\u00e9s social\u201d, enfatiz\u00f3 Pun\u00edn.<\/p>\n<p style=\"text-align: justify;\"><\/p>\n<p style=\"text-align: justify;\"><\/p>\n<p style=\"text-align: justify;\">De su lado, la autoridad legislativa indic\u00f3 que para mejorar la calidad acad\u00e9mica es fundamental la ampliaci\u00f3n de la oferta educativa con calidad y pertinencia, a la par, el fortalecimiento de infraestructura f\u00edsica a trav\u00e9s de la construcci\u00f3n de aulas, laboratorios y dotaci\u00f3n de equipos necesarios para el proceso de ense\u00f1anza y aprendizaje.<\/p>\n<p style=\"text-align: justify;\"><\/p>\n<p style=\"text-align: justify;\"><\/p>\n<p style=\"text-align: justify;\">\u201cLa misma Ley Amaz\u00f3nica contempla, importante y urgente la repotenciaci\u00f3n para el mejoramiento de la oferta acad\u00e9mica para esta extensi\u00f3n universitaria. Tenemos un sue\u00f1o amaz\u00f3nico como zamoranos\u201d, expres\u00f3 Diego Esparza.<\/p>\n<p style=\"text-align: justify;\"><\/p>\n<p style=\"text-align: justify;\"><\/p>\n<p style=\"text-align: justify;\">Finalmente, la m\u00e1xima autoridad universitaria, Dr. Sancho, considera que, para lograrlo, las pol\u00edticas de educaci\u00f3n superior en el pa\u00eds deber\u00e1n redefinir el v\u00ednculo de las universidades con la sociedad, abarcando cada una de sus actividades sustantivas y sus formas de financiamiento.<\/p>\n<p style=\"text-align: justify;\"><\/p>\n<p style=\"text-align: justify;\"><\/p>\n<p style=\"text-align: justify;\">\u201cSomos una universidad regional, hoy necesitamos incrementar carreras, hoy necesitamos incrementar recursos. Todos los j\u00f3venes del Ecuador tienen derecho a la educaci\u00f3n universitaria de pertinencia y calidad. El Estado es el garante de los derechos humanos\u201d, agreg\u00f3 el rector.<\/p>\n<p style=\"text-align: justify;\"><\/p>\n<p style=\"text-align: justify;\"><\/p>\n<p style=\"text-align: justify;\"><strong>TOME NOTA<\/strong><\/p>\n<p style=\"text-align: justify;\"><\/p>\n<p style=\"text-align: justify;\"><\/p>\n<p style=\"text-align: justify;\">La cita sirvi\u00f3, adem\u00e1s, para la suscripci\u00f3n de un Convenio Espec\u00edfico de Cooperaci\u00f3n Interinstitucional, entre la UEA y el Gobierno Aut\u00f3nomo Descentralizado Municipal del Cant\u00f3n El Pangui \u2013 Zamora Chinchipe, con el prop\u00f3sito de encaminar actividades para el levantamiento de informaci\u00f3n e inventario de atractivos tur\u00edsticos del Cant\u00f3n El Pangui, por parte del personal docente y estudiantil de la universidad, esto\u00a0como contribuci\u00f3n a las actividades pr\u00e1cticas de formaci\u00f3n profesional, previo a la obtenci\u00f3n de t\u00edtulos de pregrado de nuestros universitarios.<\/p>\n<p style=\"text-align: justify;\"><\/p>\n<p style=\"text-align: justify;\"><\/p>\n<p style=\"text-align: justify;\"><strong>RELACIONES P\u00daBLICAS UEA<\/strong><\/p>\n<p><\/p>[\/vc_column_text][\/vc_column][\/vc_row]<\/section>","protected":false},"excerpt":{"rendered":"<p>[vc_row][vc_column][vc_column_text] \u201cNuestra misi\u00f3n como universidad es servir al estudiante hoy\u201d, fueron las palabras del Dr. David Sancho, rector de la Universidad Estatal Amaz\u00f3nica (UEA), durante su intervenci\u00f3n en el marco de un conversatorio efectuado el pasado 23 de julio en el cant\u00f3n El Pangui, donde participaron autoridades del r\u00e9gimen nacional y seccional, as\u00ed como ciudadanos &#8230; <a title=\"UEA HACIA EL FORTALECIMIENTO INSTITUCIONAL EN LA AMAZON\u00cdA\" class=\"read-more\" href=\"https:\/\/www.uea.edu.ec\/web\/v1\/?p=12837\" aria-label=\"M\u00e1s en UEA HACIA EL FORTALECIMIENTO INSTITUCIONAL EN LA AMAZON\u00cdA\">Leer m\u00e1s<\/a><\/p>\n","protected":false},"author":8,"featured_media":12839,"comment_status":"closed","ping_status":"closed","sticky":false,"template":"","format":"standard","meta":{"om_disable_all_campaigns":false,"_monsterinsights_skip_tracking":false,"_monsterinsights_sitenote_active":false,"_monsterinsights_sitenote_note":"","_monsterinsights_sitenote_category":0,"generate_page_header":"","footnotes":""},"categories":[1],"tags":[],"class_list":["post-12837","post","type-post","status-publish","format-standard","has-post-thumbnail","hentry","category-sin-categoria"],"aioseo_notices":[],"_links":{"self":[{"href":"https:\/\/www.uea.edu.ec\/web\/v1\/index.php?rest_route=\/wp\/v2\/posts\/12837"}],"collection":[{"href":"https:\/\/www.uea.edu.ec\/web\/v1\/index.php?rest_route=\/wp\/v2\/posts"}],"about":[{"href":"https:\/\/www.uea.edu.ec\/web\/v1\/index.php?rest_route=\/wp\/v2\/types\/post"}],"author":[{"embeddable":true,"href":"https:\/\/www.uea.edu.ec\/web\/v1\/index.php?rest_route=\/wp\/v2\/users\/8"}],"replies":[{"embeddable":true,"href":"https:\/\/www.uea.edu.ec\/web\/v1\/index.php?rest_route=%2Fwp%2Fv2%2Fcomments&post=12837"}],"version-history":[{"count":2,"href":"https:\/\/www.uea.edu.ec\/web\/v1\/index.php?rest_route=\/wp\/v2\/posts\/12837\/revisions"}],"predecessor-version":[{"id":12840,"href":"https:\/\/www.uea.edu.ec\/web\/v1\/index.php?rest_route=\/wp\/v2\/posts\/12837\/revisions\/12840"}],"wp:featuredmedia":[{"embeddable":true,"href":"https:\/\/www.uea.edu.ec\/web\/v1\/index.php?rest_route=\/wp\/v2\/media\/12839"}],"wp:attachment":[{"href":"https:\/\/www.uea.edu.ec\/web\/v1\/index.php?rest_route=%2Fwp%2Fv2%2Fmedia&parent=12837"}],"wp:term":[{"taxonomy":"category","embeddable":true,"href":"https:\/\/www.uea.edu.ec\/web\/v1\/index.php?rest_route=%2Fwp%2Fv2%2Fcategories&post=12837"},{"taxonomy":"post_tag","embeddable":true,"href":"https:\/\/www.uea.edu.ec\/web\/v1\/index.php?rest_route=%2Fwp%2Fv2%2Ftags&post=12837"}],"curies":[{"name":"wp","href":"https:\/\/api.w.org\/{rel}","templated":true}]}}