{"id":12909,"date":"2021-08-19T12:00:29","date_gmt":"2021-08-19T17:00:29","guid":{"rendered":"https:\/\/www.uea.edu.ec\/?p=12909"},"modified":"2022-01-21T15:51:02","modified_gmt":"2022-01-21T20:51:02","slug":"uea-consolida-la-ampliacion-de-la-oferta-academica-con-universidad-de-manabi","status":"publish","type":"post","link":"https:\/\/www.uea.edu.ec\/web\/v1\/?p=12909","title":{"rendered":"UEA CONSOLIDA LA AMPLIACI\u00d3N DE LA OFERTA ACAD\u00c9MICA CON UNIVERSIDAD DE MANAB\u00cd"},"content":{"rendered":"<section class=\"wpb-content-wrapper\">[vc_row][vc_column][vc_column_text]<p><\/p>\n<p style=\"text-align: justify;\">Las universidades Estatal Amaz\u00f3nica y T\u00e9cnica de Manab\u00ed, suscribieron un convenio espec\u00edfico de cooperaci\u00f3n institucional con el objeto de contribuir al incremento de la oferta acad\u00e9mica en la regi\u00f3n amaz\u00f3nica ecuatoriana. La casa de estudios manabita autoriza el uso parcial y\/o total de veinte y cinco proyectos de carrera de pregrado y veinte programas de maestr\u00eda a la UEA, para su posterior presentaci\u00f3n y aprobaci\u00f3n ante el Consejo de Educaci\u00f3n Superior (CES).<\/p>\n<p style=\"text-align: justify;\"><\/p>\n<p style=\"text-align: justify;\"><\/p>\n<p style=\"text-align: justify;\">El evento se desarroll\u00f3 este mi\u00e9rcoles 18 de agosto de 2021, en la ciudad de Portoviejo, donde participaron los doctores Vicente V\u00e9liz Briones y David Sancho Aguilera, m\u00e1ximas autoridades universitarias de la UTM y UEA, respectivamente, junto a sus comitivas.<\/p>\n<p style=\"text-align: justify;\"><\/p>\n<p style=\"text-align: justify;\"><\/p>\n<p style=\"text-align: justify;\">\u201cPara desarrollarnos como pa\u00eds necesitamos un sistema de educaci\u00f3n en donde las universidades nos pensemos como un elemento del sistema. Las relaciones que estamos teniendo contribuyen a fortalecer esa esfera, nos permiten crecer en colectivo. Todo lo que nosotros tenemos, conocemos y somos est\u00e1 a disposici\u00f3n de ustedes\u201d, dijo el rector de la UTM, Dr. V\u00e9liz.<\/p>\n<p style=\"text-align: justify;\"><\/p>\n<p style=\"text-align: justify;\"><\/p>\n<figure class=\"wp-block-image size-large\" style=\"text-align: justify;\"><img fetchpriority=\"high\" decoding=\"async\" width=\"1024\" height=\"718\" class=\"wp-image-12911\" src=\"https:\/\/www.uea.edu.ec\/wp-content\/uploads\/2021\/08\/Manabi3-1024x718.jpg\" alt=\"\" srcset=\"https:\/\/www.uea.edu.ec\/web\/v1\/wp-content\/uploads\/2021\/08\/Manabi3-1024x718.jpg 1024w, https:\/\/www.uea.edu.ec\/web\/v1\/wp-content\/uploads\/2021\/08\/Manabi3-300x210.jpg 300w, https:\/\/www.uea.edu.ec\/web\/v1\/wp-content\/uploads\/2021\/08\/Manabi3-768x539.jpg 768w, https:\/\/www.uea.edu.ec\/web\/v1\/wp-content\/uploads\/2021\/08\/Manabi3-1536x1077.jpg 1536w, https:\/\/www.uea.edu.ec\/web\/v1\/wp-content\/uploads\/2021\/08\/Manabi3.jpg 1600w\" sizes=\"(max-width: 1024px) 100vw, 1024px\" \/><\/figure>\n<p style=\"text-align: justify;\"><\/p>\n<p style=\"text-align: justify;\"><\/p>\n<p style=\"text-align: justify;\">En esta misma l\u00ednea, el rector David Sancho, agradeci\u00f3 por la aceptaci\u00f3n y favorable respuesta recibida por la universidad aliada para la ampliaci\u00f3n de la oferta de programas de pregrado y posgrado p\u00fablicos con calidad y pertinencia, \u201ces un gusto estar en una casa de estudios que tiene una visi\u00f3n real de lo que es el sistema de educaci\u00f3n superior en el Ecuador, con este paso que hoy estamos dando, hacemos efectiva la movilidad de estudiantes, profesores e investigadores. Debemos brindar la oportunidad a los j\u00f3venes de formarse en varias \u00e1reas del conocimiento para que realmente puedan transformar la regi\u00f3n amaz\u00f3nica\u201d, destac\u00f3.<\/p>\n<p style=\"text-align: justify;\"><\/p>\n<p style=\"text-align: justify;\"><\/p>\n<p style=\"text-align: justify;\">En el documento firmando constan las carreras presenciales en: Biotecnolog\u00eda, Ingenier\u00eda Qu\u00edmica, Bioqu\u00edmica y Farmacia, Laboratorio Cl\u00ednico, Enfermer\u00eda, Medicina, Optometr\u00eda, Nutrici\u00f3n y Diet\u00e9tica, Gastronom\u00eda, Ingenier\u00eda Civil, Arquitectura, Mec\u00e1nica, Medicina Veterinaria, Acuicultura, Pedagog\u00eda de la actividad F\u00edsica y Deporte, Pedagog\u00eda de los Idiomas Nacionales y Extranjeros, Pedagog\u00eda de las Ciencias Experimentales \/ Qu\u00edmica y Biolog\u00eda.<\/p>\n<p style=\"text-align: justify;\"><\/p>\n<p style=\"text-align: justify;\"><\/p>\n<p style=\"text-align: justify;\">Mientras que en modalidad online se encuentran: Educaci\u00f3n B\u00e1sica, Educaci\u00f3n Inicial, Psicolog\u00eda, Tecnolog\u00edas de la Informaci\u00f3n, Trabajo Social, Turismo, Derecho, y Econom\u00eda; adicional, se suman veinte programas de cuarto nivel, los cuales la UEA podr\u00e1 impartir en sus aulas en el Campus Matriz de la ciudad de Puyo y sus respectivas Sedes Acad\u00e9micas en Lago Agrio y El Pangui.<\/p>\n<p style=\"text-align: justify;\"><\/p>\n<p style=\"text-align: justify;\"><\/p>\n<p style=\"text-align: justify;\">Con estos elementos, que dan cuenta del nexo para el desarrollo y sostenibilidad de proyectos entre ambas comunidades acad\u00e9micas, la UEA deber\u00e1 completar la informaci\u00f3n, documentaci\u00f3n y particularidades de la aplicaci\u00f3n de los programas, de acuerdo a la Gu\u00eda Metodol\u00f3gica para la Presentaci\u00f3n de Proyectos de Carreras y Programas expedida por el CES.<\/p>\n<p style=\"text-align: justify;\"><\/p>\n<p style=\"text-align: justify;\"><\/p>\n<p style=\"text-align: justify;\"><strong>RELACIONES P\u00daBLICAS UEA <\/strong><\/p>\n<p style=\"text-align: justify;\"><\/p>\n<p style=\"text-align: justify;\"><\/p>\n<figure class=\"wp-block-image size-large\" style=\"text-align: justify;\"><img decoding=\"async\" width=\"822\" height=\"1024\" class=\"wp-image-12912\" src=\"https:\/\/www.uea.edu.ec\/wp-content\/uploads\/2021\/08\/Manabi4-822x1024.jpg\" alt=\"\" srcset=\"https:\/\/www.uea.edu.ec\/web\/v1\/wp-content\/uploads\/2021\/08\/Manabi4-822x1024.jpg 822w, https:\/\/www.uea.edu.ec\/web\/v1\/wp-content\/uploads\/2021\/08\/Manabi4-241x300.jpg 241w, https:\/\/www.uea.edu.ec\/web\/v1\/wp-content\/uploads\/2021\/08\/Manabi4-768x957.jpg 768w, https:\/\/www.uea.edu.ec\/web\/v1\/wp-content\/uploads\/2021\/08\/Manabi4-1233x1536.jpg 1233w, https:\/\/www.uea.edu.ec\/web\/v1\/wp-content\/uploads\/2021\/08\/Manabi4.jpg 1284w\" sizes=\"(max-width: 822px) 100vw, 822px\" \/><\/figure>\n<p><\/p>[\/vc_column_text][\/vc_column][\/vc_row]<\/section>","protected":false},"excerpt":{"rendered":"<p>[vc_row][vc_column][vc_column_text] Las universidades Estatal Amaz\u00f3nica y T\u00e9cnica de Manab\u00ed, suscribieron un convenio espec\u00edfico de cooperaci\u00f3n institucional con el objeto de contribuir al incremento de la oferta acad\u00e9mica en la regi\u00f3n amaz\u00f3nica ecuatoriana. La casa de estudios manabita autoriza el uso parcial y\/o total de veinte y cinco proyectos de carrera de pregrado y veinte programas &#8230; <a title=\"UEA CONSOLIDA LA AMPLIACI\u00d3N DE LA OFERTA ACAD\u00c9MICA CON UNIVERSIDAD DE MANAB\u00cd\" class=\"read-more\" href=\"https:\/\/www.uea.edu.ec\/web\/v1\/?p=12909\" aria-label=\"M\u00e1s en UEA CONSOLIDA LA AMPLIACI\u00d3N DE LA OFERTA ACAD\u00c9MICA CON UNIVERSIDAD DE MANAB\u00cd\">Leer m\u00e1s<\/a><\/p>\n","protected":false},"author":8,"featured_media":12910,"comment_status":"closed","ping_status":"closed","sticky":false,"template":"","format":"standard","meta":{"om_disable_all_campaigns":false,"_monsterinsights_skip_tracking":false,"_monsterinsights_sitenote_active":false,"_monsterinsights_sitenote_note":"","_monsterinsights_sitenote_category":0,"generate_page_header":"","footnotes":""},"categories":[1],"tags":[],"class_list":["post-12909","post","type-post","status-publish","format-standard","has-post-thumbnail","hentry","category-sin-categoria"],"aioseo_notices":[],"_links":{"self":[{"href":"https:\/\/www.uea.edu.ec\/web\/v1\/index.php?rest_route=\/wp\/v2\/posts\/12909"}],"collection":[{"href":"https:\/\/www.uea.edu.ec\/web\/v1\/index.php?rest_route=\/wp\/v2\/posts"}],"about":[{"href":"https:\/\/www.uea.edu.ec\/web\/v1\/index.php?rest_route=\/wp\/v2\/types\/post"}],"author":[{"embeddable":true,"href":"https:\/\/www.uea.edu.ec\/web\/v1\/index.php?rest_route=\/wp\/v2\/users\/8"}],"replies":[{"embeddable":true,"href":"https:\/\/www.uea.edu.ec\/web\/v1\/index.php?rest_route=%2Fwp%2Fv2%2Fcomments&post=12909"}],"version-history":[{"count":2,"href":"https:\/\/www.uea.edu.ec\/web\/v1\/index.php?rest_route=\/wp\/v2\/posts\/12909\/revisions"}],"predecessor-version":[{"id":12914,"href":"https:\/\/www.uea.edu.ec\/web\/v1\/index.php?rest_route=\/wp\/v2\/posts\/12909\/revisions\/12914"}],"wp:featuredmedia":[{"embeddable":true,"href":"https:\/\/www.uea.edu.ec\/web\/v1\/index.php?rest_route=\/wp\/v2\/media\/12910"}],"wp:attachment":[{"href":"https:\/\/www.uea.edu.ec\/web\/v1\/index.php?rest_route=%2Fwp%2Fv2%2Fmedia&parent=12909"}],"wp:term":[{"taxonomy":"category","embeddable":true,"href":"https:\/\/www.uea.edu.ec\/web\/v1\/index.php?rest_route=%2Fwp%2Fv2%2Fcategories&post=12909"},{"taxonomy":"post_tag","embeddable":true,"href":"https:\/\/www.uea.edu.ec\/web\/v1\/index.php?rest_route=%2Fwp%2Fv2%2Ftags&post=12909"}],"curies":[{"name":"wp","href":"https:\/\/api.w.org\/{rel}","templated":true}]}}