{"id":12980,"date":"2021-08-27T16:34:47","date_gmt":"2021-08-27T21:34:47","guid":{"rendered":"https:\/\/www.uea.edu.ec\/?p=12980"},"modified":"2022-01-21T15:51:02","modified_gmt":"2022-01-21T20:51:02","slug":"uea-entrega-proyecto-de-reforma-a-la-ley-amazonica-para-el-fortalecieminto-de-la-educacion-superior","status":"publish","type":"post","link":"https:\/\/www.uea.edu.ec\/web\/v1\/?p=12980","title":{"rendered":"UEA ENTREGA PROYECTO DE REFORMA A LA LEY AMAZ\u00d3NICA PARA EL FORTALECIMIENTO DE LA EDUCACI\u00d3N SUPERIOR"},"content":{"rendered":"<section class=\"wpb-content-wrapper\">[vc_row][vc_column][vc_column_text]<p><\/p>\n<p style=\"text-align: justify;\">Este 27 de agosto, en el Sal\u00f3n de Consejo Universitario de la Universidad Estatal Amaz\u00f3nica (UEA), la principal autoridad acad\u00e9mica, Dr. David Sancho, en rueda de prensa, realiz\u00f3 la entrega de una propuesta de Reforma a la Ley Amaz\u00f3nica, a favor de la educaci\u00f3n superior en la Amazon\u00eda ecuatoriana al asamble\u00edsta de Pastaza, Ing. El\u00edas Jachero.<\/p>\n<p style=\"text-align: justify;\"><\/p>\n<p style=\"text-align: justify;\"><\/p>\n<p style=\"text-align: justify;\">El acto cont\u00f3, adem\u00e1s, con la presencia de autoridades universitarias, Dra. Esthela San Andr\u00e9s y Dr. Carlos Manosalvas, vicerrectores acad\u00e9mico y administrativo, respectivamente.<\/p>\n<p style=\"text-align: justify;\"><\/p>\n<p style=\"text-align: justify;\"><\/p>\n<p style=\"text-align: justify;\">En el marco de las reformas planteadas a la referida Ley &#8211; \u00faltimo inciso del art\u00edculo 66 se propone modificar el apartado que se\u00f1ala: <em>\u201cDe los recursos del Fondo Com\u00fan que se asignen a las Universidades P\u00fablicas en funcionamiento en la Circunscripci\u00f3n, estos ser\u00e1n destinadas para la creaci\u00f3n de nuevas carreras que respondan a la demanda local, y no se podr\u00e1n invertir en gasto administrativo.\u201d,<\/em> por: <em>\u201cLos recursos del Fondo Com\u00fan que se asignen a las Universidades P\u00fablicas en funcionamiento en la Circunscripci\u00f3n, ser\u00e1n de al menos el veinte y cinco por ciento (25%). Se podr\u00e1n utilizar para la creaci\u00f3n de nuevas sedes, extensiones, carreras y para fortalecer la educaci\u00f3n superior; as\u00ed tambi\u00e9n, para la contrataci\u00f3n de personal acad\u00e9mico necesario. En ning\u00fan caso se podr\u00e1n invertir en gasto administrativo\u201d.<\/em><\/p>\n<p style=\"text-align: justify;\"><\/p>\n<p style=\"text-align: justify;\"><\/p>\n<p style=\"text-align: justify;\">En su intervenci\u00f3n, el rector universitario expuso que el planteamiento aspira obtener mayores recursos presupuestarios que puedan tener un impacto positivo en las universidades amaz\u00f3nicas, esto con el objetivo de que el sistema p\u00fablico de educaci\u00f3n superior tenga acciones de mejora relacionadas con: la planta f\u00edsica, equipamiento, diversificaci\u00f3n de carreras y la formaci\u00f3n del personal docente.<\/p>\n<p style=\"text-align: justify;\"><\/p>\n<p style=\"text-align: justify;\"><\/p>\n<p style=\"text-align: justify;\">\u201cNuestra propuesta se centra en la utilizaci\u00f3n del Fondo Com\u00fan, inscrito en la Ley Amaz\u00f3nica, a fin de que se incremente la oferta acad\u00e9mica y brindar la posibilidad de que los j\u00f3venes amaz\u00f3nicos tengan una formaci\u00f3n universitaria de calidad. Esta misiva haremos llegar igualmente a los dem\u00e1s asamble\u00edstas amaz\u00f3nicos a fin de que se plantee en la Asamblea Nacional un di\u00e1logo y posteriormente se concrete.\u201d \u00a0<\/p>\n<p style=\"text-align: justify;\"><\/p>\n<p style=\"text-align: justify;\"><\/p>\n<p style=\"text-align: justify;\">As\u00ed tambi\u00e9n, el asamble\u00edsta por Pastaza dijo que la normativa propuesta garantiza a las universidades una gesti\u00f3n responsable y de calidad en su quehacer educativo, como el\u00a0pilar fundamental sobre el cual debe girar la\u00a0sociedad del futuro, adem\u00e1s, se centr\u00f3 en los compromisos de encaminar esta propuesta ante los legisladores.\u00a0<\/p>\n<p style=\"text-align: justify;\"><\/p>\n<p style=\"text-align: justify;\"><\/p>\n<p style=\"text-align: justify;\">\u201cLa Academia es fundamental para nosotros, es importante recibir propuestas que priorice fondos que le hagan bien a la educaci\u00f3n superior. Para m\u00ed es un honor recibir este documento y poder articular su ejecuci\u00f3n de la mejor forma\u201d.<\/p>\n<p style=\"text-align: justify;\"><\/p>\n<p style=\"text-align: justify;\"><\/p>\n<p style=\"text-align: justify;\"><strong>RELACIONES P\u00daBLICAS UEA <\/strong><\/p>\n<p><\/p>[\/vc_column_text][\/vc_column][\/vc_row]<\/section>","protected":false},"excerpt":{"rendered":"<p>[vc_row][vc_column][vc_column_text] Este 27 de agosto, en el Sal\u00f3n de Consejo Universitario de la Universidad Estatal Amaz\u00f3nica (UEA), la principal autoridad acad\u00e9mica, Dr. David Sancho, en rueda de prensa, realiz\u00f3 la entrega de una propuesta de Reforma a la Ley Amaz\u00f3nica, a favor de la educaci\u00f3n superior en la Amazon\u00eda ecuatoriana al asamble\u00edsta de Pastaza, Ing. &#8230; <a title=\"UEA ENTREGA PROYECTO DE REFORMA A LA LEY AMAZ\u00d3NICA PARA EL FORTALECIMIENTO DE LA EDUCACI\u00d3N SUPERIOR\" class=\"read-more\" href=\"https:\/\/www.uea.edu.ec\/web\/v1\/?p=12980\" aria-label=\"M\u00e1s en UEA ENTREGA PROYECTO DE REFORMA A LA LEY AMAZ\u00d3NICA PARA EL FORTALECIMIENTO DE LA EDUCACI\u00d3N SUPERIOR\">Leer m\u00e1s<\/a><\/p>\n","protected":false},"author":8,"featured_media":12982,"comment_status":"closed","ping_status":"closed","sticky":false,"template":"","format":"standard","meta":{"om_disable_all_campaigns":false,"_monsterinsights_skip_tracking":false,"_monsterinsights_sitenote_active":false,"_monsterinsights_sitenote_note":"","_monsterinsights_sitenote_category":0,"generate_page_header":"","footnotes":""},"categories":[1],"tags":[],"class_list":["post-12980","post","type-post","status-publish","format-standard","has-post-thumbnail","hentry","category-sin-categoria"],"aioseo_notices":[],"_links":{"self":[{"href":"https:\/\/www.uea.edu.ec\/web\/v1\/index.php?rest_route=\/wp\/v2\/posts\/12980"}],"collection":[{"href":"https:\/\/www.uea.edu.ec\/web\/v1\/index.php?rest_route=\/wp\/v2\/posts"}],"about":[{"href":"https:\/\/www.uea.edu.ec\/web\/v1\/index.php?rest_route=\/wp\/v2\/types\/post"}],"author":[{"embeddable":true,"href":"https:\/\/www.uea.edu.ec\/web\/v1\/index.php?rest_route=\/wp\/v2\/users\/8"}],"replies":[{"embeddable":true,"href":"https:\/\/www.uea.edu.ec\/web\/v1\/index.php?rest_route=%2Fwp%2Fv2%2Fcomments&post=12980"}],"version-history":[{"count":4,"href":"https:\/\/www.uea.edu.ec\/web\/v1\/index.php?rest_route=\/wp\/v2\/posts\/12980\/revisions"}],"predecessor-version":[{"id":12986,"href":"https:\/\/www.uea.edu.ec\/web\/v1\/index.php?rest_route=\/wp\/v2\/posts\/12980\/revisions\/12986"}],"wp:featuredmedia":[{"embeddable":true,"href":"https:\/\/www.uea.edu.ec\/web\/v1\/index.php?rest_route=\/wp\/v2\/media\/12982"}],"wp:attachment":[{"href":"https:\/\/www.uea.edu.ec\/web\/v1\/index.php?rest_route=%2Fwp%2Fv2%2Fmedia&parent=12980"}],"wp:term":[{"taxonomy":"category","embeddable":true,"href":"https:\/\/www.uea.edu.ec\/web\/v1\/index.php?rest_route=%2Fwp%2Fv2%2Fcategories&post=12980"},{"taxonomy":"post_tag","embeddable":true,"href":"https:\/\/www.uea.edu.ec\/web\/v1\/index.php?rest_route=%2Fwp%2Fv2%2Ftags&post=12980"}],"curies":[{"name":"wp","href":"https:\/\/api.w.org\/{rel}","templated":true}]}}