{"id":13208,"date":"2021-10-19T16:36:11","date_gmt":"2021-10-19T21:36:11","guid":{"rendered":"https:\/\/www.uea.edu.ec\/?p=13208"},"modified":"2022-01-21T15:51:01","modified_gmt":"2022-01-21T20:51:01","slug":"uea-celebro-su-decimo-noveno-aniversario-con-sesion-solemne","status":"publish","type":"post","link":"https:\/\/www.uea.edu.ec\/web\/v1\/?p=13208","title":{"rendered":"UEA CELEBR\u00d3 SU D\u00c9CIMO NOVENO ANIVERSARIO CON SESI\u00d3N SOLEMNE"},"content":{"rendered":"<section class=\"wpb-content-wrapper\">[vc_row][vc_column][vc_column_text]<p><\/p>\n<p style=\"text-align: justify;\">Plasmar una gesti\u00f3n responsable y un impacto positivo el en sistema p\u00fablico de educaci\u00f3n superior, es la premisa que la Universidad Estatal Amaz\u00f3nica (UEA) resalt\u00f3 este lunes 18 de octubre de 2021, al cumplirse un a\u00f1o m\u00e1s de vida institucional, mediante la celebraci\u00f3n de la Sesi\u00f3n Solemne, n\u00famero 19.<\/p>\n<p style=\"text-align: justify;\"><\/p>\n<p style=\"text-align: justify;\"><\/p>\n<p style=\"text-align: justify;\">Participaron en este acto de aniversario de manera presencial y virtual autoridades e invitados especiales del sistema de Educaci\u00f3n Superior del pa\u00eds, rectores de varias casas de estudio, funcionarios del r\u00e9gimen central, provincial y parroquial, representantes del sector p\u00fablico y privado, as\u00ed como de los pueblos y nacionalidades ind\u00edgenas, militares y eclesi\u00e1sticas.<\/p>\n<p><\/p>\n<p><\/p>\n<figure class=\"wp-block-image size-large\"><img fetchpriority=\"high\" decoding=\"async\" width=\"1024\" height=\"684\" class=\"wp-image-13216\" src=\"https:\/\/www.uea.edu.ec\/wp-content\/uploads\/2021\/10\/ANIVERSARIO2021-2-1024x684.jpg\" alt=\"\" srcset=\"https:\/\/www.uea.edu.ec\/web\/v1\/wp-content\/uploads\/2021\/10\/ANIVERSARIO2021-2-1024x684.jpg 1024w, https:\/\/www.uea.edu.ec\/web\/v1\/wp-content\/uploads\/2021\/10\/ANIVERSARIO2021-2-300x200.jpg 300w, https:\/\/www.uea.edu.ec\/web\/v1\/wp-content\/uploads\/2021\/10\/ANIVERSARIO2021-2-768x513.jpg 768w, https:\/\/www.uea.edu.ec\/web\/v1\/wp-content\/uploads\/2021\/10\/ANIVERSARIO2021-2-1536x1025.jpg 1536w, https:\/\/www.uea.edu.ec\/web\/v1\/wp-content\/uploads\/2021\/10\/ANIVERSARIO2021-2.jpg 1772w\" sizes=\"(max-width: 1024px) 100vw, 1024px\" \/><\/figure>\n<p><\/p>\n<p><\/p>\n<p style=\"text-align: justify;\">Entre los atributos que marcan el renovado rumbo de la UEA, est\u00e1 la determinaci\u00f3n de redefinir el v\u00ednculo con la sociedad para el desarrollo de sus regiones, abarcando cada una de sus actividades sustantivas mediante acciones de mejora relacionadas con infraestructura, equipamiento, ampliaci\u00f3n de la cobertura universitaria, diversificaci\u00f3n de carreras y la capacitaci\u00f3n del talento humano.\u00a0<\/p>\n<p style=\"text-align: justify;\"><\/p>\n<p style=\"text-align: justify;\"><\/p>\n<p style=\"text-align: justify;\">En su discurso, el rector institucional, Dr. M.V. David Sancho A. PhD, indic\u00f3 que el potencial de la UEA se sustenta en la investigaci\u00f3n, la gesti\u00f3n, calidad y vinculaci\u00f3n con la sociedad, m\u00e1ximos constructores de una armonizaci\u00f3n de saberes, sensibilidades y una plena comuni\u00f3n de realidades.<\/p>\n<p style=\"text-align: justify;\"><\/p>\n<p style=\"text-align: justify;\"><\/p>\n<p style=\"text-align: justify;\">\u201cEstamos construyendo un s\u00f3lido cimiento basado en conocimientos cient\u00edficos y human\u00edsticos, contamos con las competencias necesarias de seguir compartiendo propuestas y aunando esfuerzos en aras de conseguir que la instituci\u00f3n sirva cada vez m\u00e1s y mejor a la sociedad que la sustenta\u201d, destac\u00f3.<\/p>\n<p style=\"text-align: justify;\"><\/p>\n<p style=\"text-align: justify;\"><\/p>\n<p style=\"text-align: justify;\">El titular de la Secretar\u00eda de Educaci\u00f3n Superior, Ciencia, Tecnolog\u00eda e Innovaci\u00f3n (SENESCYT), MSc. Alejandro Ribadeneira, se uni\u00f3 a la ceremonia v\u00eda telem\u00e1tica, donde comparti\u00f3 un sublime mensaje y gratitud a la labor educativa que ha desempe\u00f1ado nuestra casa de estudios para el desarrollo y fomento permanentes en la educaci\u00f3n superior del Ecuador.<\/p>\n<p><\/p>\n<p><\/p>\n<figure class=\"wp-block-image size-large\"><img decoding=\"async\" width=\"1024\" height=\"684\" class=\"wp-image-13214\" src=\"https:\/\/www.uea.edu.ec\/wp-content\/uploads\/2021\/10\/ANIVERSARIO2021-1-1024x684.jpg\" alt=\"\" srcset=\"https:\/\/www.uea.edu.ec\/web\/v1\/wp-content\/uploads\/2021\/10\/ANIVERSARIO2021-1-1024x684.jpg 1024w, https:\/\/www.uea.edu.ec\/web\/v1\/wp-content\/uploads\/2021\/10\/ANIVERSARIO2021-1-300x200.jpg 300w, https:\/\/www.uea.edu.ec\/web\/v1\/wp-content\/uploads\/2021\/10\/ANIVERSARIO2021-1-768x513.jpg 768w, https:\/\/www.uea.edu.ec\/web\/v1\/wp-content\/uploads\/2021\/10\/ANIVERSARIO2021-1-1536x1025.jpg 1536w, https:\/\/www.uea.edu.ec\/web\/v1\/wp-content\/uploads\/2021\/10\/ANIVERSARIO2021-1.jpg 1772w\" sizes=\"(max-width: 1024px) 100vw, 1024px\" \/><\/figure>\n<p><\/p>\n<p><\/p>\n<p style=\"text-align: justify;\">Durante el evento, adem\u00e1s, se reconoci\u00f3 a ciudadanos que en el desempe\u00f1o de sus actividades realizaron actos relevantes en beneficio del cant\u00f3n Pastaza y el pa\u00eds, de este justo homenaje en los \u00e1mbitos social y acad\u00e9mico, figuran el Dr. Rafael Sancho, Mons. Rafael Cob, Dra. Lineth Fern\u00e1ndez y Sr. Rolando Hern\u00e1ndez (+).<\/p>\n<p style=\"text-align: justify;\"><\/p>\n<p style=\"text-align: justify;\"><\/p>\n<p style=\"text-align: justify;\">Otro de los puntos centrales fue la suscripci\u00f3n de un convenio de colaboraci\u00f3n institucional entre la UEA y la Federaci\u00f3n Nacional de Periodistas del Ecuador (FENAPE), representado por el MSc. Danilo Villarroel, el cual tiene la intenci\u00f3n de desarrollar actividades de formaci\u00f3n, investigaci\u00f3n, transferencia de conocimientos, asesoramiento t\u00e9cnico, entre otros, con la participaci\u00f3n activa de ambas entidades.<\/p>\n<p style=\"text-align: justify;\"><\/p>\n<p style=\"text-align: justify;\"><\/p>\n<p style=\"text-align: justify;\">Cumplir 19 a\u00f1os de fundaci\u00f3n institucional se convierte en un impulso para construir una s\u00f3lida presencia universitaria en la regi\u00f3n, el cual compromete las leg\u00edtimas aspiraciones y necesidades de nuestros j\u00f3venes y la poblaci\u00f3n en general, entendiendo que la educaci\u00f3n es un bien social y un derecho humano.<\/p>\n<p><\/p>\n<p><\/p>\n<p><strong>RELACIONES P\u00daBLICAS UEA<\/strong><\/p>\n<p><\/p>\n<p><\/p>\n<figure class=\"wp-block-image size-large\"><img decoding=\"async\" width=\"1024\" height=\"684\" class=\"wp-image-13218\" src=\"https:\/\/www.uea.edu.ec\/wp-content\/uploads\/2021\/10\/ANIVERSARIO2021-3-1024x684.jpg\" alt=\"\" srcset=\"https:\/\/www.uea.edu.ec\/web\/v1\/wp-content\/uploads\/2021\/10\/ANIVERSARIO2021-3-1024x684.jpg 1024w, https:\/\/www.uea.edu.ec\/web\/v1\/wp-content\/uploads\/2021\/10\/ANIVERSARIO2021-3-300x200.jpg 300w, https:\/\/www.uea.edu.ec\/web\/v1\/wp-content\/uploads\/2021\/10\/ANIVERSARIO2021-3-768x513.jpg 768w, https:\/\/www.uea.edu.ec\/web\/v1\/wp-content\/uploads\/2021\/10\/ANIVERSARIO2021-3-1536x1025.jpg 1536w, https:\/\/www.uea.edu.ec\/web\/v1\/wp-content\/uploads\/2021\/10\/ANIVERSARIO2021-3.jpg 1772w\" sizes=\"(max-width: 1024px) 100vw, 1024px\" \/><\/figure>\n<p><\/p>[\/vc_column_text][\/vc_column][\/vc_row]<\/section>","protected":false},"excerpt":{"rendered":"<p>[vc_row][vc_column][vc_column_text] Plasmar una gesti\u00f3n responsable y un impacto positivo el en sistema p\u00fablico de educaci\u00f3n superior, es la premisa que la Universidad Estatal Amaz\u00f3nica (UEA) resalt\u00f3 este lunes 18 de octubre de 2021, al cumplirse un a\u00f1o m\u00e1s de vida institucional, mediante la celebraci\u00f3n de la Sesi\u00f3n Solemne, n\u00famero 19. Participaron en este acto de &#8230; <a title=\"UEA CELEBR\u00d3 SU D\u00c9CIMO NOVENO ANIVERSARIO CON SESI\u00d3N SOLEMNE\" class=\"read-more\" href=\"https:\/\/www.uea.edu.ec\/web\/v1\/?p=13208\" aria-label=\"M\u00e1s en UEA CELEBR\u00d3 SU D\u00c9CIMO NOVENO ANIVERSARIO CON SESI\u00d3N SOLEMNE\">Leer m\u00e1s<\/a><\/p>\n","protected":false},"author":8,"featured_media":13212,"comment_status":"closed","ping_status":"closed","sticky":false,"template":"","format":"standard","meta":{"om_disable_all_campaigns":false,"_monsterinsights_skip_tracking":false,"_monsterinsights_sitenote_active":false,"_monsterinsights_sitenote_note":"","_monsterinsights_sitenote_category":0,"generate_page_header":"","footnotes":""},"categories":[1],"tags":[],"class_list":["post-13208","post","type-post","status-publish","format-standard","has-post-thumbnail","hentry","category-sin-categoria"],"aioseo_notices":[],"_links":{"self":[{"href":"https:\/\/www.uea.edu.ec\/web\/v1\/index.php?rest_route=\/wp\/v2\/posts\/13208"}],"collection":[{"href":"https:\/\/www.uea.edu.ec\/web\/v1\/index.php?rest_route=\/wp\/v2\/posts"}],"about":[{"href":"https:\/\/www.uea.edu.ec\/web\/v1\/index.php?rest_route=\/wp\/v2\/types\/post"}],"author":[{"embeddable":true,"href":"https:\/\/www.uea.edu.ec\/web\/v1\/index.php?rest_route=\/wp\/v2\/users\/8"}],"replies":[{"embeddable":true,"href":"https:\/\/www.uea.edu.ec\/web\/v1\/index.php?rest_route=%2Fwp%2Fv2%2Fcomments&post=13208"}],"version-history":[{"count":6,"href":"https:\/\/www.uea.edu.ec\/web\/v1\/index.php?rest_route=\/wp\/v2\/posts\/13208\/revisions"}],"predecessor-version":[{"id":13223,"href":"https:\/\/www.uea.edu.ec\/web\/v1\/index.php?rest_route=\/wp\/v2\/posts\/13208\/revisions\/13223"}],"wp:featuredmedia":[{"embeddable":true,"href":"https:\/\/www.uea.edu.ec\/web\/v1\/index.php?rest_route=\/wp\/v2\/media\/13212"}],"wp:attachment":[{"href":"https:\/\/www.uea.edu.ec\/web\/v1\/index.php?rest_route=%2Fwp%2Fv2%2Fmedia&parent=13208"}],"wp:term":[{"taxonomy":"category","embeddable":true,"href":"https:\/\/www.uea.edu.ec\/web\/v1\/index.php?rest_route=%2Fwp%2Fv2%2Fcategories&post=13208"},{"taxonomy":"post_tag","embeddable":true,"href":"https:\/\/www.uea.edu.ec\/web\/v1\/index.php?rest_route=%2Fwp%2Fv2%2Ftags&post=13208"}],"curies":[{"name":"wp","href":"https:\/\/api.w.org\/{rel}","templated":true}]}}