{"id":13234,"date":"2021-10-20T11:36:52","date_gmt":"2021-10-20T16:36:52","guid":{"rendered":"https:\/\/www.uea.edu.ec\/?p=13234"},"modified":"2022-01-21T15:51:01","modified_gmt":"2022-01-21T20:51:01","slug":"docentes-y-directivos-de-la-uea-cursaran-talleres-en-linea-junto-a-la-universidad-internacional-de-la-rioja","status":"publish","type":"post","link":"https:\/\/www.uea.edu.ec\/web\/v1\/?p=13234","title":{"rendered":"DOCENTES Y DIRECTIVOS DE LA UEA CURSAR\u00c1N TALLERES EN L\u00cdNEA JUNTO A LA UNIVERSIDAD INTERNACIONAL DE LA RIOJA"},"content":{"rendered":"<section class=\"wpb-content-wrapper\">[vc_row][vc_column][vc_column_text]<p><\/p>\n<p style=\"text-align: justify;\">El pasado lunes 18 de octubre, en el auditorio principal de la Universidad Estatal Amaz\u00f3nica (UEA) se realiz\u00f3 el lanzamiento de los cursos online: \u201cCompetencias Digitales y Dise\u00f1o de Materiales Did\u00e1cticos para la Educaci\u00f3n en L\u00ednea y \u201cDirecci\u00f3n y Gesti\u00f3n de Universidades\u201d, dirigidos al cuerpo directivo y catedr\u00e1tico de la instituci\u00f3n e impulsados por la Universidad Internacional de la Rioja (UNIR), en el marco de un convenio de colaboraci\u00f3n.<\/p>\n<p style=\"text-align: justify;\"><\/p>\n<p style=\"text-align: justify;\"><\/p>\n<p style=\"text-align: justify;\">El evento cont\u00f3 con la presencia del Dr. Manuel Herrera- director de Relaciones Internacionales de UNIR, autoridades universitarias, doctores David Sancho, Esthela San Andr\u00e9s y Carlos Manosalvas, quienes brindaron las palabras de bienvenida y agradecimiento a los docentes presentes y a los que estuvieron conectados mediante videoconferencia.<\/p>\n<p><\/p>\n<p><\/p>\n<figure class=\"wp-block-image size-large\"><img fetchpriority=\"high\" decoding=\"async\" width=\"1024\" height=\"682\" class=\"wp-image-13238\" src=\"https:\/\/www.uea.edu.ec\/wp-content\/uploads\/2021\/10\/EVENTO_UNIR2-1024x682.jpg\" alt=\"\" srcset=\"https:\/\/www.uea.edu.ec\/web\/v1\/wp-content\/uploads\/2021\/10\/EVENTO_UNIR2-1024x682.jpg 1024w, https:\/\/www.uea.edu.ec\/web\/v1\/wp-content\/uploads\/2021\/10\/EVENTO_UNIR2-300x200.jpg 300w, https:\/\/www.uea.edu.ec\/web\/v1\/wp-content\/uploads\/2021\/10\/EVENTO_UNIR2-768x512.jpg 768w, https:\/\/www.uea.edu.ec\/web\/v1\/wp-content\/uploads\/2021\/10\/EVENTO_UNIR2-1536x1024.jpg 1536w, https:\/\/www.uea.edu.ec\/web\/v1\/wp-content\/uploads\/2021\/10\/EVENTO_UNIR2.jpg 1772w\" sizes=\"(max-width: 1024px) 100vw, 1024px\" \/><\/figure>\n<p><\/p>\n<p><\/p>\n<p style=\"text-align: justify;\">De acuerdo al representante de la casa de estudios espa\u00f1ola, el primer taller tiene la finalidad de promover experiencias educativas apoyadas en las nuevas tecnolog\u00edas junto a estrategias y t\u00e9cnicas de ense\u00f1anza-aprendizaje; mientras que el segundo, aspira desarrollar modelos de gesti\u00f3n y liderazgo entre los directivos para afrontar las nuevas demandas del entorno.<\/p>\n<p style=\"text-align: justify;\"><\/p>\n<p style=\"text-align: justify;\"><\/p>\n<p style=\"text-align: justify;\">\u201cEstas jornadas de capacitaci\u00f3n constituyen oportunidades de generar innovaci\u00f3n en diversas \u00e1reas de especializaci\u00f3n para los docentes y directivos, todo ello gracias al convenio con la UEA. Los cursos presentados esta ma\u00f1ana representan un instrumento de apoyo para el sistema de educaci\u00f3n superior ecuatoriano\u201d, se\u00f1al\u00f3 Herrera. \u00a0<\/p>\n<p style=\"text-align: justify;\"><\/p>\n<p style=\"text-align: justify;\"><\/p>\n<p style=\"text-align: justify;\">En esta misma l\u00ednea, Dr. M.V. David Sancho A. PhD, rector de la UEA, indic\u00f3 que, dentro de los planes estrat\u00e9gicos de desarrollo institucional, la formaci\u00f3n de calidad y actualizaci\u00f3n de toda la comunidad universitaria es una prioridad, pues para implantar un nuevo modelo de gesti\u00f3n se requiere innovaci\u00f3n, flexibilidad y tecnolog\u00eda.<\/p>\n<p><\/p>\n<p><\/p>\n<p style=\"text-align: justify;\">Bajo este mismo criterio, la vicerrectora acad\u00e9mica, Dra. Esthela San Andr\u00e9s, agradeci\u00f3 por la aceptaci\u00f3n y favorable respuesta recibida por parte del claustro docente para el logro de objetivo mutuos, \u201csu presencia compromete las leg\u00edtimas aspiraciones hacia la expansi\u00f3n y fortalecimiento de competencias, formaci\u00f3n y capacitaci\u00f3n del talento humano\u201d, concluy\u00f3.<\/p>\n<p><\/p>\n<p><\/p>\n<p><\/p>\n<p><\/p>\n<p><strong>RELACIONES P\u00daBLICAS UEA<\/strong><\/p>\n<p><\/p>\n<p><\/p>\n<figure class=\"wp-block-image size-large\"><img decoding=\"async\" width=\"1024\" height=\"682\" class=\"wp-image-13239\" src=\"https:\/\/www.uea.edu.ec\/wp-content\/uploads\/2021\/10\/EVENTO_UNIR3-1024x682.jpg\" alt=\"\" srcset=\"https:\/\/www.uea.edu.ec\/web\/v1\/wp-content\/uploads\/2021\/10\/EVENTO_UNIR3-1024x682.jpg 1024w, https:\/\/www.uea.edu.ec\/web\/v1\/wp-content\/uploads\/2021\/10\/EVENTO_UNIR3-300x200.jpg 300w, https:\/\/www.uea.edu.ec\/web\/v1\/wp-content\/uploads\/2021\/10\/EVENTO_UNIR3-768x512.jpg 768w, https:\/\/www.uea.edu.ec\/web\/v1\/wp-content\/uploads\/2021\/10\/EVENTO_UNIR3-1536x1024.jpg 1536w, https:\/\/www.uea.edu.ec\/web\/v1\/wp-content\/uploads\/2021\/10\/EVENTO_UNIR3.jpg 1772w\" sizes=\"(max-width: 1024px) 100vw, 1024px\" \/><\/figure>\n<p><\/p>[\/vc_column_text][\/vc_column][\/vc_row]<\/section>","protected":false},"excerpt":{"rendered":"<p>[vc_row][vc_column][vc_column_text] El pasado lunes 18 de octubre, en el auditorio principal de la Universidad Estatal Amaz\u00f3nica (UEA) se realiz\u00f3 el lanzamiento de los cursos online: \u201cCompetencias Digitales y Dise\u00f1o de Materiales Did\u00e1cticos para la Educaci\u00f3n en L\u00ednea y \u201cDirecci\u00f3n y Gesti\u00f3n de Universidades\u201d, dirigidos al cuerpo directivo y catedr\u00e1tico de la instituci\u00f3n e impulsados por &#8230; <a title=\"DOCENTES Y DIRECTIVOS DE LA UEA CURSAR\u00c1N TALLERES EN L\u00cdNEA JUNTO A LA UNIVERSIDAD INTERNACIONAL DE LA RIOJA\" class=\"read-more\" href=\"https:\/\/www.uea.edu.ec\/web\/v1\/?p=13234\" aria-label=\"M\u00e1s en DOCENTES Y DIRECTIVOS DE LA UEA CURSAR\u00c1N TALLERES EN L\u00cdNEA JUNTO A LA UNIVERSIDAD INTERNACIONAL DE LA RIOJA\">Leer m\u00e1s<\/a><\/p>\n","protected":false},"author":8,"featured_media":13236,"comment_status":"closed","ping_status":"closed","sticky":false,"template":"","format":"standard","meta":{"om_disable_all_campaigns":false,"_monsterinsights_skip_tracking":false,"_monsterinsights_sitenote_active":false,"_monsterinsights_sitenote_note":"","_monsterinsights_sitenote_category":0,"generate_page_header":"","footnotes":""},"categories":[1],"tags":[],"class_list":["post-13234","post","type-post","status-publish","format-standard","has-post-thumbnail","hentry","category-sin-categoria"],"aioseo_notices":[],"_links":{"self":[{"href":"https:\/\/www.uea.edu.ec\/web\/v1\/index.php?rest_route=\/wp\/v2\/posts\/13234"}],"collection":[{"href":"https:\/\/www.uea.edu.ec\/web\/v1\/index.php?rest_route=\/wp\/v2\/posts"}],"about":[{"href":"https:\/\/www.uea.edu.ec\/web\/v1\/index.php?rest_route=\/wp\/v2\/types\/post"}],"author":[{"embeddable":true,"href":"https:\/\/www.uea.edu.ec\/web\/v1\/index.php?rest_route=\/wp\/v2\/users\/8"}],"replies":[{"embeddable":true,"href":"https:\/\/www.uea.edu.ec\/web\/v1\/index.php?rest_route=%2Fwp%2Fv2%2Fcomments&post=13234"}],"version-history":[{"count":7,"href":"https:\/\/www.uea.edu.ec\/web\/v1\/index.php?rest_route=\/wp\/v2\/posts\/13234\/revisions"}],"predecessor-version":[{"id":13245,"href":"https:\/\/www.uea.edu.ec\/web\/v1\/index.php?rest_route=\/wp\/v2\/posts\/13234\/revisions\/13245"}],"wp:featuredmedia":[{"embeddable":true,"href":"https:\/\/www.uea.edu.ec\/web\/v1\/index.php?rest_route=\/wp\/v2\/media\/13236"}],"wp:attachment":[{"href":"https:\/\/www.uea.edu.ec\/web\/v1\/index.php?rest_route=%2Fwp%2Fv2%2Fmedia&parent=13234"}],"wp:term":[{"taxonomy":"category","embeddable":true,"href":"https:\/\/www.uea.edu.ec\/web\/v1\/index.php?rest_route=%2Fwp%2Fv2%2Fcategories&post=13234"},{"taxonomy":"post_tag","embeddable":true,"href":"https:\/\/www.uea.edu.ec\/web\/v1\/index.php?rest_route=%2Fwp%2Fv2%2Ftags&post=13234"}],"curies":[{"name":"wp","href":"https:\/\/api.w.org\/{rel}","templated":true}]}}