{"id":15078,"date":"2022-05-05T14:13:03","date_gmt":"2022-05-05T19:13:03","guid":{"rendered":"https:\/\/www.uea.edu.ec\/?p=15078"},"modified":"2022-05-05T15:19:15","modified_gmt":"2022-05-05T20:19:15","slug":"uea-sera-anfitriona-de-la-i-cumbre-amazonica-de-periodismo-y-cambio-climatico-2022","status":"publish","type":"post","link":"https:\/\/www.uea.edu.ec\/web\/v1\/?p=15078","title":{"rendered":"UEA SER\u00c1 ANFITRIONA DE LA I CUMBRE AMAZ\u00d3NICA DE PERIODISMO Y CAMBIO CLIM\u00c1TICO 2022"},"content":{"rendered":"<section class=\"wpb-content-wrapper\"><p>[vc_row][vc_column][vc_column_text]<\/p>\n<p><\/p>\n\n\n<\/p>\n<p style=\"text-align: justify;\">La I Edici\u00f3n de la Cumbre Amaz\u00f3nica de Periodismo y Cambio Clim\u00e1tico se llevar\u00e1 adelante del 9 al 11 de junio de 2022 en el Auditorio Principal de la Universidad Estatal Amaz\u00f3nica (UEA), en Puyo, y reunir\u00e1 a m\u00e1s de 200 asistentes, entre periodistas, representantes de comunidades amaz\u00f3nicas, activistas ambientales, acad\u00e9micos, estudiantes y ciudadanos interesados en el periodismo y su sentido social, el di\u00e1logo y la difusi\u00f3n de conocimientos cient\u00edficos y ancestrales.<\/p>\n<p style=\"text-align: justify;\">Por primera vez, la universidad amaz\u00f3nica ser\u00e1 anfitriona de un evento que aspira debatir y reflexionar sobre las coberturas period\u00edsticas en tem\u00e1ticas relacionadas con los efectos del cambio clim\u00e1tico y la lucha contra la desinformaci\u00f3n.<\/p>\n<p style=\"text-align: justify;\">La organizaci\u00f3n est\u00e1 liderada por la Federaci\u00f3n Nacional de Periodistas del Ecuador con el apoyo de la Uni\u00f3n Europea en Ecuador, la Embajada de los Estados Unidos en Ecuador y la Oficina Regional de UNESCO para Venezuela, Colombia, Ecuador y Bolivia.<\/p>\n<p style=\"text-align: justify;\">Asimismo, se han adherido socios estrat\u00e9gicos como: Convoca-Per\u00fa, la organizaci\u00f3n regional Connectas, y la organizaci\u00f3n Derechos Digitales. A esta iniciativa, tambi\u00e9n se han unido medios de comunicaci\u00f3n entre los que figuran: La Barra Espaciadora, Plan V, GK, Ecuador Chequea, Ecuavisa, e INTI.<\/p>\n<p style=\"text-align: justify;\">Para incentivar la participaci\u00f3n de los periodistas amaz\u00f3nicos y de otras regiones del pa\u00eds, los organizadores otorgar\u00e1n 60 becas, en las que se incluye una jornada de trabajo intensivo el s\u00e1bado 11 de junio mediante un TechCamp con diversos talleres enfocados en nuevas herramientas period\u00edsticas y que, estar\u00e1n a cargo de expertos locales e internacionales.<\/p>\n<p style=\"text-align: justify;\">En este contexto, la Cumbre constituye el evento m\u00e1s esperado de la Amazon\u00eda ecuatoriana en materia de comunicaci\u00f3n y cambio clim\u00e1tico. Para la UEA, representa un espacio democr\u00e1tico de construcci\u00f3n de propuestas para el enriquecimiento de este inmenso territorio con el resto del pa\u00eds y el mundo y, as\u00ed poder consolidar relaciones y estructurar propuestas significativas y sostenibles con el entorno a largo plazo.<\/p>\n<p style=\"text-align: justify;\"><strong>\u00a0<\/strong><strong>RELACIONES P\u00daBLICAS UEA <\/strong><\/p>\n<p style=\"text-align: justify;\">\u00a0<\/p>\n<p>\n\n\n<p><\/p>\n<p>[\/vc_column_text][\/vc_column][\/vc_row]<\/p><\/section>","protected":false},"excerpt":{"rendered":"<p>[vc_row][vc_column][vc_column_text] La I Edici\u00f3n de la Cumbre Amaz\u00f3nica de Periodismo y Cambio Clim\u00e1tico se llevar\u00e1 adelante del 9 al 11 de junio de 2022 en el Auditorio Principal de la Universidad Estatal Amaz\u00f3nica (UEA), en Puyo, y reunir\u00e1 a m\u00e1s de 200 asistentes, entre periodistas, representantes de comunidades amaz\u00f3nicas, activistas ambientales, acad\u00e9micos, estudiantes y ciudadanos &#8230; <a title=\"UEA SER\u00c1 ANFITRIONA DE LA I CUMBRE AMAZ\u00d3NICA DE PERIODISMO Y CAMBIO CLIM\u00c1TICO 2022\" class=\"read-more\" href=\"https:\/\/www.uea.edu.ec\/web\/v1\/?p=15078\" aria-label=\"M\u00e1s en UEA SER\u00c1 ANFITRIONA DE LA I CUMBRE AMAZ\u00d3NICA DE PERIODISMO Y CAMBIO CLIM\u00c1TICO 2022\">Leer m\u00e1s<\/a><\/p>\n","protected":false},"author":8,"featured_media":15097,"comment_status":"closed","ping_status":"closed","sticky":false,"template":"","format":"standard","meta":{"om_disable_all_campaigns":false,"_monsterinsights_skip_tracking":false,"_monsterinsights_sitenote_active":false,"_monsterinsights_sitenote_note":"","_monsterinsights_sitenote_category":0,"generate_page_header":"","footnotes":""},"categories":[1],"tags":[],"class_list":["post-15078","post","type-post","status-publish","format-standard","has-post-thumbnail","hentry","category-sin-categoria"],"aioseo_notices":[],"_links":{"self":[{"href":"https:\/\/www.uea.edu.ec\/web\/v1\/index.php?rest_route=\/wp\/v2\/posts\/15078"}],"collection":[{"href":"https:\/\/www.uea.edu.ec\/web\/v1\/index.php?rest_route=\/wp\/v2\/posts"}],"about":[{"href":"https:\/\/www.uea.edu.ec\/web\/v1\/index.php?rest_route=\/wp\/v2\/types\/post"}],"author":[{"embeddable":true,"href":"https:\/\/www.uea.edu.ec\/web\/v1\/index.php?rest_route=\/wp\/v2\/users\/8"}],"replies":[{"embeddable":true,"href":"https:\/\/www.uea.edu.ec\/web\/v1\/index.php?rest_route=%2Fwp%2Fv2%2Fcomments&post=15078"}],"version-history":[{"count":5,"href":"https:\/\/www.uea.edu.ec\/web\/v1\/index.php?rest_route=\/wp\/v2\/posts\/15078\/revisions"}],"predecessor-version":[{"id":15098,"href":"https:\/\/www.uea.edu.ec\/web\/v1\/index.php?rest_route=\/wp\/v2\/posts\/15078\/revisions\/15098"}],"wp:featuredmedia":[{"embeddable":true,"href":"https:\/\/www.uea.edu.ec\/web\/v1\/index.php?rest_route=\/wp\/v2\/media\/15097"}],"wp:attachment":[{"href":"https:\/\/www.uea.edu.ec\/web\/v1\/index.php?rest_route=%2Fwp%2Fv2%2Fmedia&parent=15078"}],"wp:term":[{"taxonomy":"category","embeddable":true,"href":"https:\/\/www.uea.edu.ec\/web\/v1\/index.php?rest_route=%2Fwp%2Fv2%2Fcategories&post=15078"},{"taxonomy":"post_tag","embeddable":true,"href":"https:\/\/www.uea.edu.ec\/web\/v1\/index.php?rest_route=%2Fwp%2Fv2%2Ftags&post=15078"}],"curies":[{"name":"wp","href":"https:\/\/api.w.org\/{rel}","templated":true}]}}