{"id":15147,"date":"2022-05-20T10:21:35","date_gmt":"2022-05-20T15:21:35","guid":{"rendered":"https:\/\/www.uea.edu.ec\/?p=15147"},"modified":"2022-05-20T10:25:09","modified_gmt":"2022-05-20T15:25:09","slug":"fortalecemos-la-sabiduria-amazonica-a-traves-de-wuayusa-upina","status":"publish","type":"post","link":"https:\/\/www.uea.edu.ec\/web\/v1\/?p=15147","title":{"rendered":"FORTALECEMOS LA SABIDUR\u00cdA AMAZ\u00d3NICA A TRAV\u00c9S DE WUAYUSA UPINA"},"content":{"rendered":"<section class=\"wpb-content-wrapper\">[vc_row][vc_column][vc_column_text]<p><\/p>\n<p style=\"text-align: justify;\">Con la participaci\u00f3n de la comunidad universitaria, este jueves 19 de mayo a partir de las 04:00, la Universidad Estatal Amaz\u00f3nica (UEA), llev\u00f3 adelante la ceremonia ancestral \u201cWuayusa Upina\u201d, apegados a la ritualidad e identidad de nuestros pueblos amaz\u00f3nicos.<\/p>\n<p style=\"text-align: justify;\"><\/p>\n<p style=\"text-align: justify;\"><\/p>\n<p style=\"text-align: justify;\">La organizaci\u00f3n de este espacio estuvo liderada por el colectivo Retomando Ra\u00edces, agrupaci\u00f3n estudiantil que promueve el desarrollo identitario, cultural, material y espiritual del ser humano a trav\u00e9s de las diversas cosmovisiones de las nacionalidades del Ecuador.<\/p>\n<p style=\"text-align: justify;\"><\/p>\n<p style=\"text-align: justify;\"><\/p>\n<p style=\"text-align: justify;\">La jornada inici\u00f3 junto al calor del fog\u00f3n mientras se cocinaba la bebida sagrada que ser\u00eda compartida entre todos los invitados, a la par, se presentaron rituales, danzas e historias que fortalecen lo sagrado y las expresiones culturales.<\/p>\n<p style=\"text-align: justify;\"><\/p>\n<p style=\"text-align: justify;\"><\/p>\n<p style=\"text-align: justify;\">Para la m\u00e1xima autoridad universitaria, Dr. M.V. David Sancho A. Phd, este enfoque supone una reconstrucci\u00f3n de la pedagog\u00eda intercultural, pues desde la UEA se plantea el aprovechamiento de las diversas manifestaciones bajo una perspectiva de formaci\u00f3n integral, \u201cla Universidad tiene que fomentar estos espacios de encuentro donde nuestros j\u00f3venes se identifiquen, reconozcan y se apropien de su cultura\u201d, mencion\u00f3.<\/p>\n<p style=\"text-align: justify;\"><\/p>\n<p style=\"text-align: justify;\"><\/p>\n<p style=\"text-align: justify;\">Por su parte, Limara Andrade, estudiante de Agroindustrial, resalt\u00f3 que este ritual ind\u00edgena fusiona el di\u00e1logo familiar, la planificaci\u00f3n del d\u00eda y la interpretaci\u00f3n de los sue\u00f1os, estableciendo un circuito de comunicaci\u00f3n intergeneracional, \u201cesta ceremonia sagrada interpreta los sue\u00f1os y nos da la fuerza para afrontar la vida, siendo la wuayusa una bebida que purifica el cuerpo para un nuevo d\u00eda\u201d, destac\u00f3.<\/p>\n<p><\/p>\n<p><\/p>\n<figure class=\"wp-block-image size-large\"><img fetchpriority=\"high\" decoding=\"async\" width=\"1024\" height=\"683\" class=\"wp-image-15152\" src=\"https:\/\/www.uea.edu.ec\/wp-content\/uploads\/2022\/05\/Guayusa3-1024x683.jpg\" alt=\"\" srcset=\"https:\/\/www.uea.edu.ec\/web\/v1\/wp-content\/uploads\/2022\/05\/Guayusa3-1024x683.jpg 1024w, https:\/\/www.uea.edu.ec\/web\/v1\/wp-content\/uploads\/2022\/05\/Guayusa3-300x200.jpg 300w, https:\/\/www.uea.edu.ec\/web\/v1\/wp-content\/uploads\/2022\/05\/Guayusa3-768x512.jpg 768w, https:\/\/www.uea.edu.ec\/web\/v1\/wp-content\/uploads\/2022\/05\/Guayusa3-1536x1024.jpg 1536w, https:\/\/www.uea.edu.ec\/web\/v1\/wp-content\/uploads\/2022\/05\/Guayusa3.jpg 1594w\" sizes=\"(max-width: 1024px) 100vw, 1024px\" \/><\/figure>\n<p><\/p>\n<p><\/p>\n<p style=\"text-align: justify;\">Tulio Viteri, representante del pueblo kichwa de Sarayaku, cursa actualmente la carrera de Biolog\u00eda en la UEA, recalc\u00f3 que la construcci\u00f3n de la atm\u00f3sfera del colectivo Retomando Ra\u00edces ha provocado un impacto positivo en el contexto universitario, gracias a ello se han establecido espacios de di\u00e1logo, testimonios vivenciales y eventos identitarios amaz\u00f3nicos.<\/p>\n<p style=\"text-align: justify;\"><\/p>\n<p style=\"text-align: justify;\"><\/p>\n<p style=\"text-align: justify;\">Adem\u00e1s, seg\u00fan Viteri, \u201cRetomando Ra\u00edces est\u00e1 tratando de revalorizar las distintas tradiciones en el contexto universitario. Es importante reconocernos y apoyarnos en estos procesos. Agradecemos a las autoridades universitarias por brindar apertura a estos eventos, que sin duda alguna confieren un sentimiento de unidad e identidad pluricultural\u201d.<\/p>\n<p><\/p>\n<p><\/p>\n<p><strong>RELACIONES P\u00daBLICAS UEA <\/strong><\/p>\n<p><\/p>\n<p><\/p>\n<figure class=\"wp-block-image size-large\"><img decoding=\"async\" width=\"1024\" height=\"683\" class=\"wp-image-15151\" src=\"https:\/\/www.uea.edu.ec\/wp-content\/uploads\/2022\/05\/Guayusa2-1024x683.jpg\" alt=\"\" srcset=\"https:\/\/www.uea.edu.ec\/web\/v1\/wp-content\/uploads\/2022\/05\/Guayusa2-1024x683.jpg 1024w, https:\/\/www.uea.edu.ec\/web\/v1\/wp-content\/uploads\/2022\/05\/Guayusa2-300x200.jpg 300w, https:\/\/www.uea.edu.ec\/web\/v1\/wp-content\/uploads\/2022\/05\/Guayusa2-768x512.jpg 768w, https:\/\/www.uea.edu.ec\/web\/v1\/wp-content\/uploads\/2022\/05\/Guayusa2-1536x1024.jpg 1536w, https:\/\/www.uea.edu.ec\/web\/v1\/wp-content\/uploads\/2022\/05\/Guayusa2.jpg 1594w\" sizes=\"(max-width: 1024px) 100vw, 1024px\" \/><\/figure>\n<p><\/p>[\/vc_column_text][\/vc_column][\/vc_row]<\/section>","protected":false},"excerpt":{"rendered":"<p>[vc_row][vc_column][vc_column_text] Con la participaci\u00f3n de la comunidad universitaria, este jueves 19 de mayo a partir de las 04:00, la Universidad Estatal Amaz\u00f3nica (UEA), llev\u00f3 adelante la ceremonia ancestral \u201cWuayusa Upina\u201d, apegados a la ritualidad e identidad de nuestros pueblos amaz\u00f3nicos. La organizaci\u00f3n de este espacio estuvo liderada por el colectivo Retomando Ra\u00edces, agrupaci\u00f3n estudiantil que &#8230; <a title=\"FORTALECEMOS LA SABIDUR\u00cdA AMAZ\u00d3NICA A TRAV\u00c9S DE WUAYUSA UPINA\" class=\"read-more\" href=\"https:\/\/www.uea.edu.ec\/web\/v1\/?p=15147\" aria-label=\"M\u00e1s en FORTALECEMOS LA SABIDUR\u00cdA AMAZ\u00d3NICA A TRAV\u00c9S DE WUAYUSA UPINA\">Leer m\u00e1s<\/a><\/p>\n","protected":false},"author":8,"featured_media":15148,"comment_status":"closed","ping_status":"closed","sticky":false,"template":"","format":"standard","meta":{"om_disable_all_campaigns":false,"_monsterinsights_skip_tracking":false,"_monsterinsights_sitenote_active":false,"_monsterinsights_sitenote_note":"","_monsterinsights_sitenote_category":0,"generate_page_header":"","footnotes":""},"categories":[1],"tags":[],"class_list":["post-15147","post","type-post","status-publish","format-standard","has-post-thumbnail","hentry","category-sin-categoria"],"aioseo_notices":[],"_links":{"self":[{"href":"https:\/\/www.uea.edu.ec\/web\/v1\/index.php?rest_route=\/wp\/v2\/posts\/15147"}],"collection":[{"href":"https:\/\/www.uea.edu.ec\/web\/v1\/index.php?rest_route=\/wp\/v2\/posts"}],"about":[{"href":"https:\/\/www.uea.edu.ec\/web\/v1\/index.php?rest_route=\/wp\/v2\/types\/post"}],"author":[{"embeddable":true,"href":"https:\/\/www.uea.edu.ec\/web\/v1\/index.php?rest_route=\/wp\/v2\/users\/8"}],"replies":[{"embeddable":true,"href":"https:\/\/www.uea.edu.ec\/web\/v1\/index.php?rest_route=%2Fwp%2Fv2%2Fcomments&post=15147"}],"version-history":[{"count":4,"href":"https:\/\/www.uea.edu.ec\/web\/v1\/index.php?rest_route=\/wp\/v2\/posts\/15147\/revisions"}],"predecessor-version":[{"id":15155,"href":"https:\/\/www.uea.edu.ec\/web\/v1\/index.php?rest_route=\/wp\/v2\/posts\/15147\/revisions\/15155"}],"wp:featuredmedia":[{"embeddable":true,"href":"https:\/\/www.uea.edu.ec\/web\/v1\/index.php?rest_route=\/wp\/v2\/media\/15148"}],"wp:attachment":[{"href":"https:\/\/www.uea.edu.ec\/web\/v1\/index.php?rest_route=%2Fwp%2Fv2%2Fmedia&parent=15147"}],"wp:term":[{"taxonomy":"category","embeddable":true,"href":"https:\/\/www.uea.edu.ec\/web\/v1\/index.php?rest_route=%2Fwp%2Fv2%2Fcategories&post=15147"},{"taxonomy":"post_tag","embeddable":true,"href":"https:\/\/www.uea.edu.ec\/web\/v1\/index.php?rest_route=%2Fwp%2Fv2%2Ftags&post=15147"}],"curies":[{"name":"wp","href":"https:\/\/api.w.org\/{rel}","templated":true}]}}