{"id":15206,"date":"2022-06-03T12:16:00","date_gmt":"2022-06-03T17:16:00","guid":{"rendered":"https:\/\/www.uea.edu.ec\/?p=15206"},"modified":"2022-06-03T13:52:11","modified_gmt":"2022-06-03T18:52:11","slug":"uea-lidera-foro-amazonico-para-un-presente-y-futuro-sostenible","status":"publish","type":"post","link":"https:\/\/www.uea.edu.ec\/web\/v1\/?p=15206","title":{"rendered":"UEA LIDERA FORO AMAZ\u00d3NICO PARA UN PRESENTE Y FUTURO SOSTENIBLE"},"content":{"rendered":"<section class=\"wpb-content-wrapper\">[vc_row][vc_column][vc_column_text]<p><\/p>\n<p style=\"text-align: justify;\">Gracias al trabajo colaborativo de distintas organizaciones internacionales, regionales y acad\u00e9micas, esta \u00faltima, representada por la Universidad Estatal Amaz\u00f3nica (UEA), se celebr\u00f3 en Puyo uno de los encuentros m\u00e1s significativos para la conservaci\u00f3n de la naturaleza, el \u201cI Foro Internacional Amazon\u00eda en Com\u00fan: Territorios, Convivencia y Sostenibilidad\u201d.<\/p>\n<p style=\"text-align: justify;\"><\/p>\n<p style=\"text-align: justify;\"><\/p>\n<p style=\"text-align: justify;\">Durante el 1 y 2 de junio se dio lugar una agenda plural y propositiva en la que se incluy\u00f3 ferias asociativas, talleres tem\u00e1ticos y conferencias junto a importantes panelistas quienes -de acuerdo al objetivo y prop\u00f3sito del evento- abordaron, en el primer d\u00eda, tem\u00e1ticas enfocadas a perspectivas cr\u00edticas sobre protecci\u00f3n, producci\u00f3n y apropiaci\u00f3n, desaf\u00edos en g\u00e9nero y cambio clim\u00e1tico en la Amazon\u00eda ecuatoriana, entre otros.<\/p>\n<p style=\"text-align: justify;\"><\/p>\n<p style=\"text-align: justify;\"><\/p>\n<figure class=\"wp-block-image size-full\" style=\"text-align: justify;\"><img fetchpriority=\"high\" decoding=\"async\" width=\"737\" height=\"493\" class=\"wp-image-15209\" src=\"https:\/\/www.uea.edu.ec\/wp-content\/uploads\/2022\/06\/FORO1_2022.jpg\" alt=\"\" srcset=\"https:\/\/www.uea.edu.ec\/web\/v1\/wp-content\/uploads\/2022\/06\/FORO1_2022.jpg 737w, https:\/\/www.uea.edu.ec\/web\/v1\/wp-content\/uploads\/2022\/06\/FORO1_2022-300x201.jpg 300w\" sizes=\"(max-width: 737px) 100vw, 737px\" \/><\/figure>\n<p style=\"text-align: justify;\"><\/p>\n<p style=\"text-align: justify;\"><\/p>\n<p style=\"text-align: justify;\">De acuerdo a Katy Machoa, delegada de la Confederaci\u00f3n de las Nacionalidades Ind\u00edgenas de la Amazon\u00eda Ecuatoriana (CONFENIAE), este evento articul\u00f3 a tres sectores estrat\u00e9gicos para una implementaci\u00f3n de acciones m\u00e1s efectivas que potencien y aceleren la preservaci\u00f3n de la biodiversidad, como son la academia, las nacionalidades ind\u00edgenas de cuenca amaz\u00f3nica y los organismos internacionales.<\/p>\n<p style=\"text-align: justify;\"><\/p>\n<p style=\"text-align: justify;\"><\/p>\n<p style=\"text-align: justify;\">\u201cTodos nos necesitamos mutuamente puesto que la importancia del territorio amaz\u00f3nico implica generar acciones desde una mirada local hacia lo global. Aspiro que estas alianzas sean un inicio para poder seguir profundizando estudios e investigaciones considerando la coexistencia de pensamientos con el desarrollo cient\u00edfico para seguir sosteniendo la vida\u201d, se\u00f1al\u00f3 Machoa.<\/p>\n<p style=\"text-align: justify;\"><\/p>\n<p style=\"text-align: justify;\"><\/p>\n<p style=\"text-align: justify;\">A la par, destac\u00f3 que con este encuentro se pretende la implicaci\u00f3n de los actores con capacidad de influencia en la definici\u00f3n de pol\u00edticas p\u00fablicas y personalidades sociales en un espacio de di\u00e1logo, \u201cpara nosotros es una estrategia a trav\u00e9s de elementos cient\u00edficos, debates y an\u00e1lisis poder concientizar sobre todo a quienes est\u00e1n en los lugares de toma de decisi\u00f3n pol\u00edtica\u201d, resalt\u00f3.\u00a0<\/p>\n<p style=\"text-align: justify;\"><\/p>\n<p style=\"text-align: justify;\"><\/p>\n<p style=\"text-align: justify;\">En esta misma l\u00ednea, Yolanda Ch\u00e1vez, representante de la Wildlife Conservation Society (WCS), consider\u00f3 que la participaci\u00f3n efectiva en todos los niveles de acci\u00f3n local, nacional e internacional puede contribuir a mejorar las condiciones de los territorios, sobre todo, en los que se incorpora la academia para la gesti\u00f3n de conocimientos.<\/p>\n<p style=\"text-align: justify;\"><\/p>\n<p style=\"text-align: justify;\"><\/p>\n<p style=\"text-align: justify;\">\u201cPara nosotros es importante participar en estos espacios porque concentran distintos l\u00edderes donde se pueden plantear propuestas y brindar soporte desde nuestro \u00e1mbito de acci\u00f3n como son: la conservaci\u00f3n de territorios, apoyo al desarrollo sostenible y el rescate de conocimientos ancestrales\u201d.\u00a0<\/p>\n<p style=\"text-align: justify;\"><\/p>\n<p style=\"text-align: justify;\"><\/p>\n<p style=\"text-align: justify;\">Desde la Amazon\u00eda ecuatoriana, esta casa de estudios superiores present\u00f3 una jornada internacional para el enriquecimiento de este inmenso territorio con el resto del pa\u00eds y el mundo y, as\u00ed poder consolidar relaciones y estructurar propuestas significativas y sostenibles con el entorno a largo plazo.<\/p>\n<p style=\"text-align: justify;\"><\/p>\n<p style=\"text-align: justify;\"><\/p>\n<p style=\"text-align: justify;\"><strong>TOME NOTA<\/strong><\/p>\n<p style=\"text-align: justify;\"><\/p>\n<p style=\"text-align: justify;\"><\/p>\n<p style=\"text-align: justify;\">La organizaci\u00f3n y apoyo del Foro Internacional Amazon\u00eda en Com\u00fan fue respaldado por las siguientes instituciones:<\/p>\n<p style=\"text-align: justify;\"><\/p>\n<p style=\"text-align: justify;\"><\/p>\n<ul class=\"wp-block-list\" style=\"text-align: justify;\">\n<li>Embajada de Francia en Ecuador<\/li>\n<li>Instituto de Investigaci\u00f3n para el Desarrollo (IRD)<\/li>\n<li>Universidad Estatal Amaz\u00f3nica (UEA)<\/li>\n<li>Coordinaci\u00f3n de las Organizaciones Ind\u00edgenas de la Cuenca Amaz\u00f3nica (COICA) Confederaci\u00f3n de las Nacionalidades Ind\u00edgenas de la Amazonia Ecuatoriana (CONFENIAE)<\/li>\n<li>Alianza Francesa de Cuenca<\/li>\n<li>Agencia Francesa de Desarrollo (AFD)<\/li>\n<li>Casa de la Cultura Ecuatoriana N\u00facleo Pastaza<\/li>\n<\/ul>\n<p style=\"text-align: justify;\"><\/p>\n<p style=\"text-align: justify;\"><\/p>\n<p style=\"text-align: justify;\"><strong>RELACIONES P\u00daBLICAS UEA<\/strong><\/p>\n<p style=\"text-align: justify;\"><\/p>\n<p style=\"text-align: justify;\"><\/p>\n<figure class=\"wp-block-gallery has-nested-images columns-default is-cropped wp-block-gallery-1 is-layout-flex wp-block-gallery-is-layout-flex\">\n<figure class=\"wp-block-image size-large\" style=\"text-align: justify;\"><img decoding=\"async\" width=\"737\" height=\"493\" data-id=\"15210\" class=\"wp-image-15210\" src=\"https:\/\/www.uea.edu.ec\/wp-content\/uploads\/2022\/06\/FORO2_2022.jpg\" alt=\"\" srcset=\"https:\/\/www.uea.edu.ec\/web\/v1\/wp-content\/uploads\/2022\/06\/FORO2_2022.jpg 737w, https:\/\/www.uea.edu.ec\/web\/v1\/wp-content\/uploads\/2022\/06\/FORO2_2022-300x201.jpg 300w\" sizes=\"(max-width: 737px) 100vw, 737px\" \/><\/figure>\n<p><\/p>\n<\/figure>\n<p><\/p>[\/vc_column_text][\/vc_column][\/vc_row]<\/section>","protected":false},"excerpt":{"rendered":"<p>[vc_row][vc_column][vc_column_text] Gracias al trabajo colaborativo de distintas organizaciones internacionales, regionales y acad\u00e9micas, esta \u00faltima, representada por la Universidad Estatal Amaz\u00f3nica (UEA), se celebr\u00f3 en Puyo uno de los encuentros m\u00e1s significativos para la conservaci\u00f3n de la naturaleza, el \u201cI Foro Internacional Amazon\u00eda en Com\u00fan: Territorios, Convivencia y Sostenibilidad\u201d. Durante el 1 y 2 de junio &#8230; <a title=\"UEA LIDERA FORO AMAZ\u00d3NICO PARA UN PRESENTE Y FUTURO SOSTENIBLE\" class=\"read-more\" href=\"https:\/\/www.uea.edu.ec\/web\/v1\/?p=15206\" aria-label=\"M\u00e1s en UEA LIDERA FORO AMAZ\u00d3NICO PARA UN PRESENTE Y FUTURO SOSTENIBLE\">Leer m\u00e1s<\/a><\/p>\n","protected":false},"author":8,"featured_media":15208,"comment_status":"closed","ping_status":"closed","sticky":false,"template":"","format":"standard","meta":{"om_disable_all_campaigns":false,"_monsterinsights_skip_tracking":false,"_monsterinsights_sitenote_active":false,"_monsterinsights_sitenote_note":"","_monsterinsights_sitenote_category":0,"generate_page_header":"","footnotes":""},"categories":[1],"tags":[],"class_list":["post-15206","post","type-post","status-publish","format-standard","has-post-thumbnail","hentry","category-sin-categoria"],"aioseo_notices":[],"_links":{"self":[{"href":"https:\/\/www.uea.edu.ec\/web\/v1\/index.php?rest_route=\/wp\/v2\/posts\/15206"}],"collection":[{"href":"https:\/\/www.uea.edu.ec\/web\/v1\/index.php?rest_route=\/wp\/v2\/posts"}],"about":[{"href":"https:\/\/www.uea.edu.ec\/web\/v1\/index.php?rest_route=\/wp\/v2\/types\/post"}],"author":[{"embeddable":true,"href":"https:\/\/www.uea.edu.ec\/web\/v1\/index.php?rest_route=\/wp\/v2\/users\/8"}],"replies":[{"embeddable":true,"href":"https:\/\/www.uea.edu.ec\/web\/v1\/index.php?rest_route=%2Fwp%2Fv2%2Fcomments&post=15206"}],"version-history":[{"count":4,"href":"https:\/\/www.uea.edu.ec\/web\/v1\/index.php?rest_route=\/wp\/v2\/posts\/15206\/revisions"}],"predecessor-version":[{"id":15213,"href":"https:\/\/www.uea.edu.ec\/web\/v1\/index.php?rest_route=\/wp\/v2\/posts\/15206\/revisions\/15213"}],"wp:featuredmedia":[{"embeddable":true,"href":"https:\/\/www.uea.edu.ec\/web\/v1\/index.php?rest_route=\/wp\/v2\/media\/15208"}],"wp:attachment":[{"href":"https:\/\/www.uea.edu.ec\/web\/v1\/index.php?rest_route=%2Fwp%2Fv2%2Fmedia&parent=15206"}],"wp:term":[{"taxonomy":"category","embeddable":true,"href":"https:\/\/www.uea.edu.ec\/web\/v1\/index.php?rest_route=%2Fwp%2Fv2%2Fcategories&post=15206"},{"taxonomy":"post_tag","embeddable":true,"href":"https:\/\/www.uea.edu.ec\/web\/v1\/index.php?rest_route=%2Fwp%2Fv2%2Ftags&post=15206"}],"curies":[{"name":"wp","href":"https:\/\/api.w.org\/{rel}","templated":true}]}}