{"id":15260,"date":"2022-06-07T11:15:24","date_gmt":"2022-06-07T16:15:24","guid":{"rendered":"https:\/\/www.uea.edu.ec\/?p=15260"},"modified":"2022-06-07T11:20:31","modified_gmt":"2022-06-07T16:20:31","slug":"incorporamos-a-mas-de-220-profesionales-al-ecuador","status":"publish","type":"post","link":"https:\/\/www.uea.edu.ec\/web\/v1\/?p=15260","title":{"rendered":"INCORPORAMOS A M\u00c1S DE 220 PROFESIONALES AL ECUADOR"},"content":{"rendered":"<section class=\"wpb-content-wrapper\">[vc_row][vc_column][vc_column_text]<p><\/p>\n<p style=\"text-align: justify;\">Cumpliendo con la funci\u00f3n de formar profesionales de calidad y as\u00ed responder a las necesidades de especializaci\u00f3n frente a las din\u00e1micas globales en el contexto laboral, la Universidad Estatal Amaz\u00f3nica (UEA) realiz\u00f3, del 25 al 27 de mayo de 2022, tres ceremonias de investidura para homenajear a sus estudiantes en la culminaci\u00f3n de su etapa universitaria.<\/p>\n<p style=\"text-align: justify;\"><\/p>\n<p style=\"text-align: justify;\"><\/p>\n<p style=\"text-align: justify;\">El evento se llev\u00f3 a cabo en el auditorio principal de la instituci\u00f3n &#8211; campus Puyo, en presencia de las principales autoridades universitarias encabezadas por la Dra. Esthela San Andr\u00e9s, vicerrectora acad\u00e9mica, docentes, graduados y familiares.<\/p>\n<p style=\"text-align: justify;\"><\/p>\n<p style=\"text-align: justify;\"><\/p>\n<p class=\"wp-block-gallery-1 is-layout-flex wp-block-gallery-is-layout-flex\" style=\"text-align: justify;\"><\/p>\n<p style=\"text-align: justify;\"><\/p>\n<p style=\"text-align: justify;\">Doscientos veinte y tres graduados, provenientes de diversas localidades del pa\u00eds fueron los protagonistas de este evento, quienes recibieron sus t\u00edtulos profesionales en las carreras de Ambiental, Turismo y Biolog\u00eda, pertenecientes a la Facultad de Ciencias de la Vida.<\/p>\n<p style=\"text-align: justify;\"><\/p>\n<p style=\"text-align: justify;\"><\/p>\n<p style=\"text-align: justify;\">Durante las ceremonias, <strong>que volvieron a tener un car\u00e1cter presencial,<\/strong> se plasmaron momentos emotivos que ser\u00e1n recordados como s\u00edmbolo de esfuerzo, resiliencia y dedicaci\u00f3n. Precisamente, se desarroll\u00f3 la primera graduaci\u00f3n de profesionales en Biolog\u00eda, acontecimiento de gran relevancia para la Amazon\u00eda, pues marca el fortalecimiento de una s\u00f3lida oferta acad\u00e9mica en la regi\u00f3n.<\/p>\n<p style=\"text-align: justify;\"><\/p>\n<p style=\"text-align: justify;\"><\/p>\n<p style=\"text-align: justify;\">En su discurso de apertura, la vicerrectora acad\u00e9mica se refiri\u00f3 a los pilares identitarios de la instituci\u00f3n acad\u00e9mica, los cuales garantizan una plena participaci\u00f3n de nuestros egresados en el desarrollo econ\u00f3mico, tecnol\u00f3gico, social y ambiental del Ecuador.<\/p>\n<p style=\"text-align: justify;\"><\/p>\n<p style=\"text-align: justify;\"><\/p>\n<p style=\"text-align: justify;\">\u201cSabemos que nuestros graduados est\u00e1n listos para afrontar los retos que implican ingresar al \u00e1mbito laboral y tambi\u00e9n al campo del emprendimiento. Ellos sabr\u00e1n tomar el camino correcto\u201d, destac\u00f3 la vicerrectora.<\/p>\n<p style=\"text-align: justify;\"><\/p>\n<p style=\"text-align: justify;\"><\/p>\n<p style=\"text-align: justify;\">A trav\u00e9s de estas acciones, la UEA reafirma su compromiso de contribuir al desarrollo de la regi\u00f3n y el pa\u00eds, formando profesionales con altos est\u00e1ndares de calidad acad\u00e9mica y comprometidos con la preservaci\u00f3n de la Amazon\u00eda. \u00a0\u00a0\u00a0<\/p>\n<p style=\"text-align: justify;\"><\/p>\n<p style=\"text-align: justify;\"><\/p>\n<p style=\"text-align: justify;\"><strong>\u00a0<\/strong><strong>RELACIONES P\u00daBLICAS UEA <\/strong><\/p>\n<p style=\"text-align: justify;\"><\/p>\n<p style=\"text-align: justify;\"><\/p>\n<figure class=\"wp-block-gallery has-nested-images columns-default is-cropped wp-block-gallery-2 is-layout-flex wp-block-gallery-is-layout-flex\">\n<figure class=\"wp-block-image size-large\" style=\"text-align: justify;\"><img fetchpriority=\"high\" decoding=\"async\" width=\"1024\" height=\"590\" data-id=\"15264\" class=\"wp-image-15264\" src=\"https:\/\/www.uea.edu.ec\/wp-content\/uploads\/2022\/06\/grados2022.-1-1024x590.jpg\" alt=\"\" srcset=\"https:\/\/www.uea.edu.ec\/web\/v1\/wp-content\/uploads\/2022\/06\/grados2022.-1-1024x590.jpg 1024w, https:\/\/www.uea.edu.ec\/web\/v1\/wp-content\/uploads\/2022\/06\/grados2022.-1-300x173.jpg 300w, https:\/\/www.uea.edu.ec\/web\/v1\/wp-content\/uploads\/2022\/06\/grados2022.-1-768x443.jpg 768w, https:\/\/www.uea.edu.ec\/web\/v1\/wp-content\/uploads\/2022\/06\/grados2022.-1.jpg 1280w\" sizes=\"(max-width: 1024px) 100vw, 1024px\" \/><\/figure>\n<p><\/p>\n<\/figure>\n<p><\/p>[\/vc_column_text][\/vc_column][\/vc_row]<\/section>","protected":false},"excerpt":{"rendered":"<p>[vc_row][vc_column][vc_column_text] Cumpliendo con la funci\u00f3n de formar profesionales de calidad y as\u00ed responder a las necesidades de especializaci\u00f3n frente a las din\u00e1micas globales en el contexto laboral, la Universidad Estatal Amaz\u00f3nica (UEA) realiz\u00f3, del 25 al 27 de mayo de 2022, tres ceremonias de investidura para homenajear a sus estudiantes en la culminaci\u00f3n de su &#8230; <a title=\"INCORPORAMOS A M\u00c1S DE 220 PROFESIONALES AL ECUADOR\" class=\"read-more\" href=\"https:\/\/www.uea.edu.ec\/web\/v1\/?p=15260\" aria-label=\"M\u00e1s en INCORPORAMOS A M\u00c1S DE 220 PROFESIONALES AL ECUADOR\">Leer m\u00e1s<\/a><\/p>\n","protected":false},"author":8,"featured_media":15262,"comment_status":"closed","ping_status":"closed","sticky":false,"template":"","format":"standard","meta":{"om_disable_all_campaigns":false,"_monsterinsights_skip_tracking":false,"_monsterinsights_sitenote_active":false,"_monsterinsights_sitenote_note":"","_monsterinsights_sitenote_category":0,"generate_page_header":"","footnotes":""},"categories":[1],"tags":[],"class_list":["post-15260","post","type-post","status-publish","format-standard","has-post-thumbnail","hentry","category-sin-categoria"],"aioseo_notices":[],"_links":{"self":[{"href":"https:\/\/www.uea.edu.ec\/web\/v1\/index.php?rest_route=\/wp\/v2\/posts\/15260"}],"collection":[{"href":"https:\/\/www.uea.edu.ec\/web\/v1\/index.php?rest_route=\/wp\/v2\/posts"}],"about":[{"href":"https:\/\/www.uea.edu.ec\/web\/v1\/index.php?rest_route=\/wp\/v2\/types\/post"}],"author":[{"embeddable":true,"href":"https:\/\/www.uea.edu.ec\/web\/v1\/index.php?rest_route=\/wp\/v2\/users\/8"}],"replies":[{"embeddable":true,"href":"https:\/\/www.uea.edu.ec\/web\/v1\/index.php?rest_route=%2Fwp%2Fv2%2Fcomments&post=15260"}],"version-history":[{"count":6,"href":"https:\/\/www.uea.edu.ec\/web\/v1\/index.php?rest_route=\/wp\/v2\/posts\/15260\/revisions"}],"predecessor-version":[{"id":15270,"href":"https:\/\/www.uea.edu.ec\/web\/v1\/index.php?rest_route=\/wp\/v2\/posts\/15260\/revisions\/15270"}],"wp:featuredmedia":[{"embeddable":true,"href":"https:\/\/www.uea.edu.ec\/web\/v1\/index.php?rest_route=\/wp\/v2\/media\/15262"}],"wp:attachment":[{"href":"https:\/\/www.uea.edu.ec\/web\/v1\/index.php?rest_route=%2Fwp%2Fv2%2Fmedia&parent=15260"}],"wp:term":[{"taxonomy":"category","embeddable":true,"href":"https:\/\/www.uea.edu.ec\/web\/v1\/index.php?rest_route=%2Fwp%2Fv2%2Fcategories&post=15260"},{"taxonomy":"post_tag","embeddable":true,"href":"https:\/\/www.uea.edu.ec\/web\/v1\/index.php?rest_route=%2Fwp%2Fv2%2Ftags&post=15260"}],"curies":[{"name":"wp","href":"https:\/\/api.w.org\/{rel}","templated":true}]}}