{"id":15301,"date":"2022-06-15T09:05:24","date_gmt":"2022-06-15T14:05:24","guid":{"rendered":"https:\/\/www.uea.edu.ec\/?p=15301"},"modified":"2022-06-15T09:13:52","modified_gmt":"2022-06-15T14:13:52","slug":"culmina-con-exito-la-primera-cumbre-de-periodismo-y-cambio-climatico-en-la-uea","status":"publish","type":"post","link":"https:\/\/www.uea.edu.ec\/web\/v1\/?p=15301","title":{"rendered":"CULMINA CON \u00c9XITO LA PRIMERA CUMBRE\u00a0DE PERIODISMO Y CAMBIO CLIM\u00c1TICO EN LA UEA"},"content":{"rendered":"<section class=\"wpb-content-wrapper\">[vc_row][vc_column][vc_column_text]<p><\/p>\n<p style=\"text-align: justify;\">Con la asistencia de 656 participantes y cerca de 50 panelistas de Estados Unidos, Colombia, Ecuador, Per\u00fa, Chile, Francia y Espa\u00f1a, concluy\u00f3 el pasado 11 de junio la \u201cI Cumbre Amaz\u00f3nica de Periodismo y Cambio Clim\u00e1tico 2022\u201d, que se celebr\u00f3 en la Universidad Estatal Amaz\u00f3nica (UEA), en la ciudad de Puyo-Ecuador.<\/p>\n<p style=\"text-align: justify;\"><\/p>\n<p style=\"text-align: justify;\"><\/p>\n<p style=\"text-align: justify;\">La Cumbre, que fue convocada de manera conjunta por Fundamedios, la Federaci\u00f3n Nacional de Periodistas del Ecuador y la UEA a trav\u00e9s de la carrera de Comunicaci\u00f3n, con el apoyo de la Uni\u00f3n Europea en Ecuador, la Embajada de los Estados Unidos y la Oficina Regional de UNESCO, hizo p\u00fablica la potencialidad y sentido social del periodismo con su dimensi\u00f3n estructural para la transmisi\u00f3n de informaci\u00f3n de calidad.<\/p>\n<p style=\"text-align: justify;\"><\/p>\n<p style=\"text-align: justify;\"><\/p>\n<p style=\"text-align: justify;\">As\u00ed tambi\u00e9n, los asistentes abogaron por el fortalecimiento de tem\u00e1ticas relacionadas con los efectos del cambio clim\u00e1tico y el impacto en las econom\u00edas nacionales y la biodiversidad. Para ello, se abordaron diversos estudios e investigaciones cient\u00edficas con el fin de preservar medios de subsistencia como son el h\u00e1bitat y el desarrollo tecnol\u00f3gico y cient\u00edfico de las naciones del mundo.<\/p>\n<p style=\"text-align: justify;\"><\/p>\n<p style=\"text-align: justify;\"><\/p>\n<p style=\"text-align: justify;\">Este evento consolid\u00f3 un espacio \u00fanico para compartir experiencias y encontrar soluciones y mecanismos de conservaci\u00f3n de la naturaleza impulsados por los pueblos ind\u00edgenas y comunidades locales, as\u00ed como en la construcci\u00f3n de una agenda concertada para combatir con \u00e9xito la desinformaci\u00f3n.<\/p>\n<p style=\"text-align: justify;\"><\/p>\n<p style=\"text-align: justify;\"><\/p>\n<p style=\"text-align: justify;\">Entre otros puntos a destacar, la cumbre recibi\u00f3 una excepcional aceptaci\u00f3n y cobertura por la calidad de los expositores, organizaci\u00f3n y concurrencia masiva de periodistas, representantes de comunidades amaz\u00f3nicas, cient\u00edficos, activistas ambientales, acad\u00e9micos y estudiantes, principalmente, de la carrera de Comunicaci\u00f3n de la UEA, quienes, adem\u00e1s, tuvieron un acercamiento a la realidad de su campo profesional, destacando responsabilidad y compromiso.<\/p>\n<p style=\"text-align: justify;\"><\/p>\n<p style=\"text-align: justify;\"><\/p>\n<p style=\"text-align: justify;\">Raz\u00f3n de ello, se establecieron distintos equipos de trabajo que brindaron soporte a esta actividad: Comunicaci\u00f3n, Prensa y Fotograf\u00eda, Relaciones P\u00fablicas y Comunicaci\u00f3n Intercultural, este \u00faltimo, conformado por universitarios de nacionalidades y pueblos Kichwa, Shuar, Salasaka, Achuar, Karanki, Waorani, Puruh\u00e1 y Quijos.<\/p>\n<p style=\"text-align: justify;\"><\/p>\n<p style=\"text-align: justify;\"><\/p>\n<figure class=\"wp-block-gallery has-nested-images columns-default is-cropped wp-block-gallery-1 is-layout-flex wp-block-gallery-is-layout-flex\" style=\"text-align: justify;\">\n<figure class=\"wp-block-image size-large\"><img fetchpriority=\"high\" decoding=\"async\" width=\"1024\" height=\"682\" data-id=\"15307\" class=\"wp-image-15307\" src=\"https:\/\/www.uea.edu.ec\/wp-content\/uploads\/2022\/06\/CUMBRE_3-1024x682.jpg\" alt=\"\" srcset=\"https:\/\/www.uea.edu.ec\/web\/v1\/wp-content\/uploads\/2022\/06\/CUMBRE_3-1024x682.jpg 1024w, https:\/\/www.uea.edu.ec\/web\/v1\/wp-content\/uploads\/2022\/06\/CUMBRE_3-300x200.jpg 300w, https:\/\/www.uea.edu.ec\/web\/v1\/wp-content\/uploads\/2022\/06\/CUMBRE_3-768x512.jpg 768w, https:\/\/www.uea.edu.ec\/web\/v1\/wp-content\/uploads\/2022\/06\/CUMBRE_3.jpg 1280w\" sizes=\"(max-width: 1024px) 100vw, 1024px\" \/><\/figure>\n<p><\/p>\n<\/figure>\n<p style=\"text-align: justify;\"><\/p>\n<p style=\"text-align: justify;\"><\/p>\n<p style=\"text-align: justify;\">Adem\u00e1s de las conferencias y plenarias, se compartieron talleres simult\u00e1neos y un Tech Camp junto a 8 ponentes internacionales en los cuales participaron periodistas de 18 provincias del pa\u00eds, entre ellas: Carchi, Pichincha, Cotopaxi, Chimborazo, Tungurahua, Sucumb\u00edos, Orellana, Napo, Pastaza, Morona Santiago, Zamora Chinchipe, El Oro, Los R\u00edos, Santo Domingo, Esmeraldas, Bol\u00edvar, Santa Elena y Gal\u00e1pagos.<\/p>\n<p style=\"text-align: justify;\"><\/p>\n<p style=\"text-align: justify;\"><\/p>\n<p style=\"text-align: justify;\">En el cierre, la principal autoridad de la UEA, Dr. M.V. David Sancho Aguilera, PhD junto al director ejecutivo de Fundamedios, C\u00e9sar Ricaurte, tras felicitar a los expositores, organizadores, comunicadores y estudiantes, anunciaron la posibilidad de institucionalizar la cumbre, todo ello en el marco de un convenio suscrito para el desarrollo y sostenibilidad de proyectos con la participaci\u00f3n activa de ambas entidades. \u00a0<\/p>\n<p style=\"text-align: justify;\"><\/p>\n<p style=\"text-align: justify;\"><\/p>\n<p style=\"text-align: justify;\">Desde la Amazon\u00eda ecuatoriana, esta casa de estudios superiores fue anfitriona de una jornada susceptible a las tendencias y herramientas m\u00e1s importantes de la comunicaci\u00f3n en nuestros tiempos, otorgando su aporte a los distintos escenarios de an\u00e1lisis para el enriquecimiento de este inmenso territorio amaz\u00f3nico con el resto del pa\u00eds y el mundo<\/p>\n<p style=\"text-align: justify;\"><\/p>\n<p style=\"text-align: justify;\"><\/p>\n<p style=\"text-align: justify;\"><strong>RELACIONES P\u00daBLICAS UEA<\/strong><\/p>\n<p style=\"text-align: justify;\"><\/p>\n<p style=\"text-align: justify;\"><\/p>\n<figure class=\"wp-block-gallery has-nested-images columns-default is-cropped wp-block-gallery-2 is-layout-flex wp-block-gallery-is-layout-flex\">\n<figure class=\"wp-block-image size-large\" style=\"text-align: justify;\"><img decoding=\"async\" width=\"1024\" height=\"683\" data-id=\"15304\" class=\"wp-image-15304\" src=\"https:\/\/www.uea.edu.ec\/wp-content\/uploads\/2022\/06\/CUMBRE_2-1024x683.jpg\" alt=\"\" srcset=\"https:\/\/www.uea.edu.ec\/web\/v1\/wp-content\/uploads\/2022\/06\/CUMBRE_2-1024x683.jpg 1024w, https:\/\/www.uea.edu.ec\/web\/v1\/wp-content\/uploads\/2022\/06\/CUMBRE_2-300x200.jpg 300w, https:\/\/www.uea.edu.ec\/web\/v1\/wp-content\/uploads\/2022\/06\/CUMBRE_2-768x512.jpg 768w, https:\/\/www.uea.edu.ec\/web\/v1\/wp-content\/uploads\/2022\/06\/CUMBRE_2.jpg 1280w\" sizes=\"(max-width: 1024px) 100vw, 1024px\" \/><\/figure>\n<p><\/p>\n<\/figure>\n<p><\/p>[\/vc_column_text][\/vc_column][\/vc_row]<\/section>","protected":false},"excerpt":{"rendered":"<p>[vc_row][vc_column][vc_column_text] Con la asistencia de 656 participantes y cerca de 50 panelistas de Estados Unidos, Colombia, Ecuador, Per\u00fa, Chile, Francia y Espa\u00f1a, concluy\u00f3 el pasado 11 de junio la \u201cI Cumbre Amaz\u00f3nica de Periodismo y Cambio Clim\u00e1tico 2022\u201d, que se celebr\u00f3 en la Universidad Estatal Amaz\u00f3nica (UEA), en la ciudad de Puyo-Ecuador. La Cumbre, que &#8230; <a title=\"CULMINA CON \u00c9XITO LA PRIMERA CUMBRE\u00a0DE PERIODISMO Y CAMBIO CLIM\u00c1TICO EN LA UEA\" class=\"read-more\" href=\"https:\/\/www.uea.edu.ec\/web\/v1\/?p=15301\" aria-label=\"M\u00e1s en CULMINA CON \u00c9XITO LA PRIMERA CUMBRE\u00a0DE PERIODISMO Y CAMBIO CLIM\u00c1TICO EN LA UEA\">Leer m\u00e1s<\/a><\/p>\n","protected":false},"author":8,"featured_media":15303,"comment_status":"closed","ping_status":"closed","sticky":false,"template":"","format":"standard","meta":{"om_disable_all_campaigns":false,"_monsterinsights_skip_tracking":false,"_monsterinsights_sitenote_active":false,"_monsterinsights_sitenote_note":"","_monsterinsights_sitenote_category":0,"generate_page_header":"","footnotes":""},"categories":[1],"tags":[],"class_list":["post-15301","post","type-post","status-publish","format-standard","has-post-thumbnail","hentry","category-sin-categoria"],"aioseo_notices":[],"_links":{"self":[{"href":"https:\/\/www.uea.edu.ec\/web\/v1\/index.php?rest_route=\/wp\/v2\/posts\/15301"}],"collection":[{"href":"https:\/\/www.uea.edu.ec\/web\/v1\/index.php?rest_route=\/wp\/v2\/posts"}],"about":[{"href":"https:\/\/www.uea.edu.ec\/web\/v1\/index.php?rest_route=\/wp\/v2\/types\/post"}],"author":[{"embeddable":true,"href":"https:\/\/www.uea.edu.ec\/web\/v1\/index.php?rest_route=\/wp\/v2\/users\/8"}],"replies":[{"embeddable":true,"href":"https:\/\/www.uea.edu.ec\/web\/v1\/index.php?rest_route=%2Fwp%2Fv2%2Fcomments&post=15301"}],"version-history":[{"count":4,"href":"https:\/\/www.uea.edu.ec\/web\/v1\/index.php?rest_route=\/wp\/v2\/posts\/15301\/revisions"}],"predecessor-version":[{"id":15309,"href":"https:\/\/www.uea.edu.ec\/web\/v1\/index.php?rest_route=\/wp\/v2\/posts\/15301\/revisions\/15309"}],"wp:featuredmedia":[{"embeddable":true,"href":"https:\/\/www.uea.edu.ec\/web\/v1\/index.php?rest_route=\/wp\/v2\/media\/15303"}],"wp:attachment":[{"href":"https:\/\/www.uea.edu.ec\/web\/v1\/index.php?rest_route=%2Fwp%2Fv2%2Fmedia&parent=15301"}],"wp:term":[{"taxonomy":"category","embeddable":true,"href":"https:\/\/www.uea.edu.ec\/web\/v1\/index.php?rest_route=%2Fwp%2Fv2%2Fcategories&post=15301"},{"taxonomy":"post_tag","embeddable":true,"href":"https:\/\/www.uea.edu.ec\/web\/v1\/index.php?rest_route=%2Fwp%2Fv2%2Ftags&post=15301"}],"curies":[{"name":"wp","href":"https:\/\/api.w.org\/{rel}","templated":true}]}}