{"id":15763,"date":"2022-08-22T15:12:03","date_gmt":"2022-08-22T20:12:03","guid":{"rendered":"https:\/\/www.uea.edu.ec\/?p=15763"},"modified":"2022-08-23T16:46:05","modified_gmt":"2022-08-23T21:46:05","slug":"crece-el-protagonismo-de-la-carrera-de-comunicacion-de-la-uea-con-simposio-internacional","status":"publish","type":"post","link":"https:\/\/www.uea.edu.ec\/web\/v1\/?p=15763","title":{"rendered":"CRECE EL PROTAGONISMO DE LA CARRERA DE COMUNICACI\u00d3N DE LA UEA CON SIMPOSIO INTERNACIONAL"},"content":{"rendered":"<section class=\"wpb-content-wrapper\">[vc_row][vc_column][vc_column_text]<p><\/p>\n<p style=\"text-align: justify;\">El pasado 10 y 11 de agosto, cerca de 400 inscritos, participaron del \u201cI Simposio Internacional Comunicaci\u00f3n y Sociedad Digital\u201d, organizado por la carrera de Comunicaci\u00f3n de la Universidad Estatal Amaz\u00f3nica (UEA). El evento convoc\u00f3 a docentes, investigadores, estudiantes y conferencistas nacionales e internacionales.<\/p>\n<p style=\"text-align: justify;\"><\/p>\n<p><\/p>\n<p style=\"text-align: justify;\">Esta jornada puso de relieve reflexiones y debates del entorno comunicacional desde estadios locales y sociedades digitales enmarcadas en modelos asociados a la educaci\u00f3n, cultura, pol\u00edtica y desarrollo sostenible, as\u00ed lo dio a conocer la MSc. Silvana Haro, coordinadora de la carrera de Comunicaci\u00f3n y representante del Comit\u00e9 Organizador.<\/p>\n<p style=\"text-align: justify;\"><\/p>\n<p><\/p>\n<p style=\"text-align: justify;\">Entre las ponencias se pudo conocer el manejo del Marketing Pol\u00edtico en las sociedades digitales, producci\u00f3n audiovisual, Educaci\u00f3n 4.0, libertad de expresi\u00f3n, gesti\u00f3n de las culturas, entre otros temas de gran relevancia, junto a reconocidos expertos de Colombia, Bolivia, Venezuela, Argentina y Ecuador.<\/p>\n<p style=\"text-align: justify;\"><\/p>\n<p><\/p>\n<p style=\"text-align: justify;\">Este espacio, desarrollado en formato virtual, logr\u00f3 atraer a un numeroso p\u00fablico desde diversas geograf\u00edas del pa\u00eds y del mundo, aqu\u00ed se generaron intervenciones, consultas y formulaci\u00f3n de respuestas por parte de los 16 conferencistas en tiempo real, lo que permiti\u00f3 la interacci\u00f3n activa con los espectadores y la medici\u00f3n de resultados.<\/p>\n<p style=\"text-align: justify;\"><\/p>\n<p><\/p>\n<p style=\"text-align: justify;\">A la par, la coordinadora de la carrera dijo que este evento brind\u00f3 respuesta al principio de excelencia acad\u00e9mica que identifica a la UEA, en el marco de la celebraci\u00f3n del segundo aniversario de inicio de gesti\u00f3n de la Carrera de Comunicaci\u00f3n, la primera y \u00fanica ofertada en la regi\u00f3n Amaz\u00f3nica.<\/p>\n<p style=\"text-align: justify;\"><\/p>\n<p><\/p>\n<p style=\"text-align: justify;\">Desde esta casa de estudios superiores, trascendemos con propuestas de capacitaci\u00f3n e intercambio innovadoras, en las cuales nuestros universitarios adquieren conocimientos y comparten escenarios de ense\u00f1anza y aprendizaje a nivel global y, sobre todo, cumplimos acciones con proyecci\u00f3n nacional e internacional, inscritos en los planes de desarrollo institucional 2021-2026.<\/p>\n<p style=\"text-align: justify;\"><\/p>\n<p><\/p>\n<p style=\"text-align: justify;\"><strong>RELACIONES P\u00daBLICAS UEA<\/strong><\/p>\n<p><\/p>[\/vc_column_text][\/vc_column][\/vc_row]<\/section>","protected":false},"excerpt":{"rendered":"<p>[vc_row][vc_column][vc_column_text] El pasado 10 y 11 de agosto, cerca de 400 inscritos, participaron del \u201cI Simposio Internacional Comunicaci\u00f3n y Sociedad Digital\u201d, organizado por la carrera de Comunicaci\u00f3n de la Universidad Estatal Amaz\u00f3nica (UEA). El evento convoc\u00f3 a docentes, investigadores, estudiantes y conferencistas nacionales e internacionales. Esta jornada puso de relieve reflexiones y debates del entorno &#8230; <a title=\"CRECE EL PROTAGONISMO DE LA CARRERA DE COMUNICACI\u00d3N DE LA UEA CON SIMPOSIO INTERNACIONAL\" class=\"read-more\" href=\"https:\/\/www.uea.edu.ec\/web\/v1\/?p=15763\" aria-label=\"M\u00e1s en CRECE EL PROTAGONISMO DE LA CARRERA DE COMUNICACI\u00d3N DE LA UEA CON SIMPOSIO INTERNACIONAL\">Leer m\u00e1s<\/a><\/p>\n","protected":false},"author":8,"featured_media":15765,"comment_status":"closed","ping_status":"closed","sticky":false,"template":"","format":"standard","meta":{"om_disable_all_campaigns":false,"_monsterinsights_skip_tracking":false,"_monsterinsights_sitenote_active":false,"_monsterinsights_sitenote_note":"","_monsterinsights_sitenote_category":0,"generate_page_header":"","footnotes":""},"categories":[1],"tags":[],"class_list":["post-15763","post","type-post","status-publish","format-standard","has-post-thumbnail","hentry","category-sin-categoria"],"aioseo_notices":[],"_links":{"self":[{"href":"https:\/\/www.uea.edu.ec\/web\/v1\/index.php?rest_route=\/wp\/v2\/posts\/15763"}],"collection":[{"href":"https:\/\/www.uea.edu.ec\/web\/v1\/index.php?rest_route=\/wp\/v2\/posts"}],"about":[{"href":"https:\/\/www.uea.edu.ec\/web\/v1\/index.php?rest_route=\/wp\/v2\/types\/post"}],"author":[{"embeddable":true,"href":"https:\/\/www.uea.edu.ec\/web\/v1\/index.php?rest_route=\/wp\/v2\/users\/8"}],"replies":[{"embeddable":true,"href":"https:\/\/www.uea.edu.ec\/web\/v1\/index.php?rest_route=%2Fwp%2Fv2%2Fcomments&post=15763"}],"version-history":[{"count":4,"href":"https:\/\/www.uea.edu.ec\/web\/v1\/index.php?rest_route=\/wp\/v2\/posts\/15763\/revisions"}],"predecessor-version":[{"id":15793,"href":"https:\/\/www.uea.edu.ec\/web\/v1\/index.php?rest_route=\/wp\/v2\/posts\/15763\/revisions\/15793"}],"wp:featuredmedia":[{"embeddable":true,"href":"https:\/\/www.uea.edu.ec\/web\/v1\/index.php?rest_route=\/wp\/v2\/media\/15765"}],"wp:attachment":[{"href":"https:\/\/www.uea.edu.ec\/web\/v1\/index.php?rest_route=%2Fwp%2Fv2%2Fmedia&parent=15763"}],"wp:term":[{"taxonomy":"category","embeddable":true,"href":"https:\/\/www.uea.edu.ec\/web\/v1\/index.php?rest_route=%2Fwp%2Fv2%2Fcategories&post=15763"},{"taxonomy":"post_tag","embeddable":true,"href":"https:\/\/www.uea.edu.ec\/web\/v1\/index.php?rest_route=%2Fwp%2Fv2%2Ftags&post=15763"}],"curies":[{"name":"wp","href":"https:\/\/api.w.org\/{rel}","templated":true}]}}