{"id":15880,"date":"2022-09-08T15:49:31","date_gmt":"2022-09-08T20:49:31","guid":{"rendered":"https:\/\/www.uea.edu.ec\/?p=15880"},"modified":"2022-09-12T10:26:59","modified_gmt":"2022-09-12T15:26:59","slug":"direccion-de-cooperacion-nacional-e-internacional-promueve-taller-de-biochar-%ef%bf%bc","status":"publish","type":"post","link":"https:\/\/www.uea.edu.ec\/web\/v1\/?p=15880","title":{"rendered":"DIRECCI\u00d3N DE COOPERACI\u00d3N NACIONAL E INTERNACIONAL PROMUEVE TALLER DE BIOCHAR"},"content":{"rendered":"<section class=\"wpb-content-wrapper\">[vc_row][vc_column][vc_column_text]<p><\/p>\n<p style=\"text-align: justify;\">Con el prop\u00f3sito de potenciar capacidades sobre el uso e importancia del Biochar en la agricultura, la Direcci\u00f3n de Cooperaci\u00f3n Nacional e Internacional de la Universidad Estatal Amaz\u00f3nica (UEA), impuls\u00f3 un taller con enfoque pr\u00e1ctico mediante el intercambio de experiencias y resultados obtenidos en Cuba y Ecuador.<\/p>\n<p style=\"text-align: justify;\"><\/p>\n<p style=\"text-align: justify;\"><\/p>\n<p style=\"text-align: justify;\">Del 5 al 8 de septiembre de 2022, estudiantes de los \u00faltimos niveles de las carreras de Agropecuaria, Forestal y Ambiental, as\u00ed como t\u00e9cnicos del Centro Experimental de Investigaci\u00f3n y Producci\u00f3n Amaz\u00f3nica (CEIPA), y catedr\u00e1ticos universitarios, participaron de conferencias magistrales junto a la Dra. Odel\u00edn Brea Maure &#8211; Vicedecana y docente de la Facultad de Ciencias Agropecuarias de la Universidad de Matanzas -Cuba y al MSc. Pedro R\u00edos, docente de la UEA.<\/p>\n<p style=\"text-align: justify;\"><\/p>\n<p style=\"text-align: justify;\"><\/p>\n<p style=\"text-align: justify;\">En la primera conferencia, se abordaron tem\u00e1ticas relacionadas con los conceptos del Biochar y el rol de la academia en los procesos de promoci\u00f3n y formaci\u00f3n de capacidades humanas para la valorizaci\u00f3n del biocarb\u00f3n; mientras que, el segundo ponente expuso sobre los principales resultados de la biomasa de \u00e1rboles de cobertura y los cambios percibidos en los par\u00e1metros de suelos amaz\u00f3nicos.<\/p>\n<p style=\"text-align: justify;\"><\/p>\n<p style=\"text-align: justify;\"><\/p>\n<p style=\"text-align: justify;\">Otro de los puntos m\u00e1s destacados del taller fue la visita al CEIPA y al Rancho Santa Rita, situado en la parroquia Tarqui, a fin de conocer los procesos de obtenci\u00f3n y utilizaci\u00f3n del Biochar en fincas agroecol\u00f3gicas para impulsar pr\u00e1cticas sostenibles con la naturaleza.<\/p>\n<p style=\"text-align: justify;\"><\/p>\n<p style=\"text-align: justify;\"><\/p>\n<p class=\"x_MsoNormal\" style=\"text-align: justify;\"><span data-ogsc=\"rgb(25, 57, 48)\" data-ogsb=\"white\">Finalmente, y tras la suscripci\u00f3n de un convenio marco de cooperaci\u00f3n entre la UEA, con la presencia de nuestro Rector, Dr. C. David Sancho Aguilera, PhD y la Dra. C. Odelin Brea Maure, PhD, como representante de la Universidad de Matanzas; tanto expertos como docentes que participaron durante estos 4 d\u00edas del taller, evaluaron los resultados y los aportes m\u00e1s significativos, lo que motiv\u00f3 a la conformaci\u00f3n de la Red Biochar en Ecuador para el desarrollo de la ciencia y la tecnolog\u00eda.<\/span><span data-ogsb=\"white\">\u00a0<\/span><\/p>\n<p class=\"x_MsoNormal\"><span data-ogsb=\"white\">\u00a0<\/span><\/p>\n<p style=\"text-align: justify;\"><\/p>\n<p style=\"text-align: justify;\"><\/p>\n<p style=\"text-align: justify;\"><strong>RELACIONES P\u00daBLICAS UEA<\/strong><\/p>\n<p><\/p>[\/vc_column_text][\/vc_column][\/vc_row]<\/section>","protected":false},"excerpt":{"rendered":"<p>[vc_row][vc_column][vc_column_text] Con el prop\u00f3sito de potenciar capacidades sobre el uso e importancia del Biochar en la agricultura, la Direcci\u00f3n de Cooperaci\u00f3n Nacional e Internacional de la Universidad Estatal Amaz\u00f3nica (UEA), impuls\u00f3 un taller con enfoque pr\u00e1ctico mediante el intercambio de experiencias y resultados obtenidos en Cuba y Ecuador. Del 5 al 8 de septiembre de &#8230; <a title=\"DIRECCI\u00d3N DE COOPERACI\u00d3N NACIONAL E INTERNACIONAL PROMUEVE TALLER DE BIOCHAR\" class=\"read-more\" href=\"https:\/\/www.uea.edu.ec\/web\/v1\/?p=15880\" aria-label=\"M\u00e1s en DIRECCI\u00d3N DE COOPERACI\u00d3N NACIONAL E INTERNACIONAL PROMUEVE TALLER DE BIOCHAR\">Leer m\u00e1s<\/a><\/p>\n","protected":false},"author":8,"featured_media":15882,"comment_status":"closed","ping_status":"closed","sticky":false,"template":"","format":"standard","meta":{"om_disable_all_campaigns":false,"_monsterinsights_skip_tracking":false,"_monsterinsights_sitenote_active":false,"_monsterinsights_sitenote_note":"","_monsterinsights_sitenote_category":0,"generate_page_header":"","footnotes":""},"categories":[1],"tags":[],"class_list":["post-15880","post","type-post","status-publish","format-standard","has-post-thumbnail","hentry","category-sin-categoria"],"aioseo_notices":[],"_links":{"self":[{"href":"https:\/\/www.uea.edu.ec\/web\/v1\/index.php?rest_route=\/wp\/v2\/posts\/15880"}],"collection":[{"href":"https:\/\/www.uea.edu.ec\/web\/v1\/index.php?rest_route=\/wp\/v2\/posts"}],"about":[{"href":"https:\/\/www.uea.edu.ec\/web\/v1\/index.php?rest_route=\/wp\/v2\/types\/post"}],"author":[{"embeddable":true,"href":"https:\/\/www.uea.edu.ec\/web\/v1\/index.php?rest_route=\/wp\/v2\/users\/8"}],"replies":[{"embeddable":true,"href":"https:\/\/www.uea.edu.ec\/web\/v1\/index.php?rest_route=%2Fwp%2Fv2%2Fcomments&post=15880"}],"version-history":[{"count":5,"href":"https:\/\/www.uea.edu.ec\/web\/v1\/index.php?rest_route=\/wp\/v2\/posts\/15880\/revisions"}],"predecessor-version":[{"id":15886,"href":"https:\/\/www.uea.edu.ec\/web\/v1\/index.php?rest_route=\/wp\/v2\/posts\/15880\/revisions\/15886"}],"wp:featuredmedia":[{"embeddable":true,"href":"https:\/\/www.uea.edu.ec\/web\/v1\/index.php?rest_route=\/wp\/v2\/media\/15882"}],"wp:attachment":[{"href":"https:\/\/www.uea.edu.ec\/web\/v1\/index.php?rest_route=%2Fwp%2Fv2%2Fmedia&parent=15880"}],"wp:term":[{"taxonomy":"category","embeddable":true,"href":"https:\/\/www.uea.edu.ec\/web\/v1\/index.php?rest_route=%2Fwp%2Fv2%2Fcategories&post=15880"},{"taxonomy":"post_tag","embeddable":true,"href":"https:\/\/www.uea.edu.ec\/web\/v1\/index.php?rest_route=%2Fwp%2Fv2%2Ftags&post=15880"}],"curies":[{"name":"wp","href":"https:\/\/api.w.org\/{rel}","templated":true}]}}