{"id":16122,"date":"2022-10-19T15:53:09","date_gmt":"2022-10-19T20:53:09","guid":{"rendered":"https:\/\/www.uea.edu.ec\/?p=16122"},"modified":"2022-10-19T16:02:42","modified_gmt":"2022-10-19T21:02:42","slug":"uea-celebro-20-anos-de-liderazgo-educativo-en-la-amazonia-con-sesion-solemne","status":"publish","type":"post","link":"https:\/\/www.uea.edu.ec\/web\/v1\/?p=16122","title":{"rendered":"UEA CELEBR\u00d3 20 A\u00d1OS DE LIDERAZGO EDUCATIVO EN LA AMAZON\u00cdA CON SESI\u00d3N SOLEMNE"},"content":{"rendered":"\n<p><img fetchpriority=\"high\" decoding=\"async\" class=\"alignnone  wp-image-16124 aligncenter\" src=\"https:\/\/www.uea.edu.ec\/wp-content\/uploads\/2022\/10\/DSC_7700-300x200.jpg\" alt=\"\" width=\"627\" height=\"418\" srcset=\"https:\/\/www.uea.edu.ec\/web\/v1\/wp-content\/uploads\/2022\/10\/DSC_7700-300x200.jpg 300w, https:\/\/www.uea.edu.ec\/web\/v1\/wp-content\/uploads\/2022\/10\/DSC_7700-1024x683.jpg 1024w, https:\/\/www.uea.edu.ec\/web\/v1\/wp-content\/uploads\/2022\/10\/DSC_7700-768x512.jpg 768w, https:\/\/www.uea.edu.ec\/web\/v1\/wp-content\/uploads\/2022\/10\/DSC_7700-1536x1024.jpg 1536w, https:\/\/www.uea.edu.ec\/web\/v1\/wp-content\/uploads\/2022\/10\/DSC_7700-2048x1365.jpg 2048w\" sizes=\"(max-width: 627px) 100vw, 627px\" \/><\/p>\n<p>La tarde de este martes 18 de octubre, la Universidad Estatal Amaz\u00f3nica (UEA), festej\u00f3 junto a la comunidad universitaria e invitados especiales su vig\u00e9simo aniversario de fundaci\u00f3n con una sesi\u00f3n solemne, consagr\u00e1ndose como una universidad de excelencia cient\u00edfica, inclusiva y human\u00edstica junto a sus dos sedes acad\u00e9micas en las provincias de Sucumb\u00edos y Zamora Chinchipe.<\/p>\n<p>Durante este intenso camino de dos d\u00e9cadas, la UEA se ha convertido en un referente nacional dentro del sistema p\u00fablico de educaci\u00f3n superior por su gesti\u00f3n responsable y acciones de mejora relacionadas con: infraestructura f\u00edsica y tecnol\u00f3gica, equipamiento, diversificaci\u00f3n de programas de pregrado y posgrado, innovaci\u00f3n cient\u00edfica y la formaci\u00f3n continua de su claustro docente.<\/p>\n<p>En la cita, participaron autoridades educativas a nivel nacional, doctoras Carmita \u00c1lvarez y \u00c1ngela Calder\u00f3n, consejeras acad\u00e9micas del Consejo de Educaci\u00f3n Superior (CES), representantes del r\u00e9gimen provincial, cantonal y parroquial y medios de comunicaci\u00f3n, tanto de manera presencial como a trav\u00e9s de las plataformas virtuales universitarias.<\/p>\n<p>El Dr. C. David Sancho, Phd, rector de la UEA, se\u00f1al\u00f3 importantes proyectos enfocados al desarrollo del conocimiento, como el establecimiento de planes de formaci\u00f3n en l\u00ednea que, junto a las carreras presenciales, reforzar\u00e1n el escenario acad\u00e9mico, brindando mayores oportunidades para el acceso a la educaci\u00f3n superior.<\/p>\n<p><img decoding=\"async\" class=\"alignnone  wp-image-16125 aligncenter\" src=\"https:\/\/www.uea.edu.ec\/wp-content\/uploads\/2022\/10\/DSC_7926-300x200.jpg\" alt=\"\" width=\"626\" height=\"417\" srcset=\"https:\/\/www.uea.edu.ec\/web\/v1\/wp-content\/uploads\/2022\/10\/DSC_7926-300x200.jpg 300w, https:\/\/www.uea.edu.ec\/web\/v1\/wp-content\/uploads\/2022\/10\/DSC_7926-1024x683.jpg 1024w, https:\/\/www.uea.edu.ec\/web\/v1\/wp-content\/uploads\/2022\/10\/DSC_7926-768x512.jpg 768w, https:\/\/www.uea.edu.ec\/web\/v1\/wp-content\/uploads\/2022\/10\/DSC_7926-1536x1024.jpg 1536w, https:\/\/www.uea.edu.ec\/web\/v1\/wp-content\/uploads\/2022\/10\/DSC_7926-2048x1365.jpg 2048w\" sizes=\"(max-width: 626px) 100vw, 626px\" \/><\/p>\n<p>\u201cVamos a ampliar nuestras fronteras con el mundo entero. Vamos a convertirnos en una Universidad que tambi\u00e9n incursionar\u00e1 en modalidad virtual, para lo cual realizaremos ajustes sustantivos y el ordenamiento curricular, lo que permitir\u00e1 acoplarnos a las universidades m\u00e1s prestigiosas de Latinoam\u00e9rica, con las cuales mantenemos convenios de titulaci\u00f3n conjunta\u201d, resalt\u00f3.<\/p>\n<p>Asimismo, indic\u00f3 que se han logrado importantes avances de orden cient\u00edfico, institucional y social que acompa\u00f1an a cada l\u00ednea estrat\u00e9gica en \u00e1reas de Academia, Investigaci\u00f3n, Vinculaci\u00f3n y Gesti\u00f3n, pese al desaf\u00edo may\u00fasculo atravesado por las instituciones educativas a nivel nacional en materia de presupuesto.<\/p>\n<p>Por ejemplo, se ha apostado en la innovaci\u00f3n gen\u00e9tica, tecnol\u00f3gica y de infraestructura, as\u00ed como en servidores inform\u00e1ticos, sistemas de gesti\u00f3n documental, equipos de seguridad y monitoreo, de laboratorios, entre otros, lo que garantiza la prestaci\u00f3n de servicios p\u00fablicos de gran valor.<\/p>\n<p>Al cierre de su intervenci\u00f3n, el rector de la UEA, agradeci\u00f3 a los funcionarios por su vital apoyo, productividad y compromiso, entendiendo que, el capital humano es el eje central por el que se sustenta la eficiencia institucional.<\/p>\n<p>La programaci\u00f3n, adem\u00e1s, tuvo espacios emotivos de reconocimiento a funcionarios que, en el desempe\u00f1o de sus actividades laborales y acad\u00e9micas, contribuyen al engrandecimiento institucional. De este justo homenaje figuran la Lcda. Patricia Ch\u00e1vez; Dr. C. David Sancho, Phd; Sr. Carlos Gavidia; Dr. David Neill y Sr. Walter Velastegu\u00ed.<\/p>\n<p>Finalmente, las autoridades realizaron la dotaci\u00f3n simb\u00f3lica de equipos inform\u00e1ticos a la comunidad docente, con la intenci\u00f3n de mejorar la calidad tecnol\u00f3gica y de innovaci\u00f3n en los procesos de ense\u00f1anza-aprendizaje.<\/p>\n<p>Tome nota<br \/>La UEA fue oficialmente reconocida por el Estado Ecuatoriano en octubre de 2002 mediante Ley de la Rep\u00fablica No. 2002-85 publicado en el Registro Oficial No. 686.<\/p>\n<p>RELACIONES P\u00daBLICAS UEA<\/p>\n\n\n","protected":false},"excerpt":{"rendered":"<p>La tarde de este martes 18 de octubre, la Universidad Estatal Amaz\u00f3nica (UEA), festej\u00f3 junto a la comunidad universitaria e invitados especiales su vig\u00e9simo aniversario de fundaci\u00f3n con una sesi\u00f3n solemne, consagr\u00e1ndose como una universidad de excelencia cient\u00edfica, inclusiva y human\u00edstica junto a sus dos sedes acad\u00e9micas en las provincias de Sucumb\u00edos y Zamora Chinchipe. &#8230; <a title=\"UEA CELEBR\u00d3 20 A\u00d1OS DE LIDERAZGO EDUCATIVO EN LA AMAZON\u00cdA CON SESI\u00d3N SOLEMNE\" class=\"read-more\" href=\"https:\/\/www.uea.edu.ec\/web\/v1\/?p=16122\" aria-label=\"M\u00e1s en UEA CELEBR\u00d3 20 A\u00d1OS DE LIDERAZGO EDUCATIVO EN LA AMAZON\u00cdA CON SESI\u00d3N SOLEMNE\">Leer m\u00e1s<\/a><\/p>\n","protected":false},"author":28,"featured_media":16123,"comment_status":"closed","ping_status":"closed","sticky":false,"template":"","format":"standard","meta":{"om_disable_all_campaigns":false,"_monsterinsights_skip_tracking":false,"_monsterinsights_sitenote_active":false,"_monsterinsights_sitenote_note":"","_monsterinsights_sitenote_category":0,"generate_page_header":"","footnotes":""},"categories":[1],"tags":[],"class_list":["post-16122","post","type-post","status-publish","format-standard","has-post-thumbnail","hentry","category-sin-categoria"],"aioseo_notices":[],"_links":{"self":[{"href":"https:\/\/www.uea.edu.ec\/web\/v1\/index.php?rest_route=\/wp\/v2\/posts\/16122"}],"collection":[{"href":"https:\/\/www.uea.edu.ec\/web\/v1\/index.php?rest_route=\/wp\/v2\/posts"}],"about":[{"href":"https:\/\/www.uea.edu.ec\/web\/v1\/index.php?rest_route=\/wp\/v2\/types\/post"}],"author":[{"embeddable":true,"href":"https:\/\/www.uea.edu.ec\/web\/v1\/index.php?rest_route=\/wp\/v2\/users\/28"}],"replies":[{"embeddable":true,"href":"https:\/\/www.uea.edu.ec\/web\/v1\/index.php?rest_route=%2Fwp%2Fv2%2Fcomments&post=16122"}],"version-history":[{"count":4,"href":"https:\/\/www.uea.edu.ec\/web\/v1\/index.php?rest_route=\/wp\/v2\/posts\/16122\/revisions"}],"predecessor-version":[{"id":16129,"href":"https:\/\/www.uea.edu.ec\/web\/v1\/index.php?rest_route=\/wp\/v2\/posts\/16122\/revisions\/16129"}],"wp:featuredmedia":[{"embeddable":true,"href":"https:\/\/www.uea.edu.ec\/web\/v1\/index.php?rest_route=\/wp\/v2\/media\/16123"}],"wp:attachment":[{"href":"https:\/\/www.uea.edu.ec\/web\/v1\/index.php?rest_route=%2Fwp%2Fv2%2Fmedia&parent=16122"}],"wp:term":[{"taxonomy":"category","embeddable":true,"href":"https:\/\/www.uea.edu.ec\/web\/v1\/index.php?rest_route=%2Fwp%2Fv2%2Fcategories&post=16122"},{"taxonomy":"post_tag","embeddable":true,"href":"https:\/\/www.uea.edu.ec\/web\/v1\/index.php?rest_route=%2Fwp%2Fv2%2Ftags&post=16122"}],"curies":[{"name":"wp","href":"https:\/\/api.w.org\/{rel}","templated":true}]}}