{"id":18009,"date":"2023-05-15T08:30:12","date_gmt":"2023-05-15T13:30:12","guid":{"rendered":"https:\/\/www.uea.edu.ec\/?p=18009"},"modified":"2023-05-16T11:18:02","modified_gmt":"2023-05-16T16:18:02","slug":"uea-presento-su-rendicion-de-cuentas-2022","status":"publish","type":"post","link":"https:\/\/www.uea.edu.ec\/web\/v1\/?p=18009","title":{"rendered":"<strong>UEA PRESENT\u00d3 SU RENDICI\u00d3N DE CUENTAS 2022<\/strong>"},"content":{"rendered":"<section class=\"wpb-content-wrapper\"><p>[vc_row][vc_column][vc_column_text]<\/p>\n<p style=\"text-align: justify;\">El rector de la UEA, Dr. David Sancho, junto a los vicerrectores, Dra. Esthela San Andr\u00e9s y Dr. Carlos Manosalvas, y el Econ. Juan Jos\u00e9 Carrillo, Gerente de la Empresa P\u00fablica Amaz\u00f3nica UEA-EP, presentaron este mi\u00e9rcoles 10 de mayo su informe de gesti\u00f3n 2022, en un acto p\u00fablico celebrado en el Auditorio Principal del Campus Matriz.<\/p>\n\n<p style=\"text-align: justify;\">El evento cont\u00f3 con la presencia de autoridades provinciales y miembros de la comunidad universitaria, quienes conocieron los principales resultados alcanzados en materia de investigaci\u00f3n, academia, gesti\u00f3n y vinculaci\u00f3n con la sociedad.<\/p>\n\n<p style=\"text-align: justify;\">Durante su discurso, la principal autoridad acad\u00e9mica enfatiz\u00f3 el compromiso de fortalecer la calidad de la educaci\u00f3n superior en la regi\u00f3n amaz\u00f3nica, lo cual se refleja en la ampliaci\u00f3n de la oferta acad\u00e9mica de pregrado con 4 carreras en l\u00ednea enfocadas en Econom\u00eda, Educaci\u00f3n Inicial, Educaci\u00f3n B\u00e1sica y Tecnolog\u00edas de la Informaci\u00f3n.<\/p>\n\n<p style=\"text-align: justify;\">Tambi\u00e9n resalt\u00f3 que, esta casa de estudios brinda un acompa\u00f1amiento en procesos sociales para la construcci\u00f3n de una comunidad universitaria multicultural, raz\u00f3n de ello conviven estudiantes de 28 pueblos y nacionales de todas las regiones del Ecuador.<\/p>\n\n<p style=\"text-align: justify;\">En esta misma l\u00ednea, la poblaci\u00f3n estudiantil con diversas discapacidades f\u00edsica, visual, auditiva e intelectual tienen un rol importante para la construcci\u00f3n de entornos de aprendizaje inclusivos, en este periodo se contabilizaron a 81 estudiantes matriculados.<\/p>\n\n<p style=\"text-align: justify;\">Por otro lado, el titular de la UEA destac\u00f3 la investigaci\u00f3n y producci\u00f3n cient\u00edfica generada en este \u00faltimo a\u00f1o como funci\u00f3n multidisciplinaria que brinda respuestas a las problem\u00e1ticas sociales, es as\u00ed que se han obtenido 90 publicaciones cient\u00edficas, distribuidas en 75 art\u00edculos, 3 libros, 5 cap\u00edtulos de libros y 7 memorias de eventos.<\/p>\n\n<p style=\"text-align: justify;\">La incorporaci\u00f3n de proyectos inclusivos para estudiantes, funcionarios y acad\u00e9micos de la instituci\u00f3n fueron otras de las acciones representativas de este periodo, entre los que se destacan el seguimiento y acompa\u00f1amiento de universitarios en situaci\u00f3n de discapacidad, promoci\u00f3n y protecci\u00f3n de derechos, becas y ayudas econ\u00f3micas, entre otros.<\/p>\n\n<p style=\"text-align: justify;\">El Rector tambi\u00e9n mencion\u00f3 que la UEA ha ejecutado planes de capacitaci\u00f3n en las diversas comunidades de la provincia, contabilizando cerca de 116 beneficiarios a trav\u00e9s de talleres en \u00e1reas de Comercializaci\u00f3n y Bioeconom\u00eda, Marketing Digital, Cooperativismo y Asociatividad, etc.<\/p>\n\n<p style=\"text-align: justify;\">Para finalizar su intervenci\u00f3n, la autoridad universitaria invit\u00f3 a los asistentes a apoyar el accionar institucional que est\u00e1 abierto en acoger las buenas ideas e iniciativas nacidas desde la colectividad en funci\u00f3n de las metas trazadas para los pr\u00f3ximos a\u00f1os.<\/p>\n\n<p style=\"text-align: justify;\">A la par, en este acto formal, participaron varios estamentos de la comunidad UEA con la intenci\u00f3n de emitir sus opiniones y sugerencias que posibiliten mejores condiciones de transparencia y, sobre todo, generar una acertada retroalimentaci\u00f3n.<\/p>\n\n<p style=\"text-align: justify;\">Informe de Rendici\u00f3n de Cuentas 2022: <span style=\"color: #0000ff;\"><strong><a style=\"color: #0000ff;\" href=\"https:\/\/bit.ly\/3VZQq1F\" target=\"_blank\" rel=\"noopener\">https:\/\/bit.ly\/3VZQq1F<\/a><\/strong><\/span><\/p>\n\n<p style=\"text-align: justify;\">Video deliberaci\u00f3n p\u00fablica: <span style=\"color: #0000ff;\"><strong><a style=\"color: #0000ff;\" href=\"https:\/\/bit.ly\/3NYWzZZ\" target=\"_blank\" rel=\"noopener\">https:\/\/bit.ly\/3NYWzZZ<\/a><\/strong><\/span><\/p>\n\n<p style=\"text-align: justify;\"><strong>RELACIONES P\u00daBLICAS UEA<\/strong><\/p>\n\n<p>&nbsp;<\/p>\n<p>[\/vc_column_text][\/vc_column][\/vc_row]<\/p>\n<\/section>","protected":false},"excerpt":{"rendered":"<p>[vc_row][vc_column][vc_column_text] El rector de la UEA, Dr. David Sancho, junto a los vicerrectores, Dra. Esthela San Andr\u00e9s y Dr. Carlos Manosalvas, y el Econ. Juan Jos\u00e9 Carrillo, Gerente de la Empresa P\u00fablica Amaz\u00f3nica UEA-EP, presentaron este mi\u00e9rcoles 10 de mayo su informe de gesti\u00f3n 2022, en un acto p\u00fablico celebrado en el Auditorio Principal del &#8230; <a title=\"UEA PRESENT\u00d3 SU RENDICI\u00d3N DE CUENTAS 2022\" class=\"read-more\" href=\"https:\/\/www.uea.edu.ec\/web\/v1\/?p=18009\" aria-label=\"M\u00e1s en UEA PRESENT\u00d3 SU RENDICI\u00d3N DE CUENTAS 2022\">Leer m\u00e1s<\/a><\/p>\n","protected":false},"author":8,"featured_media":18011,"comment_status":"closed","ping_status":"closed","sticky":false,"template":"","format":"standard","meta":{"om_disable_all_campaigns":false,"_monsterinsights_skip_tracking":false,"_monsterinsights_sitenote_active":false,"_monsterinsights_sitenote_note":"","_monsterinsights_sitenote_category":0,"generate_page_header":"","footnotes":""},"categories":[1],"tags":[],"class_list":["post-18009","post","type-post","status-publish","format-standard","has-post-thumbnail","hentry","category-sin-categoria"],"aioseo_notices":[],"_links":{"self":[{"href":"https:\/\/www.uea.edu.ec\/web\/v1\/index.php?rest_route=\/wp\/v2\/posts\/18009"}],"collection":[{"href":"https:\/\/www.uea.edu.ec\/web\/v1\/index.php?rest_route=\/wp\/v2\/posts"}],"about":[{"href":"https:\/\/www.uea.edu.ec\/web\/v1\/index.php?rest_route=\/wp\/v2\/types\/post"}],"author":[{"embeddable":true,"href":"https:\/\/www.uea.edu.ec\/web\/v1\/index.php?rest_route=\/wp\/v2\/users\/8"}],"replies":[{"embeddable":true,"href":"https:\/\/www.uea.edu.ec\/web\/v1\/index.php?rest_route=%2Fwp%2Fv2%2Fcomments&post=18009"}],"version-history":[{"count":4,"href":"https:\/\/www.uea.edu.ec\/web\/v1\/index.php?rest_route=\/wp\/v2\/posts\/18009\/revisions"}],"predecessor-version":[{"id":18059,"href":"https:\/\/www.uea.edu.ec\/web\/v1\/index.php?rest_route=\/wp\/v2\/posts\/18009\/revisions\/18059"}],"wp:featuredmedia":[{"embeddable":true,"href":"https:\/\/www.uea.edu.ec\/web\/v1\/index.php?rest_route=\/wp\/v2\/media\/18011"}],"wp:attachment":[{"href":"https:\/\/www.uea.edu.ec\/web\/v1\/index.php?rest_route=%2Fwp%2Fv2%2Fmedia&parent=18009"}],"wp:term":[{"taxonomy":"category","embeddable":true,"href":"https:\/\/www.uea.edu.ec\/web\/v1\/index.php?rest_route=%2Fwp%2Fv2%2Fcategories&post=18009"},{"taxonomy":"post_tag","embeddable":true,"href":"https:\/\/www.uea.edu.ec\/web\/v1\/index.php?rest_route=%2Fwp%2Fv2%2Ftags&post=18009"}],"curies":[{"name":"wp","href":"https:\/\/api.w.org\/{rel}","templated":true}]}}