{"id":18015,"date":"2023-05-15T09:16:58","date_gmt":"2023-05-15T14:16:58","guid":{"rendered":"https:\/\/www.uea.edu.ec\/?p=18015"},"modified":"2023-05-15T09:27:54","modified_gmt":"2023-05-15T14:27:54","slug":"uea-presente-en-las-festividades-de-la-ciudad-de-puyo","status":"publish","type":"post","link":"https:\/\/www.uea.edu.ec\/web\/v1\/?p=18015","title":{"rendered":"<strong>UEA PRESENTE EN LAS FESTIVIDADES DE LA CIUDAD DE PUYO<\/strong>"},"content":{"rendered":"\t\t<div data-elementor-type=\"wp-post\" data-elementor-id=\"18015\" class=\"elementor elementor-18015\">\n\t\t\t\t\t\t<section class=\"ob-is-breaking-bad elementor-section elementor-top-section elementor-element elementor-element-c0349b6 elementor-section-boxed elementor-section-height-default elementor-section-height-default\" data-id=\"c0349b6\" data-element_type=\"section\" data-settings=\"{&quot;_ob_bbad_use_it&quot;:&quot;yes&quot;,&quot;_ob_bbad_sssic_use&quot;:&quot;no&quot;,&quot;_ob_glider_is_slider&quot;:&quot;no&quot;}\">\n\t\t\t\t\t\t<div class=\"elementor-container elementor-column-gap-default\">\n\t\t\t\t\t<div class=\"elementor-column elementor-col-100 elementor-top-column elementor-element elementor-element-f7d05a6\" data-id=\"f7d05a6\" data-element_type=\"column\" data-settings=\"{&quot;_ob_bbad_is_stalker&quot;:&quot;no&quot;,&quot;_ob_teleporter_use&quot;:false,&quot;_ob_column_hoveranimator&quot;:&quot;no&quot;,&quot;_ob_column_has_pseudo&quot;:&quot;no&quot;}\">\n\t\t\t<div class=\"elementor-widget-wrap elementor-element-populated\">\n\t\t\t\t\t\t<div class=\"elementor-element elementor-element-c73ce80 ob-harakiri-inherit ob-has-background-overlay elementor-widget elementor-widget-text-editor\" data-id=\"c73ce80\" data-element_type=\"widget\" data-settings=\"{&quot;_ob_use_harakiri&quot;:&quot;yes&quot;,&quot;_ob_harakiri_writing_mode&quot;:&quot;inherit&quot;,&quot;_ob_postman_use&quot;:&quot;no&quot;,&quot;_ob_perspektive_use&quot;:&quot;no&quot;,&quot;_ob_poopart_use&quot;:&quot;yes&quot;,&quot;_ob_shadough_use&quot;:&quot;no&quot;,&quot;_ob_allow_hoveranimator&quot;:&quot;no&quot;,&quot;_ob_widget_stalker_use&quot;:&quot;no&quot;}\" data-widget_type=\"text-editor.default\">\n\t\t\t\t<div class=\"elementor-widget-container\">\n\t\t\t\t\t\t\t<p style=\"text-align: justify;\">Con mucha alegr\u00eda toda la comunidad de la Universidad Estatal Amaz\u00f3nica (UEA) particip\u00f3 en los programas establecidos en conmemoraci\u00f3n de los 124 a\u00f1os de Fundaci\u00f3n de la Ciudad de Puyo, localidad donde se asienta la sede matriz del centro universitario.<\/p><p style=\"text-align: justify;\">Autoridades, docentes, personal administrativo, trabajadores y t\u00e9cnicos estuvieron presentes en el preg\u00f3n art\u00edstico nocturno \u201cAlegr\u00eda Puyense\u201d, desarrollado el 5 de mayo, y en el Desfile C\u00edvico Militar, del d\u00eda 12.<\/p><p style=\"text-align: justify;\">Durante el preg\u00f3n, la UEA mostr\u00f3 coreograf\u00edas muy coloridas, tanto de la sede Puyo como del CEIPA, adem\u00e1s de carros aleg\u00f3ricos en los que se pudo evidenciar la renovada marca institucional; Por otro lado, en el desfile c\u00edvico, la participaci\u00f3n solemne tuvo como principal caracter\u00edstica la afluencia de la mayor parte del talento humano de la instituci\u00f3n.<\/p><p style=\"text-align: justify;\">Para los funcionarios del centro de educaci\u00f3n superior, las intervenciones en estas actividades son muy importantes como parte de la interacci\u00f3n con la comunidad y el desarrollo del sentido de pertenencia hacia su espacio laboral.<\/p><p style=\"text-align: justify;\">La Abg. Janina Jaramillo, secretar\u00eda acad\u00e9mica, ponder\u00f3 la participaci\u00f3n institucional en los eventos de la ciudad, pues agreg\u00f3 que con esto se muestra el compromiso que tiene la universidad con su entorno. \u201cEs muy importante que nuestra instituci\u00f3n se integre con las dem\u00e1s entidades de la provincia y la participaci\u00f3n en estas festividades es evidencia de aquello\u201d, a\u00f1adi\u00f3 la funcionaria.<\/p><p style=\"text-align: justify;\">Con ese criterio coincide Bladimir Asas, funcionario de la UEA, quien agreg\u00f3 que, para la intervenci\u00f3n en las actividades festivas, las autoridades y el personal se han preparado de buena forma con la finalidad de mostrar lo mejor de nuestra instituci\u00f3n en estas fechas relevantes para la ciudad, finaliz\u00f3.<\/p><p style=\"text-align: justify;\">La UEA, de la mano de la administraci\u00f3n del Dr. David Sancho, rector, busca promover la participaci\u00f3n de la instituci\u00f3n en eventos sociales, culturales, acad\u00e9micos y cient\u00edficos, tanto en la provincia de Pastaza como en las de Sucumb\u00edos y Zamora Chinchipe, donde se encuentran las sedes acad\u00e9micas.<\/p><p><img fetchpriority=\"high\" decoding=\"async\" class=\"aligncenter wp-image-18022 size-full\" src=\"https:\/\/www.uea.edu.ec\/wp-content\/uploads\/2023\/05\/7acf21b2-0fc6-4fa5-b4f0-da9ec0c5bc51.jpg\" alt=\"\" width=\"1600\" height=\"1066\" srcset=\"https:\/\/www.uea.edu.ec\/web\/v1\/wp-content\/uploads\/2023\/05\/7acf21b2-0fc6-4fa5-b4f0-da9ec0c5bc51.jpg 1600w, https:\/\/www.uea.edu.ec\/web\/v1\/wp-content\/uploads\/2023\/05\/7acf21b2-0fc6-4fa5-b4f0-da9ec0c5bc51-300x200.jpg 300w, https:\/\/www.uea.edu.ec\/web\/v1\/wp-content\/uploads\/2023\/05\/7acf21b2-0fc6-4fa5-b4f0-da9ec0c5bc51-1024x682.jpg 1024w, https:\/\/www.uea.edu.ec\/web\/v1\/wp-content\/uploads\/2023\/05\/7acf21b2-0fc6-4fa5-b4f0-da9ec0c5bc51-768x512.jpg 768w, https:\/\/www.uea.edu.ec\/web\/v1\/wp-content\/uploads\/2023\/05\/7acf21b2-0fc6-4fa5-b4f0-da9ec0c5bc51-1536x1023.jpg 1536w\" sizes=\"(max-width: 1600px) 100vw, 1600px\" \/><\/p><p><img decoding=\"async\" class=\"aligncenter wp-image-18023 size-full\" src=\"https:\/\/www.uea.edu.ec\/wp-content\/uploads\/2023\/05\/68b02875-58d9-4d23-8fe5-a5b06d0a5540.jpg\" alt=\"\" width=\"1600\" height=\"1099\" srcset=\"https:\/\/www.uea.edu.ec\/web\/v1\/wp-content\/uploads\/2023\/05\/68b02875-58d9-4d23-8fe5-a5b06d0a5540.jpg 1600w, https:\/\/www.uea.edu.ec\/web\/v1\/wp-content\/uploads\/2023\/05\/68b02875-58d9-4d23-8fe5-a5b06d0a5540-300x206.jpg 300w, https:\/\/www.uea.edu.ec\/web\/v1\/wp-content\/uploads\/2023\/05\/68b02875-58d9-4d23-8fe5-a5b06d0a5540-1024x703.jpg 1024w, https:\/\/www.uea.edu.ec\/web\/v1\/wp-content\/uploads\/2023\/05\/68b02875-58d9-4d23-8fe5-a5b06d0a5540-768x528.jpg 768w, https:\/\/www.uea.edu.ec\/web\/v1\/wp-content\/uploads\/2023\/05\/68b02875-58d9-4d23-8fe5-a5b06d0a5540-1536x1055.jpg 1536w\" sizes=\"(max-width: 1600px) 100vw, 1600px\" \/><\/p><p><img decoding=\"async\" class=\"aligncenter wp-image-18024 size-full\" src=\"https:\/\/www.uea.edu.ec\/wp-content\/uploads\/2023\/05\/406aa894-11ea-4bf0-bf28-88e3d620c301.jpg\" alt=\"\" width=\"1600\" height=\"1200\" srcset=\"https:\/\/www.uea.edu.ec\/web\/v1\/wp-content\/uploads\/2023\/05\/406aa894-11ea-4bf0-bf28-88e3d620c301.jpg 1600w, https:\/\/www.uea.edu.ec\/web\/v1\/wp-content\/uploads\/2023\/05\/406aa894-11ea-4bf0-bf28-88e3d620c301-300x225.jpg 300w, https:\/\/www.uea.edu.ec\/web\/v1\/wp-content\/uploads\/2023\/05\/406aa894-11ea-4bf0-bf28-88e3d620c301-1024x768.jpg 1024w, https:\/\/www.uea.edu.ec\/web\/v1\/wp-content\/uploads\/2023\/05\/406aa894-11ea-4bf0-bf28-88e3d620c301-768x576.jpg 768w, https:\/\/www.uea.edu.ec\/web\/v1\/wp-content\/uploads\/2023\/05\/406aa894-11ea-4bf0-bf28-88e3d620c301-1536x1152.jpg 1536w\" sizes=\"(max-width: 1600px) 100vw, 1600px\" \/><\/p><p><strong>RELACIONES P\u00daBLICAS UEA <\/strong><\/p>\t\t\t\t\t\t<\/div>\n\t\t\t\t<\/div>\n\t\t\t\t\t<\/div>\n\t\t<\/div>\n\t\t\t\t\t<\/div>\n\t\t<\/section>\n\t\t\t\t<\/div>\n\t\t","protected":false},"excerpt":{"rendered":"<p>Con mucha alegr\u00eda toda la comunidad de la Universidad Estatal Amaz\u00f3nica (UEA) particip\u00f3 en los programas establecidos en conmemoraci\u00f3n de los 124 a\u00f1os de Fundaci\u00f3n de la Ciudad de Puyo, localidad donde se asienta la sede matriz del centro universitario. Autoridades, docentes, personal administrativo, trabajadores y t\u00e9cnicos estuvieron presentes en el preg\u00f3n art\u00edstico nocturno \u201cAlegr\u00eda &#8230; <a title=\"UEA PRESENTE EN LAS FESTIVIDADES DE LA CIUDAD DE PUYO\" class=\"read-more\" href=\"https:\/\/www.uea.edu.ec\/web\/v1\/?p=18015\" aria-label=\"M\u00e1s en UEA PRESENTE EN LAS FESTIVIDADES DE LA CIUDAD DE PUYO\">Leer m\u00e1s<\/a><\/p>\n","protected":false},"author":100,"featured_media":18020,"comment_status":"closed","ping_status":"closed","sticky":false,"template":"","format":"standard","meta":{"om_disable_all_campaigns":false,"_monsterinsights_skip_tracking":false,"_monsterinsights_sitenote_active":false,"_monsterinsights_sitenote_note":"","_monsterinsights_sitenote_category":0,"generate_page_header":"","footnotes":""},"categories":[1],"tags":[],"class_list":["post-18015","post","type-post","status-publish","format-standard","has-post-thumbnail","hentry","category-sin-categoria"],"aioseo_notices":[],"_links":{"self":[{"href":"https:\/\/www.uea.edu.ec\/web\/v1\/index.php?rest_route=\/wp\/v2\/posts\/18015"}],"collection":[{"href":"https:\/\/www.uea.edu.ec\/web\/v1\/index.php?rest_route=\/wp\/v2\/posts"}],"about":[{"href":"https:\/\/www.uea.edu.ec\/web\/v1\/index.php?rest_route=\/wp\/v2\/types\/post"}],"author":[{"embeddable":true,"href":"https:\/\/www.uea.edu.ec\/web\/v1\/index.php?rest_route=\/wp\/v2\/users\/100"}],"replies":[{"embeddable":true,"href":"https:\/\/www.uea.edu.ec\/web\/v1\/index.php?rest_route=%2Fwp%2Fv2%2Fcomments&post=18015"}],"version-history":[{"count":8,"href":"https:\/\/www.uea.edu.ec\/web\/v1\/index.php?rest_route=\/wp\/v2\/posts\/18015\/revisions"}],"predecessor-version":[{"id":18027,"href":"https:\/\/www.uea.edu.ec\/web\/v1\/index.php?rest_route=\/wp\/v2\/posts\/18015\/revisions\/18027"}],"wp:featuredmedia":[{"embeddable":true,"href":"https:\/\/www.uea.edu.ec\/web\/v1\/index.php?rest_route=\/wp\/v2\/media\/18020"}],"wp:attachment":[{"href":"https:\/\/www.uea.edu.ec\/web\/v1\/index.php?rest_route=%2Fwp%2Fv2%2Fmedia&parent=18015"}],"wp:term":[{"taxonomy":"category","embeddable":true,"href":"https:\/\/www.uea.edu.ec\/web\/v1\/index.php?rest_route=%2Fwp%2Fv2%2Fcategories&post=18015"},{"taxonomy":"post_tag","embeddable":true,"href":"https:\/\/www.uea.edu.ec\/web\/v1\/index.php?rest_route=%2Fwp%2Fv2%2Ftags&post=18015"}],"curies":[{"name":"wp","href":"https:\/\/api.w.org\/{rel}","templated":true}]}}