{"id":18436,"date":"2023-06-08T14:25:32","date_gmt":"2023-06-08T19:25:32","guid":{"rendered":"https:\/\/www.uea.edu.ec\/?p=18436"},"modified":"2023-06-08T14:49:56","modified_gmt":"2023-06-08T19:49:56","slug":"facultad-ciencias-de-la-vida-celebro-sus-9-anos-de-vida-institucional-2","status":"publish","type":"post","link":"https:\/\/www.uea.edu.ec\/web\/v1\/?p=18436","title":{"rendered":"FACULTAD CIENCIAS DE LA VIDA CELEBR\u00d3 SUS 9 A\u00d1OS DE VIDA INSTITUCIONAL"},"content":{"rendered":"<section class=\"wpb-content-wrapper\">\t\t<div data-elementor-type=\"wp-post\" data-elementor-id=\"18436\" class=\"elementor elementor-18436\">\n\t\t\t\t\t\t<section class=\"ob-is-breaking-bad elementor-section elementor-top-section elementor-element elementor-element-76166893 elementor-section-boxed elementor-section-height-default elementor-section-height-default\" data-id=\"76166893\" data-element_type=\"section\" data-settings=\"{&quot;_ob_bbad_use_it&quot;:&quot;yes&quot;,&quot;_ob_bbad_sssic_use&quot;:&quot;no&quot;,&quot;_ob_glider_is_slider&quot;:&quot;no&quot;}\">\n\t\t\t\t\t\t<div class=\"elementor-container elementor-column-gap-default\">\n\t\t\t\t\t<div class=\"elementor-column elementor-col-100 elementor-top-column elementor-element elementor-element-981011e\" data-id=\"981011e\" data-element_type=\"column\" data-settings=\"{&quot;_ob_bbad_is_stalker&quot;:&quot;no&quot;,&quot;_ob_teleporter_use&quot;:false,&quot;_ob_column_hoveranimator&quot;:&quot;no&quot;,&quot;_ob_column_has_pseudo&quot;:&quot;no&quot;}\">\n\t\t\t<div class=\"elementor-widget-wrap elementor-element-populated\">\n\t\t\t\t\t\t<div class=\"elementor-element elementor-element-11e2071 ob-harakiri-inherit ob-has-background-overlay elementor-widget elementor-widget-text-editor\" data-id=\"11e2071\" data-element_type=\"widget\" data-settings=\"{&quot;_ob_use_harakiri&quot;:&quot;yes&quot;,&quot;_ob_harakiri_writing_mode&quot;:&quot;inherit&quot;,&quot;_ob_postman_use&quot;:&quot;no&quot;,&quot;_ob_perspektive_use&quot;:&quot;no&quot;,&quot;_ob_poopart_use&quot;:&quot;yes&quot;,&quot;_ob_shadough_use&quot;:&quot;no&quot;,&quot;_ob_allow_hoveranimator&quot;:&quot;no&quot;,&quot;_ob_widget_stalker_use&quot;:&quot;no&quot;}\" data-widget_type=\"text-editor.default\">\n\t\t\t\t<div class=\"elementor-widget-container\">\n\t\t\t\t\t\t\t<p>[vc_row][vc_column][vc_column_text]<\/p>\n<p style=\"text-align: justify;\"><!-- wp:paragraph -->El pasado 5 de junio, la Universidad Estatal Amaz\u00f3nica celebr\u00f3 los 9 a\u00f1os de creaci\u00f3n de su Facultad Ciencias de la Vida a trav\u00e9s de varios encuentros acad\u00e9micos dirigidos a toda la comunidad universitaria y ciudadan\u00eda en general.<\/p>\n<!-- \/wp:paragraph -->\n<p style=\"text-align: justify;\"><!-- wp:paragraph -->Como parte de sus funciones sustantivas, dedicadas a la ciencia e investigaci\u00f3n, el p\u00fablico se deleit\u00f3 de una conferencia online enfocada en el poder transformador de la Inteligencia Artificial (IA) en la educaci\u00f3n, junto al Dr. Luis Manosalvas, docente de nuestra Alma M\u00e1ter y experto en Neurociencia Empresarial, Programaci\u00f3n Neuroling\u00fc\u00edstica y Neurocoaching.<\/p>\n<!-- \/wp:paragraph -->\n<p style=\"text-align: justify;\"><!-- wp:paragraph -->Este evento explor\u00f3 diversos aplicativos innovadores de IA y los posibles beneficios en materia de recursos de ense\u00f1anza y aprendizaje, as\u00ed como sus implicaciones \u00e9ticas a la hora de implementar estos sistemas en las pr\u00e1cticas educativas.<\/p>\n<p><img fetchpriority=\"high\" decoding=\"async\" class=\"aligncenter wp-image-18442 size-large\" src=\"https:\/\/www.uea.edu.ec\/wp-content\/uploads\/2023\/06\/CHARLA-ONLINE-FCV-1024x543.jpg\" alt=\"\" width=\"1024\" height=\"543\" srcset=\"https:\/\/www.uea.edu.ec\/web\/v1\/wp-content\/uploads\/2023\/06\/CHARLA-ONLINE-FCV-1024x543.jpg 1024w, https:\/\/www.uea.edu.ec\/web\/v1\/wp-content\/uploads\/2023\/06\/CHARLA-ONLINE-FCV-300x159.jpg 300w, https:\/\/www.uea.edu.ec\/web\/v1\/wp-content\/uploads\/2023\/06\/CHARLA-ONLINE-FCV-768x407.jpg 768w, https:\/\/www.uea.edu.ec\/web\/v1\/wp-content\/uploads\/2023\/06\/CHARLA-ONLINE-FCV-1536x814.jpg 1536w, https:\/\/www.uea.edu.ec\/web\/v1\/wp-content\/uploads\/2023\/06\/CHARLA-ONLINE-FCV.jpg 1772w\" sizes=\"(max-width: 1024px) 100vw, 1024px\" \/><\/p>\n<!-- \/wp:paragraph -->\n<p style=\"text-align: justify;\"><!-- wp:paragraph -->A la par, y como parte de la agenda, se realiz\u00f3 un ciclo de conferencias magistrales denominado \u201cConservaci\u00f3n de la Vida Silvestre y Experiencias de Aprendizaje de los estudiantes de Biolog\u00eda vinculados al Bioparque Zool\u00f3gico Yanacocha\u201d, liderado por la coordinaci\u00f3n de esta carrera.<\/p>\n<!-- \/wp:paragraph -->\n<p style=\"text-align: justify;\"><!-- wp:paragraph -->En la cita, llevada a cabo en el Auditorio Principal de la UEA, participaron autoridades universitarias, t\u00e9cnicos del Ministerio del Agua, Ambiente y Transici\u00f3n Ecol\u00f3gica (MAATE) y del centro Yanacocha, docentes y estudiantes.<\/p>\n<!-- \/wp:paragraph -->\n<p style=\"text-align: justify;\"><!-- wp:paragraph -->Entre los principales temas se abordaron el Mascotismo, Causas y Grandes Problemas, Manejo Condicionado Operante, Importancia y Manejo del Bioterio y el Conflicto Gente-Fauna, adem\u00e1s se destin\u00f3 un espacio din\u00e1mico para la actuaci\u00f3n de los asistentes, quienes resolvieron todas sus inquietudes a trav\u00e9s de un debate y an\u00e1lisis.<\/p>\n<!-- \/wp:paragraph -->\n<p style=\"text-align: justify;\"><!-- wp:paragraph -->Uno de los ejes centrales de la jornada fue la intervenci\u00f3n de nuestros universitarios de la carrera de Biolog\u00eda, en la cual dieron a conocer sus vivencias pr\u00e1cticas en los diversos escenarios de Yanacocha, consolid\u00e1ndose como grandes oportunidades de crecimiento profesional mediante un enfoque multidisciplinario y de pertinencia socioeducativa en la regi\u00f3n amaz\u00f3nica.<\/p>\n<!-- \/wp:paragraph -->\n<p style=\"text-align: justify;\"><!-- wp:paragraph -->Y de esta manera, gracias a los directivos, liderados por la Dra. Haide\u00e9 Mar\u00edn en calidad de decana, docentes y estudiantes de la Facultad Ciencias de la Vida demostraron su compromiso y eficiente gesti\u00f3n para el desarrollo y fomento permanentes de la Educaci\u00f3n Superior del Ecuador.<\/p>\n<!-- \/wp:paragraph -->\n<p style=\"text-align: justify;\"><!-- wp:paragraph --><strong>RELACIONES P\u00daBLICAS UEA<\/strong><\/p>\n<!-- \/wp:paragraph -->\n<p style=\"text-align: justify;\">[\/vc_column_text][\/vc_column][\/vc_row][vc_row][vc_column][vc_single_image image=&#8221;18440&#8243; img_size=&#8221;full&#8221;][\/vc_column][\/vc_row]<\/p>\t\t\t\t\t\t<\/div>\n\t\t\t\t<\/div>\n\t\t\t\t\t<\/div>\n\t\t<\/div>\n\t\t\t\t\t<\/div>\n\t\t<\/section>\n\t\t\t\t<\/div>\n\t\t<\/section>","protected":false},"excerpt":{"rendered":"<p>[vc_row][vc_column][vc_column_text] El pasado 5 de junio, la Universidad Estatal Amaz\u00f3nica celebr\u00f3 los 9 a\u00f1os de creaci\u00f3n de su Facultad Ciencias de la Vida a trav\u00e9s de varios encuentros acad\u00e9micos dirigidos a toda la comunidad universitaria y ciudadan\u00eda en general. Como parte de sus funciones sustantivas, dedicadas a la ciencia e investigaci\u00f3n, el p\u00fablico se deleit\u00f3 &#8230; <a title=\"FACULTAD CIENCIAS DE LA VIDA CELEBR\u00d3 SUS 9 A\u00d1OS DE VIDA INSTITUCIONAL\" class=\"read-more\" href=\"https:\/\/www.uea.edu.ec\/web\/v1\/?p=18436\" aria-label=\"M\u00e1s en FACULTAD CIENCIAS DE LA VIDA CELEBR\u00d3 SUS 9 A\u00d1OS DE VIDA INSTITUCIONAL\">Leer m\u00e1s<\/a><\/p>\n","protected":false},"author":8,"featured_media":18438,"comment_status":"closed","ping_status":"closed","sticky":false,"template":"","format":"standard","meta":{"om_disable_all_campaigns":false,"_monsterinsights_skip_tracking":false,"_monsterinsights_sitenote_active":false,"_monsterinsights_sitenote_note":"","_monsterinsights_sitenote_category":0,"generate_page_header":"","footnotes":""},"categories":[1],"tags":[],"class_list":["post-18436","post","type-post","status-publish","format-standard","has-post-thumbnail","hentry","category-sin-categoria"],"aioseo_notices":[],"_links":{"self":[{"href":"https:\/\/www.uea.edu.ec\/web\/v1\/index.php?rest_route=\/wp\/v2\/posts\/18436"}],"collection":[{"href":"https:\/\/www.uea.edu.ec\/web\/v1\/index.php?rest_route=\/wp\/v2\/posts"}],"about":[{"href":"https:\/\/www.uea.edu.ec\/web\/v1\/index.php?rest_route=\/wp\/v2\/types\/post"}],"author":[{"embeddable":true,"href":"https:\/\/www.uea.edu.ec\/web\/v1\/index.php?rest_route=\/wp\/v2\/users\/8"}],"replies":[{"embeddable":true,"href":"https:\/\/www.uea.edu.ec\/web\/v1\/index.php?rest_route=%2Fwp%2Fv2%2Fcomments&post=18436"}],"version-history":[{"count":9,"href":"https:\/\/www.uea.edu.ec\/web\/v1\/index.php?rest_route=\/wp\/v2\/posts\/18436\/revisions"}],"predecessor-version":[{"id":18448,"href":"https:\/\/www.uea.edu.ec\/web\/v1\/index.php?rest_route=\/wp\/v2\/posts\/18436\/revisions\/18448"}],"wp:featuredmedia":[{"embeddable":true,"href":"https:\/\/www.uea.edu.ec\/web\/v1\/index.php?rest_route=\/wp\/v2\/media\/18438"}],"wp:attachment":[{"href":"https:\/\/www.uea.edu.ec\/web\/v1\/index.php?rest_route=%2Fwp%2Fv2%2Fmedia&parent=18436"}],"wp:term":[{"taxonomy":"category","embeddable":true,"href":"https:\/\/www.uea.edu.ec\/web\/v1\/index.php?rest_route=%2Fwp%2Fv2%2Fcategories&post=18436"},{"taxonomy":"post_tag","embeddable":true,"href":"https:\/\/www.uea.edu.ec\/web\/v1\/index.php?rest_route=%2Fwp%2Fv2%2Ftags&post=18436"}],"curies":[{"name":"wp","href":"https:\/\/api.w.org\/{rel}","templated":true}]}}