{"id":18504,"date":"2023-06-12T14:30:19","date_gmt":"2023-06-12T19:30:19","guid":{"rendered":"https:\/\/www.uea.edu.ec\/?p=18504"},"modified":"2023-06-12T14:34:43","modified_gmt":"2023-06-12T19:34:43","slug":"nuestra-universidad-sera-el-punto-de-encuentro-de-la-comunicacion-ambiental","status":"publish","type":"post","link":"https:\/\/www.uea.edu.ec\/web\/v1\/?p=18504","title":{"rendered":"NUESTRA UNIVERSIDAD SER\u00c1 EL PUNTO DE ENCUENTRO DE LA COMUNICACI\u00d3N AMBIENTAL\u00a0\u00a0"},"content":{"rendered":"\t\t<div data-elementor-type=\"wp-post\" data-elementor-id=\"18504\" class=\"elementor elementor-18504\">\n\t\t\t\t\t\t<section class=\"ob-is-breaking-bad elementor-section elementor-top-section elementor-element elementor-element-ff2e252 elementor-section-boxed elementor-section-height-default elementor-section-height-default\" data-id=\"ff2e252\" data-element_type=\"section\" data-settings=\"{&quot;_ob_bbad_use_it&quot;:&quot;yes&quot;,&quot;_ob_bbad_sssic_use&quot;:&quot;no&quot;,&quot;_ob_glider_is_slider&quot;:&quot;no&quot;}\">\n\t\t\t\t\t\t<div class=\"elementor-container elementor-column-gap-default\">\n\t\t\t\t\t<div class=\"elementor-column elementor-col-100 elementor-top-column elementor-element elementor-element-db91495\" data-id=\"db91495\" data-element_type=\"column\" data-settings=\"{&quot;_ob_bbad_is_stalker&quot;:&quot;no&quot;,&quot;_ob_teleporter_use&quot;:false,&quot;_ob_column_hoveranimator&quot;:&quot;no&quot;,&quot;_ob_column_has_pseudo&quot;:&quot;no&quot;}\">\n\t\t\t<div class=\"elementor-widget-wrap elementor-element-populated\">\n\t\t\t\t\t\t<div class=\"elementor-element elementor-element-c6f3bd1 ob-harakiri-inherit ob-has-background-overlay elementor-widget elementor-widget-text-editor\" data-id=\"c6f3bd1\" data-element_type=\"widget\" data-settings=\"{&quot;_ob_use_harakiri&quot;:&quot;yes&quot;,&quot;_ob_harakiri_writing_mode&quot;:&quot;inherit&quot;,&quot;_ob_postman_use&quot;:&quot;no&quot;,&quot;_ob_perspektive_use&quot;:&quot;no&quot;,&quot;_ob_poopart_use&quot;:&quot;yes&quot;,&quot;_ob_shadough_use&quot;:&quot;no&quot;,&quot;_ob_allow_hoveranimator&quot;:&quot;no&quot;,&quot;_ob_widget_stalker_use&quot;:&quot;no&quot;}\" data-widget_type=\"text-editor.default\">\n\t\t\t\t<div class=\"elementor-widget-container\">\n\t\t\t\t\t\t\t<p style=\"text-align: justify;\"><span data-contrast=\"none\">\u201cCumbre Amaz\u00f3nica de Periodismo y Cambio Clim\u00e1tico 2023\u201d, se titula la segunda edici\u00f3n del evento m\u00e1s importante en el \u00e1mbito del periodismo ambiental en Ecuador, que, por segundo a\u00f1o consecutivo, se realizar\u00e1 en la Universidad Estatal Amaz\u00f3nica (UEA), en la ciudad de Puyo.\u00a0\u00a0<\/span><span data-ccp-props=\"{&quot;201341983&quot;:0,&quot;335551550&quot;:6,&quot;335551620&quot;:6,&quot;335559739&quot;:0,&quot;335559740&quot;:360}\">\u00a0<\/span><\/p><p style=\"text-align: justify;\"><span data-contrast=\"none\">Seguridad digital y protecci\u00f3n de ambientalistas y periodistas, una mirada regional a los conflictos ambientales de la Amazon\u00eda, cambio clim\u00e1tico y desinformaci\u00f3n son parte de los temas que se abordar\u00e1n en esta jornada, establecida del 14 al 17 de junio en el Auditorio Principal de la UEA, as\u00ed como v\u00eda streaming.<\/span> <span data-ccp-props=\"{&quot;201341983&quot;:0,&quot;335551550&quot;:6,&quot;335551620&quot;:6,&quot;335559739&quot;:0,&quot;335559740&quot;:360}\">\u00a0<\/span><\/p><p style=\"text-align: justify;\"><span data-contrast=\"none\">En esta segunda versi\u00f3n, la cumbre es organizada por Fundamedios, Uni\u00f3n Europea en Ecuador, UEA, USAID, The Nature Conservancy, Ecociencia, entre otros; adem\u00e1s, cuenta con el gentil apoyo de la Oficina Regional de Unesco para Venezuela, Colombia, Ecuador y Bolivia, Cooperaci\u00f3n Alemana para el desarrollo- GIZ, la Federaci\u00f3n Nacional de Periodistas del Ecuador; as\u00ed como diversos medios de comunicaci\u00f3n nacionales e internacionales.\u00a0<\/span><span data-ccp-props=\"{&quot;201341983&quot;:0,&quot;335551550&quot;:6,&quot;335551620&quot;:6,&quot;335559739&quot;:0,&quot;335559740&quot;:360}\">\u00a0<\/span><\/p><p style=\"text-align: justify;\"><span data-contrast=\"none\">El objetivo de la cita es <\/span><span data-contrast=\"none\">fomentar el di\u00e1logo y articular una agenda concertada para combatir con \u00e9xito la desinformaci\u00f3n, premisas claves para que el periodismo en su sentido social y la dimensi\u00f3n estructural cumpla un papel fundamental en la transmisi\u00f3n de informaci\u00f3n de calidad y la difusi\u00f3n de conocimientos cient\u00edficos y ancestrales.\u00a0<\/span><span data-ccp-props=\"{&quot;201341983&quot;:0,&quot;335551550&quot;:6,&quot;335551620&quot;:6,&quot;335559739&quot;:0,&quot;335559740&quot;:360}\">\u00a0<\/span><\/p><p style=\"text-align: justify;\"><span data-contrast=\"none\">La cumbre contar\u00e1 con la presencia de destacados expertos y especialistas nacionales e internacionales de diferentes \u00e1mbitos acad\u00e9micos, cient\u00edficos, period\u00edsticos y de activismo ambiental. De acuerdo con la agenda, el encuentro se compone de 13 talleres, 5 conferencias magistrales, 7 mesas de trabajo y 7 ponencias acad\u00e9micas, proporcionando una plataforma para el intercambio de conocimientos y experiencias.\u00a0<\/span><span data-ccp-props=\"{&quot;201341983&quot;:0,&quot;335551550&quot;:6,&quot;335551620&quot;:6,&quot;335559739&quot;:0,&quot;335559740&quot;:360}\">\u00a0<\/span><\/p><p style=\"text-align: justify;\"><span data-contrast=\"none\">Adem\u00e1s, promover\u00e1 un Tech Camp, un tour guiado al Centro Experimental de Investigaci\u00f3n y Producci\u00f3n Amaz\u00f3nica (CEIPA) y una visita a la comunidad Jandiayaku del Cant\u00f3n Santa Clara, todo ello con el objetivo de identificar factores relevantes para el desarrollo de acciones en materia de innovaci\u00f3n tecnol\u00f3gica y manejo sostenible de los recursos naturales.\u00a0<\/span><span data-ccp-props=\"{&quot;201341983&quot;:0,&quot;335551550&quot;:6,&quot;335551620&quot;:6,&quot;335559739&quot;:0,&quot;335559740&quot;:360}\">\u00a0<\/span><\/p><p style=\"text-align: justify;\"><span data-contrast=\"auto\">Al igual que en su primera edici\u00f3n, en esta ocasi\u00f3n los interesados podr\u00e1n inscribirse a trav\u00e9s del micrositio web: <\/span><a href=\"http:\/\/www.cumbreamazonica.org\/\"><span data-contrast=\"auto\">www.cumbreamazonica.org<\/span><\/a><span data-contrast=\"auto\">.\u00a0<\/span><span data-ccp-props=\"{&quot;201341983&quot;:0,&quot;335551550&quot;:6,&quot;335551620&quot;:6,&quot;335559739&quot;:0,&quot;335559740&quot;:360}\">\u00a0<\/span><\/p><p><span data-ccp-props=\"{&quot;201341983&quot;:0,&quot;335551550&quot;:6,&quot;335551620&quot;:6,&quot;335559739&quot;:0,&quot;335559740&quot;:360}\">\u00a0<\/span><b><span data-contrast=\"none\">RELACIONES P\u00daBLICAS<\/span><\/b><span data-ccp-props=\"{&quot;201341983&quot;:0,&quot;335551550&quot;:6,&quot;335551620&quot;:6,&quot;335559739&quot;:0,&quot;335559740&quot;:360}\">\u00a0<\/span><\/p>\t\t\t\t\t\t<\/div>\n\t\t\t\t<\/div>\n\t\t\t\t\t<\/div>\n\t\t<\/div>\n\t\t\t\t\t<\/div>\n\t\t<\/section>\n\t\t\t\t<\/div>\n\t\t","protected":false},"excerpt":{"rendered":"<p>\u201cCumbre Amaz\u00f3nica de Periodismo y Cambio Clim\u00e1tico 2023\u201d, se titula la segunda edici\u00f3n del evento m\u00e1s importante en el \u00e1mbito del periodismo ambiental en Ecuador, que, por segundo a\u00f1o consecutivo, se realizar\u00e1 en la Universidad Estatal Amaz\u00f3nica (UEA), en la ciudad de Puyo.\u00a0\u00a0\u00a0 Seguridad digital y protecci\u00f3n de ambientalistas y periodistas, una mirada regional a &#8230; <a title=\"NUESTRA UNIVERSIDAD SER\u00c1 EL PUNTO DE ENCUENTRO DE LA COMUNICACI\u00d3N AMBIENTAL\u00a0\u00a0\" class=\"read-more\" href=\"https:\/\/www.uea.edu.ec\/web\/v1\/?p=18504\" aria-label=\"M\u00e1s en NUESTRA UNIVERSIDAD SER\u00c1 EL PUNTO DE ENCUENTRO DE LA COMUNICACI\u00d3N AMBIENTAL\u00a0\u00a0\">Leer m\u00e1s<\/a><\/p>\n","protected":false},"author":25,"featured_media":18503,"comment_status":"closed","ping_status":"closed","sticky":false,"template":"","format":"standard","meta":{"om_disable_all_campaigns":false,"_monsterinsights_skip_tracking":false,"_monsterinsights_sitenote_active":false,"_monsterinsights_sitenote_note":"","_monsterinsights_sitenote_category":0,"generate_page_header":"","footnotes":""},"categories":[1],"tags":[],"class_list":["post-18504","post","type-post","status-publish","format-standard","has-post-thumbnail","hentry","category-sin-categoria"],"aioseo_notices":[],"_links":{"self":[{"href":"https:\/\/www.uea.edu.ec\/web\/v1\/index.php?rest_route=\/wp\/v2\/posts\/18504"}],"collection":[{"href":"https:\/\/www.uea.edu.ec\/web\/v1\/index.php?rest_route=\/wp\/v2\/posts"}],"about":[{"href":"https:\/\/www.uea.edu.ec\/web\/v1\/index.php?rest_route=\/wp\/v2\/types\/post"}],"author":[{"embeddable":true,"href":"https:\/\/www.uea.edu.ec\/web\/v1\/index.php?rest_route=\/wp\/v2\/users\/25"}],"replies":[{"embeddable":true,"href":"https:\/\/www.uea.edu.ec\/web\/v1\/index.php?rest_route=%2Fwp%2Fv2%2Fcomments&post=18504"}],"version-history":[{"count":10,"href":"https:\/\/www.uea.edu.ec\/web\/v1\/index.php?rest_route=\/wp\/v2\/posts\/18504\/revisions"}],"predecessor-version":[{"id":18514,"href":"https:\/\/www.uea.edu.ec\/web\/v1\/index.php?rest_route=\/wp\/v2\/posts\/18504\/revisions\/18514"}],"wp:featuredmedia":[{"embeddable":true,"href":"https:\/\/www.uea.edu.ec\/web\/v1\/index.php?rest_route=\/wp\/v2\/media\/18503"}],"wp:attachment":[{"href":"https:\/\/www.uea.edu.ec\/web\/v1\/index.php?rest_route=%2Fwp%2Fv2%2Fmedia&parent=18504"}],"wp:term":[{"taxonomy":"category","embeddable":true,"href":"https:\/\/www.uea.edu.ec\/web\/v1\/index.php?rest_route=%2Fwp%2Fv2%2Fcategories&post=18504"},{"taxonomy":"post_tag","embeddable":true,"href":"https:\/\/www.uea.edu.ec\/web\/v1\/index.php?rest_route=%2Fwp%2Fv2%2Ftags&post=18504"}],"curies":[{"name":"wp","href":"https:\/\/api.w.org\/{rel}","templated":true}]}}