{"id":18523,"date":"2023-06-20T15:48:33","date_gmt":"2023-06-20T20:48:33","guid":{"rendered":"https:\/\/www.uea.edu.ec\/?p=18523"},"modified":"2023-06-20T16:16:16","modified_gmt":"2023-06-20T21:16:16","slug":"segunda-cumbre-de-periodismo-y-cambio-climatico-tuvo-una-amplia-concurrencia","status":"publish","type":"post","link":"https:\/\/www.uea.edu.ec\/web\/v1\/?p=18523","title":{"rendered":"SEGUNDA CUMBRE DE PERIODISMO Y CAMBIO CLIM\u00c1TICO TUVO UNA AMPLIA CONCURRENCIA"},"content":{"rendered":"\t\t<div data-elementor-type=\"wp-post\" data-elementor-id=\"18523\" class=\"elementor elementor-18523\">\n\t\t\t\t\t\t<section class=\"ob-is-breaking-bad elementor-section elementor-top-section elementor-element elementor-element-7704ff17 elementor-section-boxed elementor-section-height-default elementor-section-height-default\" data-id=\"7704ff17\" data-element_type=\"section\" data-settings=\"{&quot;_ob_bbad_use_it&quot;:&quot;yes&quot;,&quot;_ob_bbad_sssic_use&quot;:&quot;no&quot;,&quot;_ob_glider_is_slider&quot;:&quot;no&quot;}\">\n\t\t\t\t\t\t<div class=\"elementor-container elementor-column-gap-default\">\n\t\t\t\t\t<div class=\"elementor-column elementor-col-100 elementor-top-column elementor-element elementor-element-2e220c3\" data-id=\"2e220c3\" data-element_type=\"column\" data-settings=\"{&quot;_ob_bbad_is_stalker&quot;:&quot;no&quot;,&quot;_ob_teleporter_use&quot;:false,&quot;_ob_column_hoveranimator&quot;:&quot;no&quot;,&quot;_ob_column_has_pseudo&quot;:&quot;no&quot;}\">\n\t\t\t<div class=\"elementor-widget-wrap elementor-element-populated\">\n\t\t\t\t\t\t<div class=\"elementor-element elementor-element-62e8b6df ob-harakiri-inherit ob-has-background-overlay elementor-widget elementor-widget-text-editor\" data-id=\"62e8b6df\" data-element_type=\"widget\" data-settings=\"{&quot;_ob_use_harakiri&quot;:&quot;yes&quot;,&quot;_ob_harakiri_writing_mode&quot;:&quot;inherit&quot;,&quot;_ob_postman_use&quot;:&quot;no&quot;,&quot;_ob_perspektive_use&quot;:&quot;no&quot;,&quot;_ob_poopart_use&quot;:&quot;yes&quot;,&quot;_ob_shadough_use&quot;:&quot;no&quot;,&quot;_ob_allow_hoveranimator&quot;:&quot;no&quot;,&quot;_ob_widget_stalker_use&quot;:&quot;no&quot;}\" data-widget_type=\"text-editor.default\">\n\t\t\t\t<div class=\"elementor-widget-container\">\n\t\t\t\t\t\t\t<!-- wp:image {\"id\":18525,\"width\":595,\"height\":397,\"sizeSlug\":\"large\",\"linkDestination\":\"none\"} --><!-- \/wp:image --><!-- wp:tadv\/classic-paragraph -->\n<p style=\"text-align: justify;\">Plantear un gran debate sobre el rol que debe asumir el periodismo en la generaci\u00f3n de nuevas alternativas que permitan preservar los ecosistemas naturales del planeta y frenar los efectos nocivos del calentamiento global, fue el objetivo de la Segunda Cumbre de Periodismo y Cambio Clim\u00e1tico que se realiz\u00f3 en el campus matriz Puyo de la Universidad Estatal Amaz\u00f3nica (UEA) del 14 al 17 de junio.<\/p>\n<p style=\"text-align: justify;\">Periodistas, expertos en conservaci\u00f3n ambiental, cient\u00edficos, l\u00edderes de comunidades amaz\u00f3nicas y estudiantes de diversos pa\u00edses se dieron cita al conclave regional, que fue auspiciado por FUNDAMEDIOS, la UEA y otras organizaciones nacionales e internacionales.<\/p>\n<p style=\"text-align: justify;\">Para los organizadores, este evento ha sido fundamental para profundizar en un tema trascendental como lo es el medio ambiente, sus formas de abordarlo dentro del periodismo y las posibilidades de difusi\u00f3n masiva a trav\u00e9s de nuevas y mejores narrativas.<\/p>\n<p style=\"text-align: justify;\">Fue un espacio en donde los asistentes reflexionaron acerca de lo que significa el cambio clim\u00e1tico y c\u00f3mo se puede mitigar sus efectos, encontrar soluciones, formas de atenuar ese impacto y proteger a las comunidades.<\/p>\n<p style=\"text-align: justify;\">Tambi\u00e9n se destac\u00f3 la amplitud con la que se ha podido abordar estos temas, as\u00ed lo corrobor\u00f3 Dar\u00edo Robinzon, periodista del medio digital esmeralde\u00f1o -La Calle Habla-.<\/p>\n<p style=\"text-align: justify;\">\u201cMe ha parecido muy interesante que entre los participantes y ponentes no solo haya gente adulta sino tambi\u00e9n j\u00f3venes de diferentes pueblos y nacionalidades. Esto ha permitido que podamos abordar temas que no se hablan en los medios tradicionales; como el tema ambiental y la realidad que se vive en la Amazon\u00eda\u201d, se\u00f1al\u00f3 el comunicador.<\/p>\n<p style=\"text-align: justify;\">Agreg\u00f3 que es esta es una tem\u00e1tica que nos compete a todos y \u201cprincipalmente a nosotros como periodistas en la elaboraci\u00f3n de productos comunicacionales que sean dirigidos a concientizar sobre el cuidado de nuestras selvas\u201d.<\/p>\n<p style=\"text-align: justify;\">Henrry Zurita, estudiante de Comunicaci\u00f3n de la UEA, agreg\u00f3 que el rol del periodista debe ir mucho m\u00e1s all\u00e1 de solo informar. \u201cDebemos hacer que nuestro trabajo vaya dirigido hacia el beneficio de las comunidades amaz\u00f3nicas y por ende de sus ecosistemas\u201d.<\/p>\n<p style=\"text-align: justify;\">Por otra parte, Jos\u00e9 Urimenga, de la Nacionalidad Waorani, ponder\u00f3 la importancia de la Cumbre, pues dijo que aqu\u00ed pueden conocer con mayor detalle la realidad que vivimos en las comunidades de la Amazon\u00eda.<\/p>\n<p style=\"text-align: justify;\">\u201cEs fundamental que cuidemos la selva y los r\u00edos que al final son los que nos dan la vida y permitir\u00e1n preservar nuestra Pachamama para las futuras generaciones\u201d, afirm\u00f3 Urimenga.<\/p>\n<p style=\"text-align: justify;\">Se espera que la Cumbre se institucionalice y contin\u00fae desarroll\u00e1ndose a\u00f1o tras a\u00f1o. Para Jocelyn Rodr\u00edguez, estudiante de comunicaci\u00f3n de la UEA, es importante que este evento se siga realizando con la finalidad que m\u00e1s gente conozca sobre la Amazon\u00eda, la Universidad Estatal Amaz\u00f3nica y nuestra carrera de comunicaci\u00f3n\u201d. \u00a0<\/p>\n<p><strong>RELACIONES P\u00daBLICAS UEA<\/strong><\/p>\n<p>\u00a0<\/p>\n<p>\u00a0<\/p>\n<!-- \/wp:tadv\/classic-paragraph -->\t\t\t\t\t\t<\/div>\n\t\t\t\t<\/div>\n\t\t\t\t\t<\/div>\n\t\t<\/div>\n\t\t\t\t\t<\/div>\n\t\t<\/section>\n\t\t\t\t<\/div>\n\t\t","protected":false},"excerpt":{"rendered":"<p>Plantear un gran debate sobre el rol que debe asumir el periodismo en la generaci\u00f3n de nuevas alternativas que permitan preservar los ecosistemas naturales del planeta y frenar los efectos nocivos del calentamiento global, fue el objetivo de la Segunda Cumbre de Periodismo y Cambio Clim\u00e1tico que se realiz\u00f3 en el campus matriz Puyo de &#8230; <a title=\"SEGUNDA CUMBRE DE PERIODISMO Y CAMBIO CLIM\u00c1TICO TUVO UNA AMPLIA CONCURRENCIA\" class=\"read-more\" href=\"https:\/\/www.uea.edu.ec\/web\/v1\/?p=18523\" aria-label=\"M\u00e1s en SEGUNDA CUMBRE DE PERIODISMO Y CAMBIO CLIM\u00c1TICO TUVO UNA AMPLIA CONCURRENCIA\">Leer m\u00e1s<\/a><\/p>\n","protected":false},"author":25,"featured_media":18525,"comment_status":"closed","ping_status":"closed","sticky":false,"template":"","format":"standard","meta":{"om_disable_all_campaigns":false,"_monsterinsights_skip_tracking":false,"_monsterinsights_sitenote_active":false,"_monsterinsights_sitenote_note":"","_monsterinsights_sitenote_category":0,"generate_page_header":"","footnotes":""},"categories":[1],"tags":[],"class_list":["post-18523","post","type-post","status-publish","format-standard","has-post-thumbnail","hentry","category-sin-categoria"],"aioseo_notices":[],"_links":{"self":[{"href":"https:\/\/www.uea.edu.ec\/web\/v1\/index.php?rest_route=\/wp\/v2\/posts\/18523"}],"collection":[{"href":"https:\/\/www.uea.edu.ec\/web\/v1\/index.php?rest_route=\/wp\/v2\/posts"}],"about":[{"href":"https:\/\/www.uea.edu.ec\/web\/v1\/index.php?rest_route=\/wp\/v2\/types\/post"}],"author":[{"embeddable":true,"href":"https:\/\/www.uea.edu.ec\/web\/v1\/index.php?rest_route=\/wp\/v2\/users\/25"}],"replies":[{"embeddable":true,"href":"https:\/\/www.uea.edu.ec\/web\/v1\/index.php?rest_route=%2Fwp%2Fv2%2Fcomments&post=18523"}],"version-history":[{"count":23,"href":"https:\/\/www.uea.edu.ec\/web\/v1\/index.php?rest_route=\/wp\/v2\/posts\/18523\/revisions"}],"predecessor-version":[{"id":18547,"href":"https:\/\/www.uea.edu.ec\/web\/v1\/index.php?rest_route=\/wp\/v2\/posts\/18523\/revisions\/18547"}],"wp:featuredmedia":[{"embeddable":true,"href":"https:\/\/www.uea.edu.ec\/web\/v1\/index.php?rest_route=\/wp\/v2\/media\/18525"}],"wp:attachment":[{"href":"https:\/\/www.uea.edu.ec\/web\/v1\/index.php?rest_route=%2Fwp%2Fv2%2Fmedia&parent=18523"}],"wp:term":[{"taxonomy":"category","embeddable":true,"href":"https:\/\/www.uea.edu.ec\/web\/v1\/index.php?rest_route=%2Fwp%2Fv2%2Fcategories&post=18523"},{"taxonomy":"post_tag","embeddable":true,"href":"https:\/\/www.uea.edu.ec\/web\/v1\/index.php?rest_route=%2Fwp%2Fv2%2Ftags&post=18523"}],"curies":[{"name":"wp","href":"https:\/\/api.w.org\/{rel}","templated":true}]}}