{"id":19064,"date":"2023-08-18T16:02:26","date_gmt":"2023-08-18T21:02:26","guid":{"rendered":"https:\/\/www.uea.edu.ec\/?p=19064"},"modified":"2023-08-18T16:04:06","modified_gmt":"2023-08-18T21:04:06","slug":"en-el-laboratorio-vivo-de-la-uea-se-descubre-nueva-orquidea","status":"publish","type":"post","link":"https:\/\/www.uea.edu.ec\/web\/v1\/?p=19064","title":{"rendered":"EN EL LABORATORIO VIVO DE LA UEA SE DESCUBRE NUEVA ORQU\u00cdDEA"},"content":{"rendered":"<section class=\"wpb-content-wrapper\"><p>[vc_row][vc_column][vc_column_text]<\/p>\n\n<p class=\"MsoNormal\" style=\"margin-bottom: 0cm; line-height: 150%; text-align: justify;\"><span style=\"mso-bidi-font-size: 12.0pt; line-height: 150%; font-family: 'Times New Roman',serif; color: black; mso-color-alt: windowtext; background: white; mso-ansi-language: ES-EC;\">El Centro Experimental de Investigaci\u00f3n y Producci\u00f3n Amaz\u00f3nica (CEIPA), adscrito a la Universidad Estatal Amaz\u00f3nica (UEA), se localiza en el cant\u00f3n Arosemena Tola a 44 km al norte de la ciudad de Puyo. Alberga un laboratorio vivo \u00fanico en la Amazon\u00eda ecuatoriana, pues en \u00e9l se encuentra parte de la Reserva del Alto Piat\u00faa, lo que ha impulsado la investigaci\u00f3n, educaci\u00f3n y la conservaci\u00f3n de sus ecosistemas.<\/span><\/p>\n<p class=\"MsoNormal\" style=\"margin-bottom: 0cm; line-height: 150%; text-align: justify;\"><span style=\"mso-bidi-font-size: 12.0pt; line-height: 150%; font-family: 'Times New Roman',serif; background: white; mso-ansi-language: ES-EC;\">\u00a0<\/span><\/p>\n<p class=\"MsoNormal\" style=\"margin-bottom: 0cm; line-height: 150%; text-align: justify;\"><span style=\"mso-bidi-font-size: 12.0pt; line-height: 150%; font-family: 'Times New Roman',serif; color: black; mso-color-alt: windowtext; background: white; mso-ansi-language: ES-EC;\">Raz\u00f3n de ello, a partir de un hallazgo y estudio realizado in situ por el catedr\u00e1tico e investigador de la UEA, Diego Guti\u00e9rrez,\u00a0en\u00a0<span style=\"border: none windowtext 1.0pt; mso-border-alt: none windowtext 0cm; padding: 0cm;\">colaboraci\u00f3n con Leisberth V\u00e9lez, estudiante de la Sede Zamora Chinchipe, Luis Baquero, docente de la Universidad de las Am\u00e9ricas (UDLA) y Marco Jim\u00e9nez, investigador independiente, se confirm\u00f3 la existencia de una nueva especie de orqu\u00eddea del g\u00e9nero Masdevallia, publicada en la revista internacional de bot\u00e1nica, Phytotaxa, en junio de 2022. <\/span><\/span><\/p>\n<p class=\"MsoNormal\" style=\"margin-bottom: 0cm; line-height: 150%; text-align: justify;\"><span style=\"mso-bidi-font-size: 12.0pt; line-height: 150%; font-family: 'Times New Roman',serif; border: none windowtext 1.0pt; mso-border-alt: none windowtext 0cm; padding: 0cm; background: white; mso-ansi-language: ES-EC;\">\u00a0<\/span><\/p>\n<p class=\"MsoNormal\" style=\"margin-bottom: 0cm; line-height: 150%; text-align: justify;\"><span style=\"mso-bidi-font-size: 12.0pt; line-height: 150%; font-family: 'Times New Roman',serif; color: black; mso-color-alt: windowtext; border: none windowtext 1.0pt; mso-border-alt: none windowtext 0cm; padding: 0cm; background: white; mso-ansi-language: ES-EC;\">Bautizada como Masdevallia Rubileoixchelorum por la impresionante tonalidad de su composici\u00f3n en amarillo, rojo rub\u00ed y blanco y, en honor a los nombres de los hijos del primer autor, Alexandra Rub\u00ed, Leonardo Felipe y Mar\u00eda Ixchel, <\/span><span style=\"mso-bidi-font-size: 12.0pt; line-height: 150%; font-family: 'Times New Roman',serif; mso-ansi-language: ES-EC;\">pertenece a un grupo de especies que<span style=\"color: black;\"> se distribuyen desde Brasil hasta M\u00e9xico, sin embargo, las zonas con mayor variedad de especies se localizan en los andes de Ecuador, Colombia y el norte de Per\u00fa. <\/span><\/span><\/p>\n<p class=\"MsoNormal\" style=\"margin-bottom: 0cm; line-height: 150%; text-align: justify;\"><span style=\"mso-bidi-font-size: 12.0pt; line-height: 150%; font-family: 'Times New Roman',serif; color: black; mso-ansi-language: ES-EC;\">\u00a0<\/span><\/p>\n<p class=\"MsoNormal\" style=\"margin-bottom: 0cm; line-height: 150%; text-align: justify;\"><span style=\"mso-bidi-font-size: 12.0pt; line-height: 150%; font-family: 'Times New Roman',serif; mso-ansi-language: ES-EC;\">Actualmente, el g\u00e9nero incluye m\u00e1s de 600 clases aceptadas y se reconocen alrededor de 344 en nuestro pa\u00eds, de las cuales se dividen en 19 tipos de acuerdo con un estudio realizado por Carlyle A. Luer, bot\u00e1nico estadounidense. Por esta raz\u00f3n, los cient\u00edficos concluyeron que la nueva especie forma parte del subg\u00e9nero <span style=\"color: black; mso-color-alt: windowtext; border: none windowtext 1.0pt; mso-border-alt: none windowtext 0cm; padding: 0cm; background: white;\">Masdevallia Aphanes. <\/span><\/span><\/p>\n<p class=\"MsoNormal\" style=\"margin-bottom: 0cm; line-height: 150%; text-align: justify;\"><span style=\"mso-bidi-font-size: 12.0pt; line-height: 150%; font-family: 'Times New Roman',serif; mso-ansi-language: ES-EC;\">\u00a0<\/span><\/p>\n<p class=\"MsoNormal\" style=\"margin-bottom: 0cm; line-height: 150%; text-align: justify;\"><span style=\"mso-bidi-font-size: 12.0pt; line-height: 150%; font-family: 'Times New Roman',serif; mso-ansi-language: ES-EC;\">El holotipo fue encontrado durante un trabajo exploratorio en la Reserva del Alto Piat\u00faa, espec\u00edficamente sobre ramas de \u00e1rboles ca\u00eddos, y fue reubicado en el CEIPA hasta su floraci\u00f3n. Posterior a ello, se realiz\u00f3 la descripci\u00f3n taxon\u00f3mica siguiendo las normativas est\u00e1ndares mediante materiales vivos y fotograf\u00edas. <\/span><\/p>\n<p class=\"MsoNormal\" style=\"margin-bottom: 0cm; line-height: 150%; text-align: justify;\"><span style=\"mso-bidi-font-size: 12.0pt; line-height: 150%; font-family: 'Times New Roman',serif; mso-ansi-language: ES-EC;\">\u00a0<\/span><\/p>\n<p class=\"MsoNormal\" style=\"margin-bottom: 0cm; line-height: 150%; text-align: justify;\"><span style=\"mso-bidi-font-size: 12.0pt; line-height: 150%; font-family: 'Times New Roman',serif; mso-ansi-language: ES-EC;\">De acuerdo con la investigaci\u00f3n, la orqu\u00eddea <span style=\"color: black; mso-color-alt: windowtext; border: none windowtext 1.0pt; mso-border-alt: none windowtext 0cm; padding: 0cm; background: white;\">Rubileoixchelorum adquiere caracter\u00edsticas exclusivas en comparaci\u00f3n de sus similares, por ejemplo, sus<\/span> tres s\u00e9palos son grandes y se fusionan a lo largo de los bordes, mientras que en las puntas se vislumbran unos ap\u00e9ndices salientes de notable extensi\u00f3n y que, junto a su estructura, la convierten en un espectacular y atractivo ejemplar para los coleccionistas. <\/span><\/p>\n<p class=\"MsoNormal\" style=\"margin-bottom: 0cm; line-height: 150%; text-align: justify;\"><span style=\"mso-bidi-font-size: 12.0pt; line-height: 150%; font-family: 'Times New Roman',serif; color: black; mso-ansi-language: ES-EC;\">\u00a0<\/span><\/p>\n<p class=\"MsoNormal\" style=\"margin-bottom: 0cm; line-height: 150%; text-align: justify;\"><span style=\"mso-bidi-font-size: 12.0pt; line-height: 150%; font-family: 'Times New Roman',serif; color: black; mso-ansi-language: ES-EC;\">Seg\u00fan criterios de los cient\u00edficos, se compone de p\u00e9talos peque\u00f1os con relaci\u00f3n a su labelo dentro del g\u00e9nero Masdevallia. Adem\u00e1s, la nueva especie tiene un distintivo ovario con varias costillas onduladas y dentadas junto a un labelo peculiar que simula la forma de <span style=\"border: none windowtext 1.0pt; mso-border-alt: none windowtext 0cm; padding: 0cm;\">una <\/span>sandalia o un bote. <\/span><\/p>\n<p class=\"MsoNormal\" style=\"margin-bottom: 0cm; line-height: 150%; text-align: justify;\"><span style=\"mso-bidi-font-size: 12.0pt; line-height: 150%; font-family: 'Times New Roman',serif; color: black; mso-ansi-language: ES-EC;\">\u00a0<\/span><\/p>\n<p class=\"MsoNormal\" style=\"margin-bottom: 0cm; line-height: 150%; text-align: justify;\"><span style=\"mso-bidi-font-size: 12.0pt; line-height: 150%; font-family: 'Times New Roman',serif; color: black; mso-ansi-language: ES-EC;\">Sobre la especie descubierta Guti\u00e9rrez precis\u00f3 que \u201csolamente en la zona alta del CEIPA se registra esta nueva orqu\u00eddea, por ello, la instituci\u00f3n acad\u00e9mica debe protegerla y cuidarla, pues en general las orqu\u00eddeas representan indicadores del grado de perturbaci\u00f3n humana en los ecosistemas. Considero que esta especie en un futuro formar\u00e1 parte de colecciones internacionales o jardines <\/span><span style=\"mso-bidi-font-size: 12.0pt; line-height: 150%; font-family: 'Times New Roman',serif; mso-ansi-language: ES-EC;\">bot\u00e1nicos de Europa y Estados Unidos\u201d.<span style=\"mso-spacerun: yes;\">\u00a0 <\/span><\/span><\/p>\n<p class=\"MsoNormal\" style=\"margin-bottom: 0cm; line-height: 150%; text-align: justify;\"><span style=\"mso-bidi-font-size: 12.0pt; line-height: 150%; font-family: 'Times New Roman',serif; mso-ansi-language: ES-EC;\">\u00a0<\/span><\/p>\n<p class=\"MsoNormal\" style=\"margin-bottom: 0cm; line-height: 150%; text-align: justify;\"><span style=\"mso-bidi-font-size: 12.0pt; line-height: 150%; font-family: 'Times New Roman',serif; mso-ansi-language: ES-EC;\">Desde la Amazon\u00eda ecuatoriana, esta casa de estudios superiores pone de relieve la importancia de fomentar procesos de innovaci\u00f3n pedag\u00f3gica y formaci\u00f3n del pensamiento cient\u00edfico para la transformaci\u00f3n de la educaci\u00f3n, pues, al ser este hallazgo el primer esp\u00e9cimen colectado en nuestro centro de investigaci\u00f3n representa un potencial biol\u00f3gico para el planeta en cuanto al conocimiento de los ecosistemas. <\/span><\/p>\n<p class=\"MsoNormal\" style=\"margin-bottom: 0cm; line-height: 150%; text-align: justify;\"><span style=\"mso-bidi-font-size: 12.0pt; line-height: 150%; font-family: 'Times New Roman',serif; mso-ansi-language: ES-EC;\">\u00a0<\/span><\/p>\n<p class=\"MsoNormal\" style=\"margin-bottom: 0cm; line-height: 150%; text-align: justify;\"><b><span lang=\"EN-US\" style=\"mso-bidi-font-size: 12.0pt; line-height: 150%; font-family: 'Times New Roman',serif;\">RELACIONES P\u00daBLICAS UEA<\/span><\/b><\/p>\n<p class=\"MsoNormal\" style=\"margin-bottom: 0cm; line-height: 150%; text-align: justify;\"><b><span lang=\"EN-US\" style=\"mso-bidi-font-size: 12.0pt; line-height: 150%; font-family: 'Times New Roman',serif;\">\u00a0<\/span><\/b><\/p>\n<p class=\"MsoNormal\" style=\"margin-bottom: 0cm; line-height: 150%; text-align: justify;\" align=\"center\"><b style=\"mso-bidi-font-weight: normal;\"><span lang=\"EN-US\" style=\"mso-bidi-font-size: 12.0pt; line-height: 150%; font-family: 'Times New Roman',serif;\">\u00a0<\/span><\/b><\/p>\n\n<p style=\"text-align: justify;\">\n<p>[\/vc_column_text][\/vc_column][\/vc_row]<\/p>\n<\/section>","protected":false},"excerpt":{"rendered":"<p>[vc_row][vc_column][vc_column_text] El Centro Experimental de Investigaci\u00f3n y Producci\u00f3n Amaz\u00f3nica (CEIPA), adscrito a la Universidad Estatal Amaz\u00f3nica (UEA), se localiza en el cant\u00f3n Arosemena Tola a 44 km al norte de la ciudad de Puyo. Alberga un laboratorio vivo \u00fanico en la Amazon\u00eda ecuatoriana, pues en \u00e9l se encuentra parte de la Reserva del Alto Piat\u00faa, &#8230; <a title=\"EN EL LABORATORIO VIVO DE LA UEA SE DESCUBRE NUEVA ORQU\u00cdDEA\" class=\"read-more\" href=\"https:\/\/www.uea.edu.ec\/web\/v1\/?p=19064\" aria-label=\"M\u00e1s en EN EL LABORATORIO VIVO DE LA UEA SE DESCUBRE NUEVA ORQU\u00cdDEA\">Leer m\u00e1s<\/a><\/p>\n","protected":false},"author":8,"featured_media":19061,"comment_status":"closed","ping_status":"closed","sticky":false,"template":"","format":"standard","meta":{"om_disable_all_campaigns":false,"_monsterinsights_skip_tracking":false,"_monsterinsights_sitenote_active":false,"_monsterinsights_sitenote_note":"","_monsterinsights_sitenote_category":0,"generate_page_header":"","footnotes":""},"categories":[1],"tags":[],"class_list":["post-19064","post","type-post","status-publish","format-standard","has-post-thumbnail","hentry","category-sin-categoria"],"aioseo_notices":[],"_links":{"self":[{"href":"https:\/\/www.uea.edu.ec\/web\/v1\/index.php?rest_route=\/wp\/v2\/posts\/19064"}],"collection":[{"href":"https:\/\/www.uea.edu.ec\/web\/v1\/index.php?rest_route=\/wp\/v2\/posts"}],"about":[{"href":"https:\/\/www.uea.edu.ec\/web\/v1\/index.php?rest_route=\/wp\/v2\/types\/post"}],"author":[{"embeddable":true,"href":"https:\/\/www.uea.edu.ec\/web\/v1\/index.php?rest_route=\/wp\/v2\/users\/8"}],"replies":[{"embeddable":true,"href":"https:\/\/www.uea.edu.ec\/web\/v1\/index.php?rest_route=%2Fwp%2Fv2%2Fcomments&post=19064"}],"version-history":[{"count":2,"href":"https:\/\/www.uea.edu.ec\/web\/v1\/index.php?rest_route=\/wp\/v2\/posts\/19064\/revisions"}],"predecessor-version":[{"id":19066,"href":"https:\/\/www.uea.edu.ec\/web\/v1\/index.php?rest_route=\/wp\/v2\/posts\/19064\/revisions\/19066"}],"wp:featuredmedia":[{"embeddable":true,"href":"https:\/\/www.uea.edu.ec\/web\/v1\/index.php?rest_route=\/wp\/v2\/media\/19061"}],"wp:attachment":[{"href":"https:\/\/www.uea.edu.ec\/web\/v1\/index.php?rest_route=%2Fwp%2Fv2%2Fmedia&parent=19064"}],"wp:term":[{"taxonomy":"category","embeddable":true,"href":"https:\/\/www.uea.edu.ec\/web\/v1\/index.php?rest_route=%2Fwp%2Fv2%2Fcategories&post=19064"},{"taxonomy":"post_tag","embeddable":true,"href":"https:\/\/www.uea.edu.ec\/web\/v1\/index.php?rest_route=%2Fwp%2Fv2%2Ftags&post=19064"}],"curies":[{"name":"wp","href":"https:\/\/api.w.org\/{rel}","templated":true}]}}