{"id":19083,"date":"2023-08-23T08:12:24","date_gmt":"2023-08-23T13:12:24","guid":{"rendered":"https:\/\/www.uea.edu.ec\/?p=19083"},"modified":"2023-08-23T08:21:43","modified_gmt":"2023-08-23T13:21:43","slug":"la-universidad-estatal-amazonica-da-la-bienvenida-a-211-nuevos-graduados-en-sus-filas-de-profesionales","status":"publish","type":"post","link":"https:\/\/www.uea.edu.ec\/web\/v1\/?p=19083","title":{"rendered":"LA UNIVERSIDAD ESTATAL AMAZ\u00d3NICA DA LA BIENVENIDA A 211 NUEVOS GRADUADOS EN SUS FILAS DE PROFESIONALES."},"content":{"rendered":"<section class=\"wpb-content-wrapper\"><p>[vc_row][vc_column][vc_column_text]<\/p>\n<p style=\"text-align: justify;\">Este 16 y 17 de agosto de 2023, en el Auditorio principal de la sede matriz Puyo, se celebraron las ceremonias de graduaci\u00f3n y titulaci\u00f3n de m\u00e1s de doscientos nuevos profesionales que, con gran expectativa sobre los nuevos retos, han culminado sus estudios acad\u00e9micos en la universidad m\u00e1s grande de la Amazon\u00eda.<\/p>\n\n<p style=\"text-align: justify;\">El excelente grupo de j\u00f3venes graduados, seg\u00fan lo mencion\u00f3 el Dr. MV. David Sancho Aguilera, rector UEA, contribuir\u00e1 de manera directa a las acciones de preservaci\u00f3n y ambiente en \u00e1reas significativas como la conservaci\u00f3n y el desarrollo sostenible de nuestro pa\u00eds.<\/p>\n\n\n\n<figure class=\"wp-block-image size-large\"><img fetchpriority=\"high\" decoding=\"async\" width=\"1024\" height=\"683\" class=\"wp-image-19086\" src=\"https:\/\/www.uea.edu.ec\/wp-content\/uploads\/2023\/08\/G4-1024x683.jpg\" alt=\"\" srcset=\"https:\/\/www.uea.edu.ec\/web\/v1\/wp-content\/uploads\/2023\/08\/G4-1024x683.jpg 1024w, https:\/\/www.uea.edu.ec\/web\/v1\/wp-content\/uploads\/2023\/08\/G4-300x200.jpg 300w, https:\/\/www.uea.edu.ec\/web\/v1\/wp-content\/uploads\/2023\/08\/G4-768x512.jpg 768w, https:\/\/www.uea.edu.ec\/web\/v1\/wp-content\/uploads\/2023\/08\/G4-1536x1024.jpg 1536w, https:\/\/www.uea.edu.ec\/web\/v1\/wp-content\/uploads\/2023\/08\/G4.jpg 1575w\" sizes=\"(max-width: 1024px) 100vw, 1024px\" \/><\/figure>\n\n<p style=\"text-align: justify;\">Fueron 36 Ingenieros Agroindustriales, 33 Ingenieros Agropecuarios, 56 Ingenieros Ambientales, 28 Ingenieros Forestales, 38 Bi\u00f3logos y 20 Licenciados en Turismo los nuevos profesionales que, en cada una de las ceremonias, levantaban su t\u00edtulo como reconocimiento al esfuerzo, dedicaci\u00f3n y determinaci\u00f3n en sus a\u00f1os de estudio.<\/p>\n\n<p style=\"text-align: justify;\">Alejandro Cadena, graduado de la carrera de Agroindustria, expres\u00f3: \u201cEs sumamente gratificante completar mi formaci\u00f3n en esta prestigiosa universidad, la experiencia de recibir y participar en clases con individuos destacados ha enriquecido mi conocimiento y ha sido de gran ayuda para mi desarrollo en esta carrera, prepar\u00e1ndome para enfrentar los desaf\u00edos de la vida diaria y emprender nuevos caminos\u201d.<\/p>\n\n\n<figure class=\"wp-block-image size-large\" style=\"text-align: justify;\"><img decoding=\"async\" width=\"1024\" height=\"683\" class=\"wp-image-19089\" src=\"https:\/\/www.uea.edu.ec\/wp-content\/uploads\/2023\/08\/G2-1024x683.jpg\" alt=\"\" srcset=\"https:\/\/www.uea.edu.ec\/web\/v1\/wp-content\/uploads\/2023\/08\/G2-1024x683.jpg 1024w, https:\/\/www.uea.edu.ec\/web\/v1\/wp-content\/uploads\/2023\/08\/G2-300x200.jpg 300w, https:\/\/www.uea.edu.ec\/web\/v1\/wp-content\/uploads\/2023\/08\/G2-768x512.jpg 768w, https:\/\/www.uea.edu.ec\/web\/v1\/wp-content\/uploads\/2023\/08\/G2-1536x1024.jpg 1536w, https:\/\/www.uea.edu.ec\/web\/v1\/wp-content\/uploads\/2023\/08\/G2.jpg 1575w\" sizes=\"(max-width: 1024px) 100vw, 1024px\" \/><\/figure>\n\n<p style=\"text-align: justify;\">As\u00ed mismo, Leonor Bonilla, madre de un graduado en la carrera de Agroindustria, comparti\u00f3: \u201cDeseo expresar mi profundo agradecimiento a la Universidad Estatal Amaz\u00f3nica por brindar la oportunidad a mi hijo de recibir educaci\u00f3n de calidad y por permitirle desarrollarse plenamente. Agradezco tambi\u00e9n a mi Dios por darme la fuerza necesaria para sobrellevar los retos que han surgido en este camino. No ha sido f\u00e1cil, pero con su ayuda, tampoco imposible. Felicito a mi hijo por haber sabido aprovechar esta oportunidad\u201d.<\/p>\n\n<p style=\"text-align: justify;\">Como Universidad Estatal Amaz\u00f3nica extendemos nuestros mejores deseos a los graduados en sus nuevos trayectos y los animamos a llevar consigo el esp\u00edritu de aprendizaje y servicio que han cultivado en su alma m\u00e1ter; como instituci\u00f3n, compartimos su alegr\u00eda en este momento tan especial y los exhortamos a seguir siendo ejemplos vivos de los logros posibles a trav\u00e9s de la educaci\u00f3n de excelencia.<\/p>\n\n<p><strong>RELACIONES P\u00daBLICAS UEA<\/strong><\/p>\n\n\n<figure class=\"wp-block-gallery has-nested-images columns-default is-cropped wp-block-gallery-1 is-layout-flex wp-block-gallery-is-layout-flex\"><\/p>\n<figure class=\"wp-block-image size-large\"><img decoding=\"async\" data-id=\"19090\" class=\"alignnone wp-image-19090 size-large\" src=\"https:\/\/www.uea.edu.ec\/wp-content\/uploads\/2023\/08\/G1-1024x683.jpg\" alt=\"\" width=\"1024\" height=\"683\" srcset=\"https:\/\/www.uea.edu.ec\/web\/v1\/wp-content\/uploads\/2023\/08\/G1-1024x683.jpg 1024w, https:\/\/www.uea.edu.ec\/web\/v1\/wp-content\/uploads\/2023\/08\/G1-300x200.jpg 300w, https:\/\/www.uea.edu.ec\/web\/v1\/wp-content\/uploads\/2023\/08\/G1-768x512.jpg 768w, https:\/\/www.uea.edu.ec\/web\/v1\/wp-content\/uploads\/2023\/08\/G1-1536x1024.jpg 1536w, https:\/\/www.uea.edu.ec\/web\/v1\/wp-content\/uploads\/2023\/08\/G1.jpg 1575w\" sizes=\"(max-width: 1024px) 100vw, 1024px\" \/><\/figure>\n<p><\/figure>\n\n<p>&nbsp;<\/p>\n<p>[\/vc_column_text][\/vc_column][\/vc_row]<\/p>\n<\/section>","protected":false},"excerpt":{"rendered":"<p>[vc_row][vc_column][vc_column_text] Este 16 y 17 de agosto de 2023, en el Auditorio principal de la sede matriz Puyo, se celebraron las ceremonias de graduaci\u00f3n y titulaci\u00f3n de m\u00e1s de doscientos nuevos profesionales que, con gran expectativa sobre los nuevos retos, han culminado sus estudios acad\u00e9micos en la universidad m\u00e1s grande de la Amazon\u00eda. El excelente &#8230; <a title=\"LA UNIVERSIDAD ESTATAL AMAZ\u00d3NICA DA LA BIENVENIDA A 211 NUEVOS GRADUADOS EN SUS FILAS DE PROFESIONALES.\" class=\"read-more\" href=\"https:\/\/www.uea.edu.ec\/web\/v1\/?p=19083\" aria-label=\"M\u00e1s en LA UNIVERSIDAD ESTATAL AMAZ\u00d3NICA DA LA BIENVENIDA A 211 NUEVOS GRADUADOS EN SUS FILAS DE PROFESIONALES.\">Leer m\u00e1s<\/a><\/p>\n","protected":false},"author":8,"featured_media":19085,"comment_status":"closed","ping_status":"closed","sticky":false,"template":"","format":"standard","meta":{"om_disable_all_campaigns":false,"_monsterinsights_skip_tracking":false,"_monsterinsights_sitenote_active":false,"_monsterinsights_sitenote_note":"","_monsterinsights_sitenote_category":0,"generate_page_header":"","footnotes":""},"categories":[1],"tags":[],"class_list":["post-19083","post","type-post","status-publish","format-standard","has-post-thumbnail","hentry","category-sin-categoria"],"aioseo_notices":[],"_links":{"self":[{"href":"https:\/\/www.uea.edu.ec\/web\/v1\/index.php?rest_route=\/wp\/v2\/posts\/19083"}],"collection":[{"href":"https:\/\/www.uea.edu.ec\/web\/v1\/index.php?rest_route=\/wp\/v2\/posts"}],"about":[{"href":"https:\/\/www.uea.edu.ec\/web\/v1\/index.php?rest_route=\/wp\/v2\/types\/post"}],"author":[{"embeddable":true,"href":"https:\/\/www.uea.edu.ec\/web\/v1\/index.php?rest_route=\/wp\/v2\/users\/8"}],"replies":[{"embeddable":true,"href":"https:\/\/www.uea.edu.ec\/web\/v1\/index.php?rest_route=%2Fwp%2Fv2%2Fcomments&post=19083"}],"version-history":[{"count":5,"href":"https:\/\/www.uea.edu.ec\/web\/v1\/index.php?rest_route=\/wp\/v2\/posts\/19083\/revisions"}],"predecessor-version":[{"id":19093,"href":"https:\/\/www.uea.edu.ec\/web\/v1\/index.php?rest_route=\/wp\/v2\/posts\/19083\/revisions\/19093"}],"wp:featuredmedia":[{"embeddable":true,"href":"https:\/\/www.uea.edu.ec\/web\/v1\/index.php?rest_route=\/wp\/v2\/media\/19085"}],"wp:attachment":[{"href":"https:\/\/www.uea.edu.ec\/web\/v1\/index.php?rest_route=%2Fwp%2Fv2%2Fmedia&parent=19083"}],"wp:term":[{"taxonomy":"category","embeddable":true,"href":"https:\/\/www.uea.edu.ec\/web\/v1\/index.php?rest_route=%2Fwp%2Fv2%2Fcategories&post=19083"},{"taxonomy":"post_tag","embeddable":true,"href":"https:\/\/www.uea.edu.ec\/web\/v1\/index.php?rest_route=%2Fwp%2Fv2%2Ftags&post=19083"}],"curies":[{"name":"wp","href":"https:\/\/api.w.org\/{rel}","templated":true}]}}