{"id":3548,"date":"2018-07-09T04:24:23","date_gmt":"2018-07-09T04:24:23","guid":{"rendered":"https:\/\/www.uea.edu.ec\/wp2018\/?p=3548"},"modified":"2022-01-21T15:51:57","modified_gmt":"2022-01-21T20:51:57","slug":"con-las-vacaciones-llegan-los-curso-a-la-uea","status":"publish","type":"post","link":"https:\/\/www.uea.edu.ec\/web\/v1\/?p=3548","title":{"rendered":"CON LAS VACACIONES LLEGAN LOS CURSO A LA UEA"},"content":{"rendered":"<p>La Universidad Estatal Amaz\u00f3nica (UEA) en coordinaci\u00f3n con el departamento de Bienestar Universitario (DBU) abre sus puertas a los cursos vacacionales 2018 en \u00e1reas culturales y deportivas. Las pr\u00e1cticas iniciaron este lunes 9 de julio y se estima su finalizaci\u00f3n el pr\u00f3ximo 1 de agosto.<\/p>\n<p>De acuerdo al Dr. Julio C\u00e9sar Vargas, rector de la UEA, la apertura de estos programas fomenta el intercambio de experiencias entre la universidad y la comunidad. \u201cCompartimos con agrado una serie de tem\u00e1ticas did\u00e1cticas a fin de que los menores desarrollen el \u00e1rea motriz y vocacional\u201d.<\/p>\n<p>Los programas incluyen a ni\u00f1as, ni\u00f1os y adolescentes de 6 a 12 a\u00f1os y son dictados por un equipo profesional en los campos de Danza, Coro, Teatro, B\u00e1squet y F\u00fatbol, as\u00ed lo dio a conocer el coordinador del DBU, Dr. Darwin Ojeda.<\/p>\n<p>\u201cLa UEA como ente rector de la educaci\u00f3n ofrece cursos integrales tanto a la comunidad universitaria as\u00ed como a la ciudadan\u00eda en general, todos ellos los dirigen profesionales con una ardua trayectoria en \u00e1reas espec\u00edficas, esa es nuestra garant\u00eda\u201d.<\/p>\n<p>Asimismo dijo que la conformaci\u00f3n de estos cursos fomenta las expresiones creativas y f\u00edsicas de los inscritos, \u201ctodos est\u00e1n motivados, disfrutan conocer amigos de diferentes edades y practicar varias disciplinas, pues durante las 4 horas se conjugan todas las clases\u201d, resalt\u00f3.<\/p>\n<p>El vacacional de casi un mes de duraci\u00f3n se realiza en las canchas de uso m\u00faltiple y en el auditorio principal del centro de estudios. El horario empieza a las 08h30 y termina a las 12h30, de lunes a viernes.<\/p>\n<p>Para Juan Carlos Godoy, promotor deportivo de la universidad, el n\u00famero de participantes se ha incrementado pues en esta edici\u00f3n se ampli\u00f3 la capacidad a 50 cupos, \u201cla gran acogida es evidente y estamos agradecidos no s\u00f3lo con la comunidad universitaria tambi\u00e9n con la ciudadan\u00eda en general que conf\u00eda en nuestro trabajo\u201d.<\/p>\n<p>La meta principal de los talleres es desarrollar habilidades deportivas y t\u00e9cnicas de expresi\u00f3n corporal, en esta \u00faltima se estima emplear t\u00e9cnicas de entrenamiento coral y arte dram\u00e1tico, \u201clos ni\u00f1os tienen toda la energ\u00eda lista para trabajar, estamos gustosos de despertar en ellos la pasi\u00f3n por el arte y la cultura\u201d, as\u00ed lo expres\u00f3 Luis Antonio Villagr\u00e1n, instructor del grupo polif\u00f3nico y teatro universitario.<\/p>\n<p>Mientras tanto, Jos\u00e9 Su\u00e1rez, profesor de danza de la UEA, considera que el gran n\u00famero de participantes podr\u00e1 desarrollar varios ritmos contempor\u00e1neos y folcl\u00f3ricos, \u201cdeseamos trabajar con ellos la parte corporal, la motivaci\u00f3n que han presentado nos ayuda a entrenar de manera fluida y din\u00e1mica\u201d.<\/p>\n<p>Al t\u00e9rmino del vacacional se presentar\u00e1n en escena las habilidades deportivas y art\u00edsticas en un acto de clausura del cual participar\u00e1n autoridades universitarias, empleados, docentes y padres de familia, quienes dijeron sentirse satisfechos de esta iniciativa.<\/p>\n","protected":false},"excerpt":{"rendered":"<p>La Universidad Estatal Amaz\u00f3nica (UEA) en coordinaci\u00f3n con el departamento de Bienestar Universitario (DBU) abre sus puertas a los cursos vacacionales 2018 en \u00e1reas culturales y deportivas. Las pr\u00e1cticas iniciaron este lunes 9 de julio y se estima su finalizaci\u00f3n el pr\u00f3ximo 1 de agosto. De acuerdo al Dr. Julio C\u00e9sar Vargas, rector de la &#8230; <a title=\"CON LAS VACACIONES LLEGAN LOS CURSO A LA UEA\" class=\"read-more\" href=\"https:\/\/www.uea.edu.ec\/web\/v1\/?p=3548\" aria-label=\"M\u00e1s en CON LAS VACACIONES LLEGAN LOS CURSO A LA UEA\">Leer m\u00e1s<\/a><\/p>\n","protected":false},"author":2,"featured_media":5351,"comment_status":"closed","ping_status":"closed","sticky":false,"template":"","format":"standard","meta":{"om_disable_all_campaigns":false,"_monsterinsights_skip_tracking":false,"_monsterinsights_sitenote_active":false,"_monsterinsights_sitenote_note":"","_monsterinsights_sitenote_category":0,"generate_page_header":"","footnotes":""},"categories":[116],"tags":[],"class_list":["post-3548","post","type-post","status-publish","format-standard","has-post-thumbnail","hentry","category-portada"],"aioseo_notices":[],"_links":{"self":[{"href":"https:\/\/www.uea.edu.ec\/web\/v1\/index.php?rest_route=\/wp\/v2\/posts\/3548"}],"collection":[{"href":"https:\/\/www.uea.edu.ec\/web\/v1\/index.php?rest_route=\/wp\/v2\/posts"}],"about":[{"href":"https:\/\/www.uea.edu.ec\/web\/v1\/index.php?rest_route=\/wp\/v2\/types\/post"}],"author":[{"embeddable":true,"href":"https:\/\/www.uea.edu.ec\/web\/v1\/index.php?rest_route=\/wp\/v2\/users\/2"}],"replies":[{"embeddable":true,"href":"https:\/\/www.uea.edu.ec\/web\/v1\/index.php?rest_route=%2Fwp%2Fv2%2Fcomments&post=3548"}],"version-history":[{"count":1,"href":"https:\/\/www.uea.edu.ec\/web\/v1\/index.php?rest_route=\/wp\/v2\/posts\/3548\/revisions"}],"predecessor-version":[{"id":3549,"href":"https:\/\/www.uea.edu.ec\/web\/v1\/index.php?rest_route=\/wp\/v2\/posts\/3548\/revisions\/3549"}],"wp:featuredmedia":[{"embeddable":true,"href":"https:\/\/www.uea.edu.ec\/web\/v1\/index.php?rest_route=\/wp\/v2\/media\/5351"}],"wp:attachment":[{"href":"https:\/\/www.uea.edu.ec\/web\/v1\/index.php?rest_route=%2Fwp%2Fv2%2Fmedia&parent=3548"}],"wp:term":[{"taxonomy":"category","embeddable":true,"href":"https:\/\/www.uea.edu.ec\/web\/v1\/index.php?rest_route=%2Fwp%2Fv2%2Fcategories&post=3548"},{"taxonomy":"post_tag","embeddable":true,"href":"https:\/\/www.uea.edu.ec\/web\/v1\/index.php?rest_route=%2Fwp%2Fv2%2Ftags&post=3548"}],"curies":[{"name":"wp","href":"https:\/\/api.w.org\/{rel}","templated":true}]}}