{"id":5347,"date":"2018-07-19T07:46:47","date_gmt":"2018-07-19T07:46:47","guid":{"rendered":"https:\/\/www.uea.edu.ec\/wp2018\/?p=5347"},"modified":"2022-01-21T15:51:57","modified_gmt":"2022-01-21T20:51:57","slug":"uea-realiza-lanzamiento-de-una-publicacion-sobre-la-educacion-como-escenario-intercultural","status":"publish","type":"post","link":"https:\/\/www.uea.edu.ec\/web\/v1\/?p=5347","title":{"rendered":"UEA REALIZA LANZAMIENTO DE UNA PUBLICACI\u00d3N SOBRE LA EDUCACI\u00d3N COMO ESCENARIO INTERCULTURAL"},"content":{"rendered":"<p>Repensar la Educaci\u00f3n Superior a trav\u00e9s de una mirada inclusiva e intercultural, es el eje fundamental que se aborda en el libro \u201cPr\u00e1cticas pedag\u00f3gicas para el fomento de la interculturalidad en el contexto universitario\u201d, cuyo lanzamiento se realiz\u00f3 la tarde de este mi\u00e9rcoles 18 de julio en el auditorio principal de la Universidad Estatal Amaz\u00f3nica (UEA), en Puyo.<\/p>\n<p>La obra, elaborada en colaboraci\u00f3n entre la UEA y la Universidad de M\u00e1laga (UMA) Espa\u00f1a, re\u00fane aportes y reflexiones cr\u00edticas de ochos experiencias de voluntarios, profesionales y docentes, quienes desde el 2014 trabajaron en tres Unidades Interculturales Biling\u00fces de la provincia de Pastaza: San Jacinto, Amauta \u00d1ampi y Camilo Huatatoca.<\/p>\n<p>Los compiladores, Dra. Rosaura Guti\u00e9rrez (UEA) y el Dr. Juan Leiva (UMA), se\u00f1alaron que este trabajo acad\u00e9mico constituye una propuesta alternativa que se fundamenta en el modelo human\u00edstico e integrador de la educaci\u00f3n, donde el estudiante se ubica en el centro del proceso educativo, propiciando que la interculturalidad tenga sentido en el quehacer formativo.<\/p>\n<p>\u201cDesde el departamento de vinculaci\u00f3n hemos tejido sue\u00f1os, el trabajar y dejar estas huellas representa un insumo trasformador para los encuentros pedag\u00f3gicos. Quiero dejar esta huella al servicio de Pastaza y quiero resaltar la labor desplegada en la UEA, cuna de la interculturalidad ecuatoriana\u201d, resalt\u00f3 Guti\u00e9rrez.<\/p>\n<p>Asimismo, dijo que esta publicaci\u00f3n ofrece diversos ejes tem\u00e1ticos desde la perspectiva de g\u00e9nero, derechos humanos y autoestima, \u201ceste libro debe amplificarse y servir como potencia para la interacci\u00f3n de todos los agentes educativos y sociales tocando diferentes esferas\u201d.<\/p>\n<p>Seguidamente, el Dr. Julio C\u00e9sar Vargas, rector de la UEA, hizo un llamado a continuar con este proceso articulado, pues se\u00f1ala que el trabajo de cuatro a\u00f1os plasmado en un libro, \u201crecopila el aporte de todas las nacionalidades y dem\u00e1s actores, quienes han venido cumpliendo eventos maravillosos de inclusi\u00f3n. Esta propuesta rompi\u00f3 las paredes de la UEA, las semillas est\u00e1n sembradas y debemos continuar\u201d, enfatiz\u00f3.<\/p>\n<p>Para la Lcda. Patricia Torres, quien ofreci\u00f3 la presentaci\u00f3n del libro, el trabajo impetuoso de las autoridades, directivos y docentes universitarios y de las unidades educativas sirvi\u00f3 para el fortalecimiento de la inclusi\u00f3n en el contexto universitario, \u201clas obras de todos nos se\u00f1alan que no existen diferencias para buscar la paz entre culturas, as\u00ed tambi\u00e9n nos invitan a trabajar en componentes que satisfagan las demandas de la sociedad a la cual se oferta la educaci\u00f3n\u201d.<\/p>\n<p>Al t\u00e9rmino del evento se otorg\u00f3 un merecido reconocimiento a la valiosa labor gestada por la Dra. Guti\u00e9rrez, coordinadora del Programa de Desarrollo Humano Integral del departamento de Vinculaci\u00f3n, quien brind\u00f3 validez y orientaci\u00f3n para la formaci\u00f3n de juventudes en estos \u00faltimos cuatro a\u00f1os. Al mismo tiempo se entregaron certificaciones al cuerpo docente de los centros educativos interculturales por su participaci\u00f3n en los m\u00f3dulos \u201cCuidando del Educador\u201d y \u201cPedagog\u00eda del Ser\u201d.<\/p>\n<p>FRASES<\/p>\n<p>\u201cEstamos entregando un texto que recoge estrategias de sensibilidad, actitudes y saberes, es una herramienta pedag\u00f3gica y una ecolog\u00eda de vinculo social. El deseo de gratitud, felicitaci\u00f3n y renovaci\u00f3n vibrar\u00e1 por todo lo bueno que ense\u00f1ar\u00e1 a los lectores.&#8221;<\/p>\n<p>Alba Castillo, rectora de la \u201cUnidad Educativa Intercultural Biling\u00fce Amauta \u00d1ampi\u201d<\/p>\n<p>\u201cBajo convenios hemos formado espacios de vinculaci\u00f3n que fortalecen el desarrollo humano y la pedagog\u00eda del ser sublimes. Formamos seres humanos como educadores.&#8221;<\/p>\n<p>V\u00edctor Llangari, rector de la \u201cUnidad Educativa Intercultural Biling\u00fce San Jacinto\u201d<\/p>\n","protected":false},"excerpt":{"rendered":"<p>Repensar la Educaci\u00f3n Superior a trav\u00e9s de una mirada inclusiva e intercultural, es el eje fundamental que se aborda en el libro \u201cPr\u00e1cticas pedag\u00f3gicas para el fomento de la interculturalidad en el contexto universitario\u201d, cuyo lanzamiento se realiz\u00f3 la tarde de este mi\u00e9rcoles 18 de julio en el auditorio principal de la Universidad Estatal Amaz\u00f3nica &#8230; <a title=\"UEA REALIZA LANZAMIENTO DE UNA PUBLICACI\u00d3N SOBRE LA EDUCACI\u00d3N COMO ESCENARIO INTERCULTURAL\" class=\"read-more\" href=\"https:\/\/www.uea.edu.ec\/web\/v1\/?p=5347\" aria-label=\"M\u00e1s en UEA REALIZA LANZAMIENTO DE UNA PUBLICACI\u00d3N SOBRE LA EDUCACI\u00d3N COMO ESCENARIO INTERCULTURAL\">Leer m\u00e1s<\/a><\/p>\n","protected":false},"author":2,"featured_media":5350,"comment_status":"closed","ping_status":"closed","sticky":false,"template":"","format":"standard","meta":{"om_disable_all_campaigns":false,"_monsterinsights_skip_tracking":false,"_monsterinsights_sitenote_active":false,"_monsterinsights_sitenote_note":"","_monsterinsights_sitenote_category":0,"generate_page_header":"","footnotes":""},"categories":[1],"tags":[],"class_list":["post-5347","post","type-post","status-publish","format-standard","has-post-thumbnail","hentry","category-sin-categoria"],"aioseo_notices":[],"_links":{"self":[{"href":"https:\/\/www.uea.edu.ec\/web\/v1\/index.php?rest_route=\/wp\/v2\/posts\/5347"}],"collection":[{"href":"https:\/\/www.uea.edu.ec\/web\/v1\/index.php?rest_route=\/wp\/v2\/posts"}],"about":[{"href":"https:\/\/www.uea.edu.ec\/web\/v1\/index.php?rest_route=\/wp\/v2\/types\/post"}],"author":[{"embeddable":true,"href":"https:\/\/www.uea.edu.ec\/web\/v1\/index.php?rest_route=\/wp\/v2\/users\/2"}],"replies":[{"embeddable":true,"href":"https:\/\/www.uea.edu.ec\/web\/v1\/index.php?rest_route=%2Fwp%2Fv2%2Fcomments&post=5347"}],"version-history":[{"count":1,"href":"https:\/\/www.uea.edu.ec\/web\/v1\/index.php?rest_route=\/wp\/v2\/posts\/5347\/revisions"}],"predecessor-version":[{"id":5348,"href":"https:\/\/www.uea.edu.ec\/web\/v1\/index.php?rest_route=\/wp\/v2\/posts\/5347\/revisions\/5348"}],"wp:featuredmedia":[{"embeddable":true,"href":"https:\/\/www.uea.edu.ec\/web\/v1\/index.php?rest_route=\/wp\/v2\/media\/5350"}],"wp:attachment":[{"href":"https:\/\/www.uea.edu.ec\/web\/v1\/index.php?rest_route=%2Fwp%2Fv2%2Fmedia&parent=5347"}],"wp:term":[{"taxonomy":"category","embeddable":true,"href":"https:\/\/www.uea.edu.ec\/web\/v1\/index.php?rest_route=%2Fwp%2Fv2%2Fcategories&post=5347"},{"taxonomy":"post_tag","embeddable":true,"href":"https:\/\/www.uea.edu.ec\/web\/v1\/index.php?rest_route=%2Fwp%2Fv2%2Ftags&post=5347"}],"curies":[{"name":"wp","href":"https:\/\/api.w.org\/{rel}","templated":true}]}}