{"id":5356,"date":"2018-06-27T09:02:20","date_gmt":"2018-06-27T09:02:20","guid":{"rendered":"https:\/\/www.uea.edu.ec\/wp2018\/?p=5356"},"modified":"2022-01-21T15:51:57","modified_gmt":"2022-01-21T20:51:57","slug":"admision-y-nivelacion-de-la-uea-organizo-i-feria-integradora-de-saberes-2018","status":"publish","type":"post","link":"https:\/\/www.uea.edu.ec\/web\/v1\/?p=5356","title":{"rendered":"ADMISI\u00d3N Y NIVELACI\u00d3N DE LA UEA ORGANIZ\u00d3 I FERIA INTEGRADORA DE SABERES 2018"},"content":{"rendered":"<p>Bajo las normativas establecidas por la Secretar\u00eda de Educaci\u00f3n Superior, Ciencia, Tecnolog\u00eda e Innovaci\u00f3n (SENESCYT) a trav\u00e9s del Sistema Nacional de Nivelaci\u00f3n y Admisi\u00f3n (SNNA), la Unidad de Nivelaci\u00f3n y Admisi\u00f3n de la Universidad Estatal Amaz\u00f3nica (UEA), present\u00f3 varios proyectos metodol\u00f3gicos en la \u201cI Feria de Proyectos Integradores de Saberes 2018\u201d, como eje final del curso nivelatorio &#8211; primer semestre.<\/p>\n<p>Durante 18 semanas, la propuesta curricular brind\u00f3 estrategias de aprendizaje te\u00f3rico y pr\u00e1ctico mediante una din\u00e1mica de trabajo entre docentes y estudiantes, misma que se concret\u00f3 en la aplicaci\u00f3n de saberes nuevos para el abordaje de la ciencia con responsabilidad social.<\/p>\n<p>De acuerdo a la vicerrectora acad\u00e9mica de la UEA, Dra. Ruth Arias, esta jornada acad\u00e9mica representa un escenario para la producci\u00f3n de conocimientos a trav\u00e9s de la pr\u00e1ctica educativa vivencial, \u201cen esta oportunidad de encuentro felicito su participaci\u00f3n, creatividad y unidad. La Educaci\u00f3n Superior garantiza un acceso democr\u00e1tico y por ello estamos aqu\u00ed para servir a la sociedad\u201d, puntualiz\u00f3.<\/p>\n<p>En este sentido, la Ing. Nancy C\u00e1rdenas, coordinadora de nivelaci\u00f3n de la UEA, calific\u00f3 la actividad como la primera experiencia educativa para la futura formaci\u00f3n profesional en base a la profundizaci\u00f3n de habilidades y competencias.<\/p>\n<p>\u201cLos proyectos representan todo el trabajo que los cursos han hecho en base a las seis carreras que mantiene la UEA. Los muchachos se sienten motivados por presentar sus iniciativas, es un buen inicio para su vida universitaria. Tambi\u00e9n es importante recordar que los proyectos representan el 20% de la nota final para aprobaci\u00f3n del curso\u201d.<\/p>\n<p>En este espacio, se expusieron once proyectos sobre planes de uso tur\u00edstico, elaboraci\u00f3n de suplementos alimenticios, cultivo y aprovechamiento de especies amaz\u00f3nicas y aportes para la reducci\u00f3n de la contaminaci\u00f3n ambiental.<\/p>\n<p>En este \u00faltimo, Biolog\u00eda A present\u00f3 la elaboraci\u00f3n de un Fito Insecticida natural a base de aj\u00ed, barbasco y jengibre, el cual se caracteriz\u00f3 por sus propiedades ecol\u00f3gicas para el tratamiento de plagas, as\u00ed lo explic\u00f3 el estudiante Bryan Gavilanes.<\/p>\n<p>\u201cCon la creaci\u00f3n de este producto natural y de bajo costo se podr\u00e1 ayudar a los agricultores con un tratamiento \u00f3ptimo para sus cultivos ya que es un fortificante a base de extractos y aceites vegetales\u201d, resalt\u00f3.<\/p>\n<p>Para la segunda etapa del programa gratuito de nivelaci\u00f3n se estima como fecha de inicio la segunda semana de octubre de 2018. Las \u00e1reas de capacitaci\u00f3n tratar\u00e1n dominios matem\u00e1ticos, cient\u00edficos, ling\u00fc\u00edsticos, abstractos y sociales.<\/p>\n","protected":false},"excerpt":{"rendered":"<p>Bajo las normativas establecidas por la Secretar\u00eda de Educaci\u00f3n Superior, Ciencia, Tecnolog\u00eda e Innovaci\u00f3n (SENESCYT) a trav\u00e9s del Sistema Nacional de Nivelaci\u00f3n y Admisi\u00f3n (SNNA), la Unidad de Nivelaci\u00f3n y Admisi\u00f3n de la Universidad Estatal Amaz\u00f3nica (UEA), present\u00f3 varios proyectos metodol\u00f3gicos en la \u201cI Feria de Proyectos Integradores de Saberes 2018\u201d, como eje final del &#8230; <a title=\"ADMISI\u00d3N Y NIVELACI\u00d3N DE LA UEA ORGANIZ\u00d3 I FERIA INTEGRADORA DE SABERES 2018\" class=\"read-more\" href=\"https:\/\/www.uea.edu.ec\/web\/v1\/?p=5356\" aria-label=\"M\u00e1s en ADMISI\u00d3N Y NIVELACI\u00d3N DE LA UEA ORGANIZ\u00d3 I FERIA INTEGRADORA DE SABERES 2018\">Leer m\u00e1s<\/a><\/p>\n","protected":false},"author":2,"featured_media":5357,"comment_status":"closed","ping_status":"closed","sticky":false,"template":"","format":"standard","meta":{"om_disable_all_campaigns":false,"_monsterinsights_skip_tracking":false,"_monsterinsights_sitenote_active":false,"_monsterinsights_sitenote_note":"","_monsterinsights_sitenote_category":0,"generate_page_header":"","footnotes":""},"categories":[1],"tags":[],"class_list":["post-5356","post","type-post","status-publish","format-standard","has-post-thumbnail","hentry","category-sin-categoria"],"aioseo_notices":[],"_links":{"self":[{"href":"https:\/\/www.uea.edu.ec\/web\/v1\/index.php?rest_route=\/wp\/v2\/posts\/5356"}],"collection":[{"href":"https:\/\/www.uea.edu.ec\/web\/v1\/index.php?rest_route=\/wp\/v2\/posts"}],"about":[{"href":"https:\/\/www.uea.edu.ec\/web\/v1\/index.php?rest_route=\/wp\/v2\/types\/post"}],"author":[{"embeddable":true,"href":"https:\/\/www.uea.edu.ec\/web\/v1\/index.php?rest_route=\/wp\/v2\/users\/2"}],"replies":[{"embeddable":true,"href":"https:\/\/www.uea.edu.ec\/web\/v1\/index.php?rest_route=%2Fwp%2Fv2%2Fcomments&post=5356"}],"version-history":[{"count":1,"href":"https:\/\/www.uea.edu.ec\/web\/v1\/index.php?rest_route=\/wp\/v2\/posts\/5356\/revisions"}],"predecessor-version":[{"id":5358,"href":"https:\/\/www.uea.edu.ec\/web\/v1\/index.php?rest_route=\/wp\/v2\/posts\/5356\/revisions\/5358"}],"wp:featuredmedia":[{"embeddable":true,"href":"https:\/\/www.uea.edu.ec\/web\/v1\/index.php?rest_route=\/wp\/v2\/media\/5357"}],"wp:attachment":[{"href":"https:\/\/www.uea.edu.ec\/web\/v1\/index.php?rest_route=%2Fwp%2Fv2%2Fmedia&parent=5356"}],"wp:term":[{"taxonomy":"category","embeddable":true,"href":"https:\/\/www.uea.edu.ec\/web\/v1\/index.php?rest_route=%2Fwp%2Fv2%2Fcategories&post=5356"},{"taxonomy":"post_tag","embeddable":true,"href":"https:\/\/www.uea.edu.ec\/web\/v1\/index.php?rest_route=%2Fwp%2Fv2%2Ftags&post=5356"}],"curies":[{"name":"wp","href":"https:\/\/api.w.org\/{rel}","templated":true}]}}