{"id":5507,"date":"2018-06-03T19:46:02","date_gmt":"2018-06-03T19:46:02","guid":{"rendered":"https:\/\/www.uea.edu.ec\/wp2018\/?p=5507"},"modified":"2022-01-21T15:52:15","modified_gmt":"2022-01-21T20:52:15","slug":"la-uea-participo-en-feria-universitaria","status":"publish","type":"post","link":"https:\/\/www.uea.edu.ec\/web\/v1\/?p=5507","title":{"rendered":"LA UEA PARTICIP\u00d3 EN FERIA UNIVERSITARIA"},"content":{"rendered":"<p>La \u201cSegunda Expo Educaci\u00f3n y Becas: Amazon\u00eda en el mundo\u201d reuni\u00f3 a cerca de 2000 participantes el pasado 31 de mayo y 1 de junio en la ciudad de Tena. Uno de los objetivos fue informar sobre las ofertas acad\u00e9micas de las diversas universidades del pa\u00eds y del extranjero. La iniciativa fue organizada por la Prefectura de Napo y la Universidad Regional Amaz\u00f3nica (IKIAM).<\/p>\n<p>En este contexto, la Universidad Estatal Amaz\u00f3nica (UEA) expuso sobre los programas de pregrado, postgrado, becas, admisiones y dem\u00e1s servicios universitarios. Asimismo, comparti\u00f3 participaci\u00f3n con representantes de la Secretar\u00eda de Educaci\u00f3n Ciencia, Tecnolog\u00eda e Innovaci\u00f3n (SENESCYT), Universidad T\u00e9cnica Particular de Loja (UTPL), IKIAM, Comisi\u00f3n Fullbright, Education First, as\u00ed como de las embajadas de Estados Unidos, Alemania, Suiza, Cuba, Brasil, Canad\u00e1 y Taiw\u00e1n.<\/p>\n<p>Para el prefecto provincial, Dr. Sergio Chac\u00f3n, la jornada incentiv\u00f3 el intercambio de experiencias educativas y nuevas oportunidades de estudios superiores para los j\u00f3venes de la regi\u00f3n \u201cpresentamos a los estudiantes un mundo nuevo al que puedan acceder mediante distintas alternativas acad\u00e9micas, debemos fortalecer nuestro capital humano\u201d.<\/p>\n<p>Mientras que para Sof\u00eda Murgueytio, directora de Cooperaci\u00f3n Internacional y Comunicaci\u00f3n de la prefectura, la feria se fundament\u00f3 en la generaci\u00f3n de herramientas pr\u00e1cticas y din\u00e1micas \u201cpara que los estudiantes sean agentes de cambio en su misma comunidad\u201d.<\/p>\n<p>Adem\u00e1s, durante la programaci\u00f3n, profesores y alumnos tuvieron acceso a seminarios especializados por parte de la SENESCYT respecto al examen nacional de educaci\u00f3n superior Ser Bachiller, plataforma educativa que eval\u00faa \u00e1reas dominio matem\u00e1tico, ling\u00fc\u00edstico, cient\u00edfico y social.<\/p>\n<p>Indira Alvarado estudia en la Unidad Educativa Intercultural Biling\u00fce Xavier Tanguila de Napo, consider\u00f3 oportuna la presentaci\u00f3n de opciones educativas para el fortalecimiento de su formaci\u00f3n.<\/p>\n<p>\u201cComo estudiantes estamos bien agradecidos y emocionados porque vamos a decidir para nuestro bienestar. Esta feria despej\u00f3 mis dudas ya que tuvimos bastantes explicaciones. Todos los stands tuvieron buenas ofertas, por ejemplo la UEA tiene carreras que tienen que ver con la Amazonia y eso me llam\u00f3 la atenci\u00f3n\u201d, concluy\u00f3.<\/p>\n","protected":false},"excerpt":{"rendered":"<p>La \u201cSegunda Expo Educaci\u00f3n y Becas: Amazon\u00eda en el mundo\u201d reuni\u00f3 a cerca de 2000 participantes el pasado 31 de mayo y 1 de junio en la ciudad de Tena. Uno de los objetivos fue informar sobre las ofertas acad\u00e9micas de las diversas universidades del pa\u00eds y del extranjero. La iniciativa fue organizada por la &#8230; <a title=\"LA UEA PARTICIP\u00d3 EN FERIA UNIVERSITARIA\" class=\"read-more\" href=\"https:\/\/www.uea.edu.ec\/web\/v1\/?p=5507\" aria-label=\"M\u00e1s en LA UEA PARTICIP\u00d3 EN FERIA UNIVERSITARIA\">Leer m\u00e1s<\/a><\/p>\n","protected":false},"author":2,"featured_media":0,"comment_status":"closed","ping_status":"closed","sticky":false,"template":"","format":"standard","meta":{"om_disable_all_campaigns":false,"_monsterinsights_skip_tracking":false,"_monsterinsights_sitenote_active":false,"_monsterinsights_sitenote_note":"","_monsterinsights_sitenote_category":0,"generate_page_header":"","footnotes":""},"categories":[1],"tags":[],"class_list":["post-5507","post","type-post","status-publish","format-standard","hentry","category-sin-categoria"],"aioseo_notices":[],"_links":{"self":[{"href":"https:\/\/www.uea.edu.ec\/web\/v1\/index.php?rest_route=\/wp\/v2\/posts\/5507"}],"collection":[{"href":"https:\/\/www.uea.edu.ec\/web\/v1\/index.php?rest_route=\/wp\/v2\/posts"}],"about":[{"href":"https:\/\/www.uea.edu.ec\/web\/v1\/index.php?rest_route=\/wp\/v2\/types\/post"}],"author":[{"embeddable":true,"href":"https:\/\/www.uea.edu.ec\/web\/v1\/index.php?rest_route=\/wp\/v2\/users\/2"}],"replies":[{"embeddable":true,"href":"https:\/\/www.uea.edu.ec\/web\/v1\/index.php?rest_route=%2Fwp%2Fv2%2Fcomments&post=5507"}],"version-history":[{"count":1,"href":"https:\/\/www.uea.edu.ec\/web\/v1\/index.php?rest_route=\/wp\/v2\/posts\/5507\/revisions"}],"predecessor-version":[{"id":13816,"href":"https:\/\/www.uea.edu.ec\/web\/v1\/index.php?rest_route=\/wp\/v2\/posts\/5507\/revisions\/13816"}],"wp:attachment":[{"href":"https:\/\/www.uea.edu.ec\/web\/v1\/index.php?rest_route=%2Fwp%2Fv2%2Fmedia&parent=5507"}],"wp:term":[{"taxonomy":"category","embeddable":true,"href":"https:\/\/www.uea.edu.ec\/web\/v1\/index.php?rest_route=%2Fwp%2Fv2%2Fcategories&post=5507"},{"taxonomy":"post_tag","embeddable":true,"href":"https:\/\/www.uea.edu.ec\/web\/v1\/index.php?rest_route=%2Fwp%2Fv2%2Ftags&post=5507"}],"curies":[{"name":"wp","href":"https:\/\/api.w.org\/{rel}","templated":true}]}}