{"id":5527,"date":"2018-04-23T20:18:41","date_gmt":"2018-04-23T20:18:41","guid":{"rendered":"https:\/\/www.uea.edu.ec\/wp2018\/?p=5527"},"modified":"2022-01-21T15:52:15","modified_gmt":"2022-01-21T20:52:15","slug":"facultad-de-ciencias-de-la-tierra-celebro-nuevo-aniversario","status":"publish","type":"post","link":"https:\/\/www.uea.edu.ec\/web\/v1\/?p=5527","title":{"rendered":"FACULTAD DE CIENCIAS DE LA TIERRA CELEBR\u00d3 NUEVO ANIVERSARIO"},"content":{"rendered":"<p>Con la presencia de autoridades universitarias, la Facultad de Ciencias de la Tierra de la Universidad Estatal Amaz\u00f3nica (UEA), cerr\u00f3 este viernes 20 de abril sus festividades por los cuatro a\u00f1os de vida institucional con una ceremonia solemne.<\/p>\n<p>La mesa directiva fue presidida por el Dr. Julio C\u00e9sar Vargas, rector,\u00a0 la vicerrectora acad\u00e9mica, Dra. Ruth Arias, el vicerrector administrativo, Dr. Edison Samaniego, as\u00ed como la decana de la facultad Dr. Karina Carrera y los coordinadores de las carreras de Agropecuaria, Agroindustrial y Forestal.<\/p>\n<p>El MSc. V\u00edctor Cerda, coordinador de Agroindustrial, fue el encargado de realizar el ofrecimiento del acto donde manifest\u00f3 la importancia de promover la armon\u00eda con la naturaleza en temas de producci\u00f3n sostenible.<\/p>\n<p>\u201cEste d\u00eda nos brinda la oportunidad de repensar los patrones de consumo. Las ciencias de la tierra ayudan a comprender los mejores esfuerzos de sostenibilidad en esta din\u00e1mica con la naturaleza\u201d.<\/p>\n<p>En el discurso de orden, la PhD. Karina Carrera, decana, resalt\u00f3 el accionar universitario en el \u00e1rea de vinculaci\u00f3n mediante proyectos que han dado respuesta a los tres ejes estrat\u00e9gicos establecidos por la UEA: investigaci\u00f3n, innovaci\u00f3n y desarrollo sostenible.<\/p>\n<p>\u201cEn este \u00faltimo periodo hemos logrado a trav\u00e9s de 17 proyectos el fortalecimiento de capacidades y difusi\u00f3n del conocimiento, as\u00ed como el acompa\u00f1amiento y\/o asesor\u00eda a entidades p\u00fablicas por medio de los nuestro objetivo, servir a la colectividad de la regi\u00f3n amaz\u00f3nica.\u201d.<\/p>\n<p>Mientras que en la l\u00ednea de investigaci\u00f3n, dijo que la facultad se enfoc\u00f3 en temas de gesti\u00f3n y conservaci\u00f3n ambiental, desarrollo de procesos agroindustriales, producci\u00f3n de alimentos en sistemas agrobiodiverso, redes de investigaci\u00f3n y publicaciones en revistas indexadas.<\/p>\n<p>\u201cNuestro prop\u00f3sito es investigar la biodiversidad y los recursos de la regi\u00f3n y difundir los conocimientos ancestrales, las tecnolog\u00edas, arte y cultura de los diferentes pueblos y nacionalidades Amaz\u00f3nicas, a fin de que se generen soluciones ambientales y el desarrollo equilibrado del hombre y conservaci\u00f3n de la naturaleza\u201d.<\/p>\n<p>Adicional a ello, destac\u00f3 cifras relevantes en cuanto al crecimiento estudiantil, mismas que en el per\u00edodo 2017-2018 registr\u00f3 una matr\u00edcula de 1238 estudiantes y en el per\u00edodo 2018-2018 se matricularon 1381. Asimismo, explic\u00f3 el incremento en el promedio dentro del claustro de profesores con t\u00edtulos de cuarto nivel: 22 Doctores en Ciencias y 44 M\u00e1steres.<\/p>\n<p>Tras el informe, se reconoci\u00f3 a 6 profesores y 23 estudiantes que en el periodo 2017-2017 y 2017-2018 demostraron disciplina, orientaci\u00f3n y esfuerzo en las diversas actividades acad\u00e9micas y pedag\u00f3gicas, as\u00ed lo dio a conocer el Dr. Yoel Rodr\u00edguez, coordinador de Agropecuaria.<\/p>\n<p>\u201cEn este d\u00eda especial se hace un reconocimiento a los mejores estudiantes y docentes, aquellos que marcan el amor por el trabajo bien hecho. Su ejemplo ayuda a ser una universidad de excelencia. Considero que vale la pena ser maestro por el valor de marcar un camino en la vida de los j\u00f3venes para su desempe\u00f1o\u201d, concluy\u00f3.<\/p>\n<p><strong>EL DATO<\/strong><\/p>\n<p>Durante tres d\u00edas la comunidad universitaria disfrut\u00f3 de una amplia oferta de actividades culturales, acad\u00e9micas y deportivas, entre ellas se destacan ponencias internacionales y ferias de innovaci\u00f3n.<\/p>\n","protected":false},"excerpt":{"rendered":"<p>Con la presencia de autoridades universitarias, la Facultad de Ciencias de la Tierra de la Universidad Estatal Amaz\u00f3nica (UEA), cerr\u00f3 este viernes 20 de abril sus festividades por los cuatro a\u00f1os de vida institucional con una ceremonia solemne. La mesa directiva fue presidida por el Dr. Julio C\u00e9sar Vargas, rector,\u00a0 la vicerrectora acad\u00e9mica, Dra. Ruth &#8230; <a title=\"FACULTAD DE CIENCIAS DE LA TIERRA CELEBR\u00d3 NUEVO ANIVERSARIO\" class=\"read-more\" href=\"https:\/\/www.uea.edu.ec\/web\/v1\/?p=5527\" aria-label=\"M\u00e1s en FACULTAD DE CIENCIAS DE LA TIERRA CELEBR\u00d3 NUEVO ANIVERSARIO\">Leer m\u00e1s<\/a><\/p>\n","protected":false},"author":2,"featured_media":5528,"comment_status":"closed","ping_status":"closed","sticky":false,"template":"","format":"standard","meta":{"om_disable_all_campaigns":false,"_monsterinsights_skip_tracking":false,"_monsterinsights_sitenote_active":false,"_monsterinsights_sitenote_note":"","_monsterinsights_sitenote_category":0,"generate_page_header":"","footnotes":""},"categories":[1],"tags":[],"class_list":["post-5527","post","type-post","status-publish","format-standard","has-post-thumbnail","hentry","category-sin-categoria"],"aioseo_notices":[],"_links":{"self":[{"href":"https:\/\/www.uea.edu.ec\/web\/v1\/index.php?rest_route=\/wp\/v2\/posts\/5527"}],"collection":[{"href":"https:\/\/www.uea.edu.ec\/web\/v1\/index.php?rest_route=\/wp\/v2\/posts"}],"about":[{"href":"https:\/\/www.uea.edu.ec\/web\/v1\/index.php?rest_route=\/wp\/v2\/types\/post"}],"author":[{"embeddable":true,"href":"https:\/\/www.uea.edu.ec\/web\/v1\/index.php?rest_route=\/wp\/v2\/users\/2"}],"replies":[{"embeddable":true,"href":"https:\/\/www.uea.edu.ec\/web\/v1\/index.php?rest_route=%2Fwp%2Fv2%2Fcomments&post=5527"}],"version-history":[{"count":1,"href":"https:\/\/www.uea.edu.ec\/web\/v1\/index.php?rest_route=\/wp\/v2\/posts\/5527\/revisions"}],"predecessor-version":[{"id":5529,"href":"https:\/\/www.uea.edu.ec\/web\/v1\/index.php?rest_route=\/wp\/v2\/posts\/5527\/revisions\/5529"}],"wp:featuredmedia":[{"embeddable":true,"href":"https:\/\/www.uea.edu.ec\/web\/v1\/index.php?rest_route=\/wp\/v2\/media\/5528"}],"wp:attachment":[{"href":"https:\/\/www.uea.edu.ec\/web\/v1\/index.php?rest_route=%2Fwp%2Fv2%2Fmedia&parent=5527"}],"wp:term":[{"taxonomy":"category","embeddable":true,"href":"https:\/\/www.uea.edu.ec\/web\/v1\/index.php?rest_route=%2Fwp%2Fv2%2Fcategories&post=5527"},{"taxonomy":"post_tag","embeddable":true,"href":"https:\/\/www.uea.edu.ec\/web\/v1\/index.php?rest_route=%2Fwp%2Fv2%2Ftags&post=5527"}],"curies":[{"name":"wp","href":"https:\/\/api.w.org\/{rel}","templated":true}]}}