{"id":5542,"date":"2018-03-13T23:58:04","date_gmt":"2018-03-13T23:58:04","guid":{"rendered":"https:\/\/www.uea.edu.ec\/wp2018\/?p=5542"},"modified":"2022-01-21T15:52:15","modified_gmt":"2022-01-21T20:52:15","slug":"un-nuevo-semestre-se-inicio-en-la-universidad-estatal-amazonica","status":"publish","type":"post","link":"https:\/\/www.uea.edu.ec\/web\/v1\/?p=5542","title":{"rendered":"UN NUEVO SEMESTRE SE INICI\u00d3 EN LA UNIVERSIDAD ESTATAL AMAZ\u00d3NICA"},"content":{"rendered":"<p>J\u00f3venes de diversas provincias nuevamente dieron vida a los pasillos y salones de clases para iniciar las actividades acad\u00e9micas correspondientes al ciclo lectivo 2018 en la Universidad Estatal Amaz\u00f3nica (UEA).<\/p>\n<p>Las Facultades de Ciencias de la Vida y de la Tierra dieron a conocer los horarios que se ajustan a tres jornadas de estudio que van desde las 7:30 hasta las 19:30 para las seis carreras.<\/p>\n<p>Para la principal autoridad de la instituci\u00f3n, Dr. Julio C\u00e9sar Vargas, el inicio de un periodo\u00a0acad\u00e9mico se compone de dos sentidos que responden, por un lado, en el acogimiento de nuevos estudiantes y por el otro, la puesta en marcha de actividades de docencia, investigaci\u00f3n y vinculaci\u00f3n.<\/p>\n<p>\u201cEl ser un estudiante de la UEA en el siglo XXI constituye un desaf\u00edo al enfrentarse a una instituci\u00f3n educativa que lucha por su excelencia en medio de condiciones adversas, una excelencia que se construye en la interacci\u00f3n diol\u00f3gica entre acad\u00e9micos y estudiantes en virtud de producir conocimiento\u201d.<\/p>\n<p>El proyecto educacional para este ciclo se enmarca en cumplir un proceso de acreditaci\u00f3n institucional y de carreras que asegure la eficiencia de los mecanismos de calidad, as\u00ed lo se\u00f1al\u00f3 la vicerrectora acad\u00e9mica de la UEA, Dra. Ruth Arias.<\/p>\n<p>\u201cDebemos seguir demostrando que somos una universidad que est\u00e1 sirviendo a la ciudadan\u00eda mediante procesos colectivos. Tenemos el encargo social de impulsar una educaci\u00f3n inclusiva y de calidad a nivel nacional\u201d, enfatiz\u00f3.<\/p>\n<p>Para la decana de la Facultad de Ciencias de la Tierra, Dra. Karina Carrera, los 140 docentes, previo al inicio de clases, mantuvieron una jornada curricular que tuvo el objetivo de capacitar a nivel metodol\u00f3gico el correcto funcionamiento acad\u00e9mico.<\/p>\n<p>\u201cEsta preparaci\u00f3n docente cada semestre desempe\u00f1a el punto de partida para un adecuado desenvolvimiento de nuestras acciones pedag\u00f3gicas. Nuestra aspiraci\u00f3n es brindar una formaci\u00f3n id\u00f3nea para los futuros profesionales\u201d.<\/p>\n<p>Luis Cunalata, estudia Agroindustrial, comenz\u00f3 su primer d\u00eda en sexto semestre y su motivaci\u00f3n principal para este ciclo es aprender practicando, pues \u201clos procesos agroindustriales necesitan de muchas habilidades, adem\u00e1s, aspiro que los docentes nos compartan sus experiencias en el campo laboral para poder emprender proyectos innovadores\u201d.<\/p>\n","protected":false},"excerpt":{"rendered":"<p>J\u00f3venes de diversas provincias nuevamente dieron vida a los pasillos y salones de clases para iniciar las actividades acad\u00e9micas correspondientes al ciclo lectivo 2018 en la Universidad Estatal Amaz\u00f3nica (UEA). Las Facultades de Ciencias de la Vida y de la Tierra dieron a conocer los horarios que se ajustan a tres jornadas de estudio que &#8230; <a title=\"UN NUEVO SEMESTRE SE INICI\u00d3 EN LA UNIVERSIDAD ESTATAL AMAZ\u00d3NICA\" class=\"read-more\" href=\"https:\/\/www.uea.edu.ec\/web\/v1\/?p=5542\" aria-label=\"M\u00e1s en UN NUEVO SEMESTRE SE INICI\u00d3 EN LA UNIVERSIDAD ESTATAL AMAZ\u00d3NICA\">Leer m\u00e1s<\/a><\/p>\n","protected":false},"author":2,"featured_media":5543,"comment_status":"closed","ping_status":"closed","sticky":false,"template":"","format":"standard","meta":{"om_disable_all_campaigns":false,"_monsterinsights_skip_tracking":false,"_monsterinsights_sitenote_active":false,"_monsterinsights_sitenote_note":"","_monsterinsights_sitenote_category":0,"generate_page_header":"","footnotes":""},"categories":[1],"tags":[],"class_list":["post-5542","post","type-post","status-publish","format-standard","has-post-thumbnail","hentry","category-sin-categoria"],"aioseo_notices":[],"_links":{"self":[{"href":"https:\/\/www.uea.edu.ec\/web\/v1\/index.php?rest_route=\/wp\/v2\/posts\/5542"}],"collection":[{"href":"https:\/\/www.uea.edu.ec\/web\/v1\/index.php?rest_route=\/wp\/v2\/posts"}],"about":[{"href":"https:\/\/www.uea.edu.ec\/web\/v1\/index.php?rest_route=\/wp\/v2\/types\/post"}],"author":[{"embeddable":true,"href":"https:\/\/www.uea.edu.ec\/web\/v1\/index.php?rest_route=\/wp\/v2\/users\/2"}],"replies":[{"embeddable":true,"href":"https:\/\/www.uea.edu.ec\/web\/v1\/index.php?rest_route=%2Fwp%2Fv2%2Fcomments&post=5542"}],"version-history":[{"count":1,"href":"https:\/\/www.uea.edu.ec\/web\/v1\/index.php?rest_route=\/wp\/v2\/posts\/5542\/revisions"}],"predecessor-version":[{"id":5544,"href":"https:\/\/www.uea.edu.ec\/web\/v1\/index.php?rest_route=\/wp\/v2\/posts\/5542\/revisions\/5544"}],"wp:featuredmedia":[{"embeddable":true,"href":"https:\/\/www.uea.edu.ec\/web\/v1\/index.php?rest_route=\/wp\/v2\/media\/5543"}],"wp:attachment":[{"href":"https:\/\/www.uea.edu.ec\/web\/v1\/index.php?rest_route=%2Fwp%2Fv2%2Fmedia&parent=5542"}],"wp:term":[{"taxonomy":"category","embeddable":true,"href":"https:\/\/www.uea.edu.ec\/web\/v1\/index.php?rest_route=%2Fwp%2Fv2%2Fcategories&post=5542"},{"taxonomy":"post_tag","embeddable":true,"href":"https:\/\/www.uea.edu.ec\/web\/v1\/index.php?rest_route=%2Fwp%2Fv2%2Ftags&post=5542"}],"curies":[{"name":"wp","href":"https:\/\/api.w.org\/{rel}","templated":true}]}}