{"id":6691,"date":"2019-03-22T09:04:39","date_gmt":"2019-03-22T14:04:39","guid":{"rendered":"https:\/\/www.uea.edu.ec\/?p=6691"},"modified":"2022-01-21T15:51:45","modified_gmt":"2022-01-21T20:51:45","slug":"uea-inicia-nuevo-semestre-con-nuevos-proyectos","status":"publish","type":"post","link":"https:\/\/www.uea.edu.ec\/web\/v1\/?p=6691","title":{"rendered":"UEA INICIA NUEVO SEMESTRE CON NUEVOS PROYECTOS"},"content":{"rendered":"\n<p>La ma\u00f1ana del 18 de marzo de\n2019, estudiantes de diversas provincias del pa\u00eds una vez m\u00e1s dieron vida a los\npasillos y salones de clases de la Universidad Estatal Amaz\u00f3nica (UEA), para\niniciar un nuevo ciclo acad\u00e9mico. <\/p>\n\n\n\n<p>De acuerdo a cifras oficiales\nde Secretar\u00eda Acad\u00e9mica de la UEA, ingresaron alrededor de 4211 alumnos distribuidos\nen el Campus Central de Puyo y en las Ofertas Acad\u00e9micas de Sucumb\u00edos y Zamora.\n(Dicha informaci\u00f3n est\u00e1 sujeta a variaciones debido al ciclo de matr\u00edculas\nespeciales).<\/p>\n\n\n\n<p>Uno de los aspectos que\ncaracteriza este periodo 2019, es el pr\u00f3ximo proceso de acreditaci\u00f3n y\nevaluaci\u00f3n institucional, dentro del cual se cumplir\u00e1n con indicadores y\nmodelos de evaluaci\u00f3n a fin de mantener altos est\u00e1ndares de calidad, todo ello\nen respuesta a lo que establece el Consejo de Aseguramiento de la Calidad de la\nEducaci\u00f3n Superior (CACES). <\/p>\n\n\n\n<p>En este sentido, el Dr. Julio\nC\u00e9sar Vargas, rector de la UEA, destac\u00f3 el trabajo constante que se evidencia a\ntrav\u00e9s de proyectos y actividades institucionales, \u201csiempre hemos estado prepar\u00e1ndonos\npara este proceso y conocemos el modo de abordar las cosas, pues desde la\ngesti\u00f3n procuramos mantener una planificaci\u00f3n acorde a las exigencias de los\nm\u00e1ximos organismos de educaci\u00f3n superior del pa\u00eds\u201d. <\/p>\n\n\n\n<p>De igual manera, previo a este\nnuevo semestre, el personal acad\u00e9mico form\u00f3 parte de una jornada curricular en\nla cual se plante\u00f3 mejorar los \u00e1mbitos did\u00e1cticos y pedag\u00f3gicos del ejercicio\ndocente, asimismo, incrementar actividades de investigaci\u00f3n y vinculaci\u00f3n, as\u00ed\nlo dio a conocer la Dr. Ruth Arias, vicerrectora acad\u00e9mica de la instituci\u00f3n. <\/p>\n\n\n\n<p>\u201cDesde la gesti\u00f3n universitaria\nhemos procurado consolidar un modelo integral de trabajo que abarque las \u00e1reas\nde docencia, investigaci\u00f3n, gesti\u00f3n y vinculaci\u00f3n, siendo esta \u00faltima,\nreformada por la Ley Org\u00e1nica de Educaci\u00f3n Superior, por ello este semestre se\npondr\u00e1 mayor atenci\u00f3n a la formulaci\u00f3n de proyectos que brinden servicio a la\ncomunidad\u201d. <\/p>\n\n\n\n<p>En cuanto a la infraestructura\nf\u00edsica, ambas autoridades universitarias destacaron la eficiencia de los escenarios\nf\u00edsicos actuales que garantizan mayor bienestar y confort de la comunidad\nuniversitaria, as\u00ed como un correcto desenvolvimiento acad\u00e9mico e investigativo.<\/p>\n\n\n\n<p>Por esta raz\u00f3n, se tiene\nprogramada la recepci\u00f3n de un nuevo bloque de aulas que entrar\u00e1 en\nfuncionamiento para el segundo semestre de este a\u00f1o. Dicho bloque se\ncomplementa con una edificaci\u00f3n similar que fue puesta en funcionamiento a\nmediados de 2018. <\/p>\n\n\n\n<p><strong>EXPRESIONES<\/strong><\/p>\n\n\n\n<p>\u201cEste nuevo ciclo lectivo nos\nva a permitir un trabajo acad\u00e9mico de alto nivel. Mis palabras hacia los\nj\u00f3venes es que construyan su futuro d\u00eda a d\u00eda, tienen la misi\u00f3n de estudiar y\nde adquirir destrezas y habilidades para su vida profesional\u201d.<\/p>\n\n\n\n<p><strong>Dr.\nJulio C\u00e9sar Vargas, Rector de la UEA <\/strong><\/p>\n\n\n\n<p>\u201cIniciamos un semestre que se constituye en un\nperiodo muy significativo ya que nos aprestamos a la acreditaci\u00f3n y evaluaci\u00f3n\ninstitucional, reciban una cordial bienvenida estudiantes y profesores, que\njunto al personal administrativo debemos encontrarnos comprometidos con el\ntrabajo\u201d.<\/p>\n\n\n\n<p><strong>Dr.\nRuth Arias \u2013 Vicerrectora Acad\u00e9mica de la UEA<\/strong><\/p>\n\n\n\n<p><strong>RELACIONES\nP\u00daBLICAS UEA <\/strong><\/p>\n","protected":false},"excerpt":{"rendered":"<p>La ma\u00f1ana del 18 de marzo de 2019, estudiantes de diversas provincias del pa\u00eds una vez m\u00e1s dieron vida a los pasillos y salones de clases de la Universidad Estatal Amaz\u00f3nica (UEA), para iniciar un nuevo ciclo acad\u00e9mico. De acuerdo a cifras oficiales de Secretar\u00eda Acad\u00e9mica de la UEA, ingresaron alrededor de 4211 alumnos distribuidos &#8230; <a title=\"UEA INICIA NUEVO SEMESTRE CON NUEVOS PROYECTOS\" class=\"read-more\" href=\"https:\/\/www.uea.edu.ec\/web\/v1\/?p=6691\" aria-label=\"M\u00e1s en UEA INICIA NUEVO SEMESTRE CON NUEVOS PROYECTOS\">Leer m\u00e1s<\/a><\/p>\n","protected":false},"author":2,"featured_media":6692,"comment_status":"closed","ping_status":"closed","sticky":false,"template":"","format":"standard","meta":{"om_disable_all_campaigns":false,"_monsterinsights_skip_tracking":false,"_monsterinsights_sitenote_active":false,"_monsterinsights_sitenote_note":"","_monsterinsights_sitenote_category":0,"generate_page_header":"","footnotes":""},"categories":[1],"tags":[],"class_list":["post-6691","post","type-post","status-publish","format-standard","has-post-thumbnail","hentry","category-sin-categoria"],"aioseo_notices":[],"_links":{"self":[{"href":"https:\/\/www.uea.edu.ec\/web\/v1\/index.php?rest_route=\/wp\/v2\/posts\/6691"}],"collection":[{"href":"https:\/\/www.uea.edu.ec\/web\/v1\/index.php?rest_route=\/wp\/v2\/posts"}],"about":[{"href":"https:\/\/www.uea.edu.ec\/web\/v1\/index.php?rest_route=\/wp\/v2\/types\/post"}],"author":[{"embeddable":true,"href":"https:\/\/www.uea.edu.ec\/web\/v1\/index.php?rest_route=\/wp\/v2\/users\/2"}],"replies":[{"embeddable":true,"href":"https:\/\/www.uea.edu.ec\/web\/v1\/index.php?rest_route=%2Fwp%2Fv2%2Fcomments&post=6691"}],"version-history":[{"count":1,"href":"https:\/\/www.uea.edu.ec\/web\/v1\/index.php?rest_route=\/wp\/v2\/posts\/6691\/revisions"}],"predecessor-version":[{"id":6693,"href":"https:\/\/www.uea.edu.ec\/web\/v1\/index.php?rest_route=\/wp\/v2\/posts\/6691\/revisions\/6693"}],"wp:featuredmedia":[{"embeddable":true,"href":"https:\/\/www.uea.edu.ec\/web\/v1\/index.php?rest_route=\/wp\/v2\/media\/6692"}],"wp:attachment":[{"href":"https:\/\/www.uea.edu.ec\/web\/v1\/index.php?rest_route=%2Fwp%2Fv2%2Fmedia&parent=6691"}],"wp:term":[{"taxonomy":"category","embeddable":true,"href":"https:\/\/www.uea.edu.ec\/web\/v1\/index.php?rest_route=%2Fwp%2Fv2%2Fcategories&post=6691"},{"taxonomy":"post_tag","embeddable":true,"href":"https:\/\/www.uea.edu.ec\/web\/v1\/index.php?rest_route=%2Fwp%2Fv2%2Ftags&post=6691"}],"curies":[{"name":"wp","href":"https:\/\/api.w.org\/{rel}","templated":true}]}}