{"id":7240,"date":"2019-06-14T08:56:36","date_gmt":"2019-06-14T13:56:36","guid":{"rendered":"https:\/\/www.uea.edu.ec\/?p=7240"},"modified":"2022-01-21T15:51:44","modified_gmt":"2022-01-21T20:51:44","slug":"uea-amplia-oferta-academica-y-sedes-en-la-amazonia","status":"publish","type":"post","link":"https:\/\/www.uea.edu.ec\/web\/v1\/?p=7240","title":{"rendered":"UEA AMPLIA OFERTA ACAD\u00c9MICA Y SEDES EN LA AMAZONIA"},"content":{"rendered":"\n<p>En\nel campus principal de la Universidad Estatal Amaz\u00f3nica (UEA), delegados del\nConsejo de Educaci\u00f3n Superior (CES) y de la Secretar\u00eda de Educaci\u00f3n Superior,\nCiencia, Tecnolog\u00eda e Innovaci\u00f3n (SENESCYT), junto a la rectora (e) de la UEA,\nDr. Ruth Arias y la Ing. Julia Land\u00e1zuri, titular de la Secretar\u00eda T\u00e9cnica de\nla Amazon\u00eda, oficializaron la aprobaci\u00f3n de sedes acad\u00e9micas para las\nprovincias de Zamora y Sucumb\u00edos, as\u00ed como la incorporaci\u00f3n de la carrera de\nComunicaci\u00f3n dentro de la oferta acad\u00e9mica. <\/p>\n\n\n\n<p>La\ninformaci\u00f3n fue presentada oficialmente a la comunidad este martes 11 de junio\nde 2019 en una ceremonia de la cual participaron representantes del ejecutivo,\nautoridades provinciales de Pastaza, Zamora y Sucumb\u00edos, miembros de diversos\ncolegios profesionales; adem\u00e1s, personal docente, administrativo y estudiantil\nde la instituci\u00f3n. <\/p>\n\n\n\n<p>De\nacuerdo a la rectora (e), estos planes representan un paso muy importante en la\nconfiguraci\u00f3n de la universidad amaz\u00f3nica que alcanza el notable crecimiento\nacad\u00e9mico y despierta el inter\u00e9s para los diferentes actores sociales.&nbsp; <\/p>\n\n\n\n<p>\u201cNos\nllena de satisfacci\u00f3n&nbsp; todo el esfuerzo\ndesplegado por los grupos de trabajo han realizado todas las instituciones\ncooperantes, definitivamente es una alegr\u00eda que implica a todo el territorio.\nNuestro compromiso de brindar educaci\u00f3n de calidad para toda la ciudadan\u00eda,\ncontin\u00faa\u201d. <\/p>\n\n\n\n<p>Los\nproyectos acad\u00e9micos responden a las resoluciones Nro.343 y Nro. 353 aprobadas\npor el pleno del CES, as\u00ed lo dio a conocer la Dra. Carmita \u00c1lvarez, consejera\nacad\u00e9mica de mencionada instituci\u00f3n, \u201csomos testigos de la gran alegr\u00eda que\nembarga al territorio amaz\u00f3nico, me congratula entregar a la comunidad\nuniversitaria proyectos que aspiran convertir a la Amazonia en el polo de\ncrecimiento y prosperidad, de promoci\u00f3n de la vida que abrace las pol\u00edticas\np\u00fablicas de desarrollo\u201d. <\/p>\n\n\n\n<p>Para\nla Ing. Julia Land\u00e1zuri, el fin de la Ley Org\u00e1nica para la Planificaci\u00f3n\nIntegral de la Circunscripci\u00f3n Territorial Especial Amaz\u00f3nica es propender el\ndesarrollo integral de la regi\u00f3n a trav\u00e9s de una adecuada articulaci\u00f3n de los\ndiferentes actores de territorio, ya sean sector p\u00fablico, privado y la\nacademia.<\/p>\n\n\n\n<p>\u201cConsideramos\nque con la asignaci\u00f3n adecuada de los recursos econ\u00f3micos se pueden desarrollar\nestos proyectos que cubran las necesidades b\u00e1sicas insatisfechas, que generen\nespacios laborales, fondos semilla para las universidades, todo ello con el\naf\u00e1n de dar cumplimiento a este mandato de ley\u201d.<\/p>\n\n\n\n<p>Adem\u00e1s,\ndestac\u00f3 que como Secretar\u00eda T\u00e9cnica se prioriz\u00f3 el proyecto de construcci\u00f3n y\nequipamiento del bloque de aulas para la carrera de Comunicaci\u00f3n por un monto\nde $1.355.879.29, tendientes a fortalecer la Educaci\u00f3n Superior para la\nAmazonia, \u201cel plan garantiza su ejecuci\u00f3n en el 2019, mismo que generar\u00e1\nmejores oportunidades para preparar futuros profesionales que aporten al\ndesarrollo de la regi\u00f3n, reiteramos el compromiso para trabajar de manera\narticulada con la UEA a la cual hoy expresamos nuestro reconocimiento\u201d. <\/p>\n\n\n\n<p><strong>EXPRESIONES<\/strong><\/p>\n\n\n\n<p>\u201cEste\nlogro de la UEA significa continuar sirviendo al pueblo, con nuestras manos y\nconocimiento seguiremos alcanzando m\u00e1s metas para nuestros estudiantes\u201d.<\/p>\n\n\n\n<p><strong>Hernan Uvidia, Director\nSede Zamora UEA<\/strong><\/p>\n\n\n\n<p>\u201cEste\nes el trabajo que se ve reflejado para esta gran Amazonia, Educaci\u00f3n Superior\nque dinamiza procesos con compromiso social\u201d. <\/p>\n\n\n\n<p><strong>Edison Segura, Director\nSede Sucumb\u00edos UEA<\/strong><\/p>\n\n\n\n<p><strong>RELACIONES P\u00daBLICAS UEA <\/strong><\/p>\n","protected":false},"excerpt":{"rendered":"<p>En el campus principal de la Universidad Estatal Amaz\u00f3nica (UEA), delegados del Consejo de Educaci\u00f3n Superior (CES) y de la Secretar\u00eda de Educaci\u00f3n Superior, Ciencia, Tecnolog\u00eda e Innovaci\u00f3n (SENESCYT), junto a la rectora (e) de la UEA, Dr. Ruth Arias y la Ing. Julia Land\u00e1zuri, titular de la Secretar\u00eda T\u00e9cnica de la Amazon\u00eda, oficializaron la &#8230; <a title=\"UEA AMPLIA OFERTA ACAD\u00c9MICA Y SEDES EN LA AMAZONIA\" class=\"read-more\" href=\"https:\/\/www.uea.edu.ec\/web\/v1\/?p=7240\" aria-label=\"M\u00e1s en UEA AMPLIA OFERTA ACAD\u00c9MICA Y SEDES EN LA AMAZONIA\">Leer m\u00e1s<\/a><\/p>\n","protected":false},"author":8,"featured_media":7241,"comment_status":"closed","ping_status":"closed","sticky":false,"template":"","format":"standard","meta":{"om_disable_all_campaigns":false,"_monsterinsights_skip_tracking":false,"_monsterinsights_sitenote_active":false,"_monsterinsights_sitenote_note":"","_monsterinsights_sitenote_category":0,"generate_page_header":"","footnotes":""},"categories":[1],"tags":[],"class_list":["post-7240","post","type-post","status-publish","format-standard","has-post-thumbnail","hentry","category-sin-categoria"],"aioseo_notices":[],"_links":{"self":[{"href":"https:\/\/www.uea.edu.ec\/web\/v1\/index.php?rest_route=\/wp\/v2\/posts\/7240"}],"collection":[{"href":"https:\/\/www.uea.edu.ec\/web\/v1\/index.php?rest_route=\/wp\/v2\/posts"}],"about":[{"href":"https:\/\/www.uea.edu.ec\/web\/v1\/index.php?rest_route=\/wp\/v2\/types\/post"}],"author":[{"embeddable":true,"href":"https:\/\/www.uea.edu.ec\/web\/v1\/index.php?rest_route=\/wp\/v2\/users\/8"}],"replies":[{"embeddable":true,"href":"https:\/\/www.uea.edu.ec\/web\/v1\/index.php?rest_route=%2Fwp%2Fv2%2Fcomments&post=7240"}],"version-history":[{"count":1,"href":"https:\/\/www.uea.edu.ec\/web\/v1\/index.php?rest_route=\/wp\/v2\/posts\/7240\/revisions"}],"predecessor-version":[{"id":7242,"href":"https:\/\/www.uea.edu.ec\/web\/v1\/index.php?rest_route=\/wp\/v2\/posts\/7240\/revisions\/7242"}],"wp:featuredmedia":[{"embeddable":true,"href":"https:\/\/www.uea.edu.ec\/web\/v1\/index.php?rest_route=\/wp\/v2\/media\/7241"}],"wp:attachment":[{"href":"https:\/\/www.uea.edu.ec\/web\/v1\/index.php?rest_route=%2Fwp%2Fv2%2Fmedia&parent=7240"}],"wp:term":[{"taxonomy":"category","embeddable":true,"href":"https:\/\/www.uea.edu.ec\/web\/v1\/index.php?rest_route=%2Fwp%2Fv2%2Fcategories&post=7240"},{"taxonomy":"post_tag","embeddable":true,"href":"https:\/\/www.uea.edu.ec\/web\/v1\/index.php?rest_route=%2Fwp%2Fv2%2Ftags&post=7240"}],"curies":[{"name":"wp","href":"https:\/\/api.w.org\/{rel}","templated":true}]}}