{"id":7243,"date":"2019-06-20T08:26:42","date_gmt":"2019-06-20T13:26:42","guid":{"rendered":"https:\/\/www.uea.edu.ec\/?p=7243"},"modified":"2022-01-21T15:51:44","modified_gmt":"2022-01-21T20:51:44","slug":"iniciativa-estudiantil-aporta-al-turismo-provincial","status":"publish","type":"post","link":"https:\/\/www.uea.edu.ec\/web\/v1\/?p=7243","title":{"rendered":"INICIATIVA ESTUDIANTIL APORTA AL TURISMO PROVINCIAL"},"content":{"rendered":"\n<p>Bajo\nel tema \u201cRenacer del Turismo en Pastaza\u201d, estudiantes del 9no semestre &#8211; paralelo\nC de Ingenier\u00eda en Turismo de la Universidad Estatal Amaz\u00f3nica (UEA), llevan a\ncabo el primer ciclo de conferencias que aspira promover\nla cooperaci\u00f3n en el sector tur\u00edstico desde diversos organismos y as\u00ed estimular\nla generaci\u00f3n de proyectos acad\u00e9micos y profesionales. <\/p>\n\n\n\n<p>Durante el 19 y 20 de junio de 2019 representantes del\nMinisterio de Turismo de la provincia, docentes y estudiantes universitarios,\ncomo tambi\u00e9n emprendedores del campo hotelero, comunitario y de la conservaci\u00f3n\nambiental presentan sus experiencias e iniciativas. <\/p>\n\n\n\n<p>Como parte del acto inaugural, la Dra. Ana Chafla, decana de\nla Facultad de Ciencias de la Vida se refiri\u00f3 al impacto que genera este primer\nencuentro como referente estudiantil para las pr\u00f3ximas ediciones.<\/p>\n\n\n\n<p>\u201cQuiero resaltar la excelencia y profesionalismo que los\nestudiantes est\u00e1n demostrando al organizar un evento de calidad que convoca a\nvarios agentes internos y externos del sector tur\u00edstico. Considero que la\nexcelencia la vamos marcando y esperamos que este tipo de jornadas contin\u00faen\u201d. <\/p>\n\n\n\n<p>Por su parte, la estudiante Johseline Berrones, coordinadora\ndel comit\u00e9 organizador coment\u00f3 que este ejercicio responde a la materia de\nGesti\u00f3n de Eventos, dictada por la MSc. Tania Cevallos, la cual pone en\npr\u00e1ctica los desaf\u00edos para la planificaci\u00f3n, implementaci\u00f3n y log\u00edstica para diversas\nprogramaciones.<\/p>\n\n\n\n<p>\u201cEsta iniciativa es un trabajo en conjunto del curso en apoyo\ncon el Ministerio de Turismo de Pastaza. Para este primer ciclo establecimos\ntres \u00e1reas fundamentales basadas en las problem\u00e1ticas, fortalezas y nuevas iniciativas\ntur\u00edsticas y esperamos que la carrera se apropie de este evento y se brinde la\ncontinuidad esperada a fin de establecer alianzas de trabajo con todos los\nsectores involucrados\u201d.<\/p>\n\n\n\n<p><strong>TOME\nNOTA<\/strong><\/p>\n\n\n\n<p><strong>Las tem\u00e1ticas de este a\u00f1o son:<\/strong><\/p>\n\n\n\n<ul class=\"wp-block-list\"><li><strong>Introducci\u00f3n a la problem\u00e1tica tur\u00edstica<\/strong><\/li><li><strong>Las agencias de viajes y su realidad<\/strong><\/li><li><strong>Marketing digital y turismo<\/strong><\/li><li><strong>Una mirada a la realidad del alojamiento<\/strong><\/li><li><strong>Atractivos tur\u00edsticos Vs. Desarrollo tur\u00edstico <\/strong><\/li><li><strong>Desarrollo de turismo y Biodiversidad<\/strong><\/li><li><strong>Estrategias comunitarias<\/strong><\/li><li><strong>Innovaciones tur\u00edsticas aplicadas en la Amazon\u00eda<\/strong><\/li><li><strong>El rescate de la Biodiversidad<\/strong><\/li><li><strong>La orqu\u00eddea como recurso aut\u00f3ctono de Pastaza<\/strong><\/li><li><strong>La ruta del Cacao<\/strong><\/li><li><strong>Iniciativa de j\u00f3venes Apu-Purina camino de l\u00edderes<\/strong><\/li><li><strong>Energ\u00eda alternativa y amigable con el ambiente <\/strong><\/li><\/ul>\n\n\n\n<p><strong>RELACIONES\nP\u00daBLICAS UEA<\/strong><\/p>\n","protected":false},"excerpt":{"rendered":"<p>Bajo el tema \u201cRenacer del Turismo en Pastaza\u201d, estudiantes del 9no semestre &#8211; paralelo C de Ingenier\u00eda en Turismo de la Universidad Estatal Amaz\u00f3nica (UEA), llevan a cabo el primer ciclo de conferencias que aspira promover la cooperaci\u00f3n en el sector tur\u00edstico desde diversos organismos y as\u00ed estimular la generaci\u00f3n de proyectos acad\u00e9micos y profesionales. &#8230; <a title=\"INICIATIVA ESTUDIANTIL APORTA AL TURISMO PROVINCIAL\" class=\"read-more\" href=\"https:\/\/www.uea.edu.ec\/web\/v1\/?p=7243\" aria-label=\"M\u00e1s en INICIATIVA ESTUDIANTIL APORTA AL TURISMO PROVINCIAL\">Leer m\u00e1s<\/a><\/p>\n","protected":false},"author":8,"featured_media":7244,"comment_status":"closed","ping_status":"closed","sticky":false,"template":"","format":"standard","meta":{"om_disable_all_campaigns":false,"_monsterinsights_skip_tracking":false,"_monsterinsights_sitenote_active":false,"_monsterinsights_sitenote_note":"","_monsterinsights_sitenote_category":0,"generate_page_header":"","footnotes":""},"categories":[1],"tags":[],"class_list":["post-7243","post","type-post","status-publish","format-standard","has-post-thumbnail","hentry","category-sin-categoria"],"aioseo_notices":[],"_links":{"self":[{"href":"https:\/\/www.uea.edu.ec\/web\/v1\/index.php?rest_route=\/wp\/v2\/posts\/7243"}],"collection":[{"href":"https:\/\/www.uea.edu.ec\/web\/v1\/index.php?rest_route=\/wp\/v2\/posts"}],"about":[{"href":"https:\/\/www.uea.edu.ec\/web\/v1\/index.php?rest_route=\/wp\/v2\/types\/post"}],"author":[{"embeddable":true,"href":"https:\/\/www.uea.edu.ec\/web\/v1\/index.php?rest_route=\/wp\/v2\/users\/8"}],"replies":[{"embeddable":true,"href":"https:\/\/www.uea.edu.ec\/web\/v1\/index.php?rest_route=%2Fwp%2Fv2%2Fcomments&post=7243"}],"version-history":[{"count":1,"href":"https:\/\/www.uea.edu.ec\/web\/v1\/index.php?rest_route=\/wp\/v2\/posts\/7243\/revisions"}],"predecessor-version":[{"id":7245,"href":"https:\/\/www.uea.edu.ec\/web\/v1\/index.php?rest_route=\/wp\/v2\/posts\/7243\/revisions\/7245"}],"wp:featuredmedia":[{"embeddable":true,"href":"https:\/\/www.uea.edu.ec\/web\/v1\/index.php?rest_route=\/wp\/v2\/media\/7244"}],"wp:attachment":[{"href":"https:\/\/www.uea.edu.ec\/web\/v1\/index.php?rest_route=%2Fwp%2Fv2%2Fmedia&parent=7243"}],"wp:term":[{"taxonomy":"category","embeddable":true,"href":"https:\/\/www.uea.edu.ec\/web\/v1\/index.php?rest_route=%2Fwp%2Fv2%2Fcategories&post=7243"},{"taxonomy":"post_tag","embeddable":true,"href":"https:\/\/www.uea.edu.ec\/web\/v1\/index.php?rest_route=%2Fwp%2Fv2%2Ftags&post=7243"}],"curies":[{"name":"wp","href":"https:\/\/api.w.org\/{rel}","templated":true}]}}