{"id":7351,"date":"2019-09-24T09:38:01","date_gmt":"2019-09-24T14:38:01","guid":{"rendered":"https:\/\/www.uea.edu.ec\/?p=7351"},"modified":"2022-01-21T15:51:44","modified_gmt":"2022-01-21T20:51:44","slug":"jornada-curricular-en-la-uea-fortalece-la-gestion-academica","status":"publish","type":"post","link":"https:\/\/www.uea.edu.ec\/web\/v1\/?p=7351","title":{"rendered":"JORNADA CURRICULAR EN LA UEA FORTALECE LA GESTI\u00d3N ACAD\u00c9MICA"},"content":{"rendered":"\n<p>Con\nel objetivo de perfeccionar el desempe\u00f1o profesional del claustro docente de la\nUniversidad Estatal Amaz\u00f3nica, del 2 al 20 de septiembre de 2019 se desarroll\u00f3\nuna jornada curricular que brind\u00f3 respuesta a las exigencias actuales del\nsistema de educaci\u00f3n superior en el pa\u00eds. <\/p>\n\n\n\n<p>La\nactividad de 120 horas de duraci\u00f3n, previa al inicio de clases este 23 de\nseptiembre, puntualiz\u00f3 elementos claves sobre el proceso de acreditaci\u00f3n y\nevaluaci\u00f3n institucional, as\u00ed como la revisi\u00f3n de los contenidos curriculares,\nplanificaci\u00f3n del s\u00edlabo, uso de plataformas y metodolog\u00edas psicopedag\u00f3gicas,\ntodo ellos en el marco del Estatuto y Reglamento de R\u00e9gimen Acad\u00e9mico de la\nUEA.&nbsp; <\/p>\n\n\n\n<p>De\nacuerdo a la Dra. Haide\u00e9 Coromoto Mar\u00edn, directora acad\u00e9mica, planificar las\nactividades docentes guarda relaci\u00f3n con el desempe\u00f1o investigativo y de\nvinculaci\u00f3n, pues en estas sesiones se ha dotado de competencias necesarias\npara elaborar el plan de trabajo individual y cumplir con las tareas que\nconstan en el distributivo. <\/p>\n\n\n\n<p>Adem\u00e1s,\ndijo que en el proceso de aprendizaje, el profesor se convierte en un facilitador\nde conocimiento y el estudiante goza de participaci\u00f3n activa, es decir, se\nintenta vincular el rol del docente y las nuevas formas de aprendizaje con el\ncompromiso de mejorar las capacidades de sus alumnos. <\/p>\n\n\n\n<p>En este sentido, Marianela\nEscobar, docente de la carrera en Agroindustrial, considera que esta preparaci\u00f3n sirve para\natender diversas necesidades educativas, entre ellas, las reflexiones\npedag\u00f3gicas que permitan introducir nuevas estrategias educativas. <\/p>\n\n\n\n<p>\u201cConsidero que estas pr\u00e1cticas\npermiten potenciar las capacidades estudiantiles, llegamos de mejor manera a\nlos estudiantes y contribuimos a su desarrollo profesional, por ello buscamos tambi\u00e9n\nrestructurar nuestras habilidades\u201d. <\/p>\n\n\n\n<p>De su parte, el docente William\nCaicedo, destac\u00f3 las demostraciones pr\u00e1cticas recibidas al momento de construir\ny exponer una clase a trav\u00e9s de modelos mentales para cautivar y motivar la\natenci\u00f3n en los educandos, \u201cdesde mi punto de vista lo mejor de este curso ha\nsido la valoraci\u00f3n in situ de como preparar una clase, saber diferenciar entre\nseminario, conferencia y otros, son herramientas importantes para la did\u00e1ctica\neducativa\u201d, resalt\u00f3. <\/p>\n\n\n\n<p><strong>RELACIONES P\u00daBLICAS UEA <\/strong><\/p>\n","protected":false},"excerpt":{"rendered":"<p>Con el objetivo de perfeccionar el desempe\u00f1o profesional del claustro docente de la Universidad Estatal Amaz\u00f3nica, del 2 al 20 de septiembre de 2019 se desarroll\u00f3 una jornada curricular que brind\u00f3 respuesta a las exigencias actuales del sistema de educaci\u00f3n superior en el pa\u00eds. La actividad de 120 horas de duraci\u00f3n, previa al inicio de &#8230; <a title=\"JORNADA CURRICULAR EN LA UEA FORTALECE LA GESTI\u00d3N ACAD\u00c9MICA\" class=\"read-more\" href=\"https:\/\/www.uea.edu.ec\/web\/v1\/?p=7351\" aria-label=\"M\u00e1s en JORNADA CURRICULAR EN LA UEA FORTALECE LA GESTI\u00d3N ACAD\u00c9MICA\">Leer m\u00e1s<\/a><\/p>\n","protected":false},"author":8,"featured_media":7353,"comment_status":"closed","ping_status":"closed","sticky":false,"template":"","format":"standard","meta":{"om_disable_all_campaigns":false,"_monsterinsights_skip_tracking":false,"_monsterinsights_sitenote_active":false,"_monsterinsights_sitenote_note":"","_monsterinsights_sitenote_category":0,"generate_page_header":"","footnotes":""},"categories":[1],"tags":[],"class_list":["post-7351","post","type-post","status-publish","format-standard","has-post-thumbnail","hentry","category-sin-categoria"],"aioseo_notices":[],"_links":{"self":[{"href":"https:\/\/www.uea.edu.ec\/web\/v1\/index.php?rest_route=\/wp\/v2\/posts\/7351"}],"collection":[{"href":"https:\/\/www.uea.edu.ec\/web\/v1\/index.php?rest_route=\/wp\/v2\/posts"}],"about":[{"href":"https:\/\/www.uea.edu.ec\/web\/v1\/index.php?rest_route=\/wp\/v2\/types\/post"}],"author":[{"embeddable":true,"href":"https:\/\/www.uea.edu.ec\/web\/v1\/index.php?rest_route=\/wp\/v2\/users\/8"}],"replies":[{"embeddable":true,"href":"https:\/\/www.uea.edu.ec\/web\/v1\/index.php?rest_route=%2Fwp%2Fv2%2Fcomments&post=7351"}],"version-history":[{"count":1,"href":"https:\/\/www.uea.edu.ec\/web\/v1\/index.php?rest_route=\/wp\/v2\/posts\/7351\/revisions"}],"predecessor-version":[{"id":7352,"href":"https:\/\/www.uea.edu.ec\/web\/v1\/index.php?rest_route=\/wp\/v2\/posts\/7351\/revisions\/7352"}],"wp:featuredmedia":[{"embeddable":true,"href":"https:\/\/www.uea.edu.ec\/web\/v1\/index.php?rest_route=\/wp\/v2\/media\/7353"}],"wp:attachment":[{"href":"https:\/\/www.uea.edu.ec\/web\/v1\/index.php?rest_route=%2Fwp%2Fv2%2Fmedia&parent=7351"}],"wp:term":[{"taxonomy":"category","embeddable":true,"href":"https:\/\/www.uea.edu.ec\/web\/v1\/index.php?rest_route=%2Fwp%2Fv2%2Fcategories&post=7351"},{"taxonomy":"post_tag","embeddable":true,"href":"https:\/\/www.uea.edu.ec\/web\/v1\/index.php?rest_route=%2Fwp%2Fv2%2Ftags&post=7351"}],"curies":[{"name":"wp","href":"https:\/\/api.w.org\/{rel}","templated":true}]}}