{"id":7505,"date":"2019-11-12T09:19:35","date_gmt":"2019-11-12T14:19:35","guid":{"rendered":"https:\/\/www.uea.edu.ec\/?p=7505"},"modified":"2022-01-21T15:51:34","modified_gmt":"2022-01-21T20:51:34","slug":"ea-conmemoro-17-anos-de-vida-institucional-con-sesion-solemne","status":"publish","type":"post","link":"https:\/\/www.uea.edu.ec\/web\/v1\/?p=7505","title":{"rendered":"UEA CONMEMOR\u00d3 17 A\u00d1OS DE VIDA INSTITUCIONAL CON SESI\u00d3N SOLEMNE"},"content":{"rendered":"\n<p>A trav\u00e9s de la sesi\u00f3n\nsolemne, autoridades provinciales y universitarias, catedr\u00e1ticos y personal\nadministrativo, rindieron homenaje a la Universidad Estatal Amaz\u00f3nica por sus\ndiecisiete a\u00f1os de creaci\u00f3n. <\/p>\n\n\n\n<p>La nueva rectora de la\nUEA, Dra. Ruth Arias, destac\u00f3 la evoluci\u00f3n institucional desde una visi\u00f3n\nglobal, en donde se han planteado criterios de adaptaci\u00f3n a las diversas necesidades\neducativas y sociales, as\u00ed como la generaci\u00f3n y transferencia de conocimiento\nal entorno. <\/p>\n\n\n\n<p>En su informe,\nArias se refiri\u00f3 a los objetivos estrat\u00e9gicos cumplidos en las \u00e1reas de\ninvestigaci\u00f3n, vinculaci\u00f3n y gesti\u00f3n, los cuales est\u00e1n alineados con el Plan Nacional\ndel Buen Vivir, lo que garantiza la prestaci\u00f3n de servicios p\u00fablicos de gran\nvalor. <\/p>\n\n\n\n<p>En ese\nsentido, detall\u00f3 que uno de los retos de gran alcance es potenciar la\ninvestigaci\u00f3n cient\u00edfica b\u00e1sica y aplicada con \u00e9nfasis en la biodiversidad y\nrecursos naturales de la regi\u00f3n. Adem\u00e1s, precis\u00f3 que en el \u00e1mbito de\nvinculaci\u00f3n se plantea encaminar programas que mejoren la interacci\u00f3n\nuniversidad-sociedad.<\/p>\n\n\n\n<p>La rectora\ntambi\u00e9n habl\u00f3 del perfeccionamiento permanente en la gesti\u00f3n administrativa, el\ncual ha generado un soporte operativo eficiente enfocado en la excelencia de\nprocesos, \u201cla instituci\u00f3n universitaria avanza conforme a su gesti\u00f3n,\ndesarrolla estrategias para posicionarse como una de las mejores universidades\nde la Amazonia, planificando sus recursos de manera estrat\u00e9gica\u201d, enfatiz\u00f3. &nbsp;<\/p>\n\n\n\n<p>A la par,\nmencion\u00f3 el cumplimiento y dotaci\u00f3n de infraestructura f\u00edsica eficiente as\u00ed\ncomo de equipamiento tecnol\u00f3gico de ultima generaci\u00f3n, lo que garantiza\nentornos educativos y laborales de alta calidad, \u201cla construcci\u00f3n de nuevos bloques de aulas representa proyectos\nde planeaci\u00f3n y optimizaci\u00f3n f\u00edsica, asimismo contar\ncon una amplia variedad de espacios deportivos dirigidos al acondicionamiento\nsaludable fomenta el bienestar recreacional de la comunidad universitaria\u201d. <\/p>\n\n\n\n<p>En el acto se realiz\u00f3 conjuntamente la\npresentaci\u00f3n de la mascota oficial de la Alma M\u00e1ter, representada por un jaguar\nde la Amazonia ecuatoriana, el cual re\u00fane atributos propios de los pueblos\nind\u00edgenas de la selva, como son la fuerza, inteligencia, nobleza y protecci\u00f3n. <\/p>\n\n\n\n<p>\u201cJagui\u201d, bautizado as\u00ed\npor la comunidad estudiantil, se inserta como un referente de identidad y\ns\u00edmbolo entra\u00f1able de la instituci\u00f3n, que adem\u00e1s, fortalece la imagen y\nposicionamiento interno y externo de la UEA. <\/p>\n\n\n\n<p><strong>RELACIONES\nP\u00daBLICAS UEA <\/strong><\/p>\n","protected":false},"excerpt":{"rendered":"<p>A trav\u00e9s de la sesi\u00f3n solemne, autoridades provinciales y universitarias, catedr\u00e1ticos y personal administrativo, rindieron homenaje a la Universidad Estatal Amaz\u00f3nica por sus diecisiete a\u00f1os de creaci\u00f3n. La nueva rectora de la UEA, Dra. Ruth Arias, destac\u00f3 la evoluci\u00f3n institucional desde una visi\u00f3n global, en donde se han planteado criterios de adaptaci\u00f3n a las diversas &#8230; <a title=\"UEA CONMEMOR\u00d3 17 A\u00d1OS DE VIDA INSTITUCIONAL CON SESI\u00d3N SOLEMNE\" class=\"read-more\" href=\"https:\/\/www.uea.edu.ec\/web\/v1\/?p=7505\" aria-label=\"M\u00e1s en UEA CONMEMOR\u00d3 17 A\u00d1OS DE VIDA INSTITUCIONAL CON SESI\u00d3N SOLEMNE\">Leer m\u00e1s<\/a><\/p>\n","protected":false},"author":8,"featured_media":7506,"comment_status":"closed","ping_status":"closed","sticky":false,"template":"","format":"standard","meta":{"om_disable_all_campaigns":false,"_monsterinsights_skip_tracking":false,"_monsterinsights_sitenote_active":false,"_monsterinsights_sitenote_note":"","_monsterinsights_sitenote_category":0,"generate_page_header":"","footnotes":""},"categories":[1],"tags":[],"class_list":["post-7505","post","type-post","status-publish","format-standard","has-post-thumbnail","hentry","category-sin-categoria"],"aioseo_notices":[],"_links":{"self":[{"href":"https:\/\/www.uea.edu.ec\/web\/v1\/index.php?rest_route=\/wp\/v2\/posts\/7505"}],"collection":[{"href":"https:\/\/www.uea.edu.ec\/web\/v1\/index.php?rest_route=\/wp\/v2\/posts"}],"about":[{"href":"https:\/\/www.uea.edu.ec\/web\/v1\/index.php?rest_route=\/wp\/v2\/types\/post"}],"author":[{"embeddable":true,"href":"https:\/\/www.uea.edu.ec\/web\/v1\/index.php?rest_route=\/wp\/v2\/users\/8"}],"replies":[{"embeddable":true,"href":"https:\/\/www.uea.edu.ec\/web\/v1\/index.php?rest_route=%2Fwp%2Fv2%2Fcomments&post=7505"}],"version-history":[{"count":2,"href":"https:\/\/www.uea.edu.ec\/web\/v1\/index.php?rest_route=\/wp\/v2\/posts\/7505\/revisions"}],"predecessor-version":[{"id":7508,"href":"https:\/\/www.uea.edu.ec\/web\/v1\/index.php?rest_route=\/wp\/v2\/posts\/7505\/revisions\/7508"}],"wp:featuredmedia":[{"embeddable":true,"href":"https:\/\/www.uea.edu.ec\/web\/v1\/index.php?rest_route=\/wp\/v2\/media\/7506"}],"wp:attachment":[{"href":"https:\/\/www.uea.edu.ec\/web\/v1\/index.php?rest_route=%2Fwp%2Fv2%2Fmedia&parent=7505"}],"wp:term":[{"taxonomy":"category","embeddable":true,"href":"https:\/\/www.uea.edu.ec\/web\/v1\/index.php?rest_route=%2Fwp%2Fv2%2Fcategories&post=7505"},{"taxonomy":"post_tag","embeddable":true,"href":"https:\/\/www.uea.edu.ec\/web\/v1\/index.php?rest_route=%2Fwp%2Fv2%2Ftags&post=7505"}],"curies":[{"name":"wp","href":"https:\/\/api.w.org\/{rel}","templated":true}]}}