{"id":7509,"date":"2019-11-12T09:24:27","date_gmt":"2019-11-12T14:24:27","guid":{"rendered":"https:\/\/www.uea.edu.ec\/?p=7509"},"modified":"2022-01-21T15:51:33","modified_gmt":"2022-01-21T20:51:33","slug":"sala-de-lactantica-materna-se-implemento-en-la-uea-sucumbios","status":"publish","type":"post","link":"https:\/\/www.uea.edu.ec\/web\/v1\/?p=7509","title":{"rendered":"SALA DE LACTANTICA MATERNA SE IMPLEMENT\u00d3 EN LA UEA-SUCUMB\u00cdOS"},"content":{"rendered":"\n<p>Mediante\nun acuerdo de cooperaci\u00f3n entre la Universidad Estatal Amaz\u00f3nica &#8211; Sede\nSucumb\u00edos y el Ministerio de Salud P\u00fablica Zona 1-Distrito 21D02, se inaugur\u00f3\neste lunes 21 de octubre una sala de lactancia materna a fin de que las madres\nque colaboran o estudian en la instituci\u00f3n cuenten con un ambiente c\u00f3modo y\nseguro para la extracci\u00f3n y almacenamiento de su leche.<\/p>\n\n\n\n<p>Durante\nel acto de inauguraci\u00f3n, el Dr. Edison Segura, director de la sede\nUEA-Sucumb\u00edos,&nbsp; se\u00f1al\u00f3 que el lactario\ninstitucional servir\u00e1 para fomentar pr\u00e1cticas adecuadas de lactancia materna\nexclusiva, lo que garantiza el desarrollo y crecimiento saludable de ni\u00f1as y\nni\u00f1os.<\/p>\n\n\n\n<p>\u201cGracias\nal compromiso y trabajo de nuestra instituci\u00f3n y la salud p\u00fablica, ahora\ncontamos con un lactario, espacio que beneficiar\u00e1 a estudiantes, maestras y\ntrabajadoras en periodo de lactancia materna\u201d.<\/p>\n\n\n\n<p>Por\nsu parte, Gloria Lozada, directora distrital 21D02, destac\u00f3 que esta iniciativa\ncrea un v\u00ednculo afectivo madre e hijo mediante una nutrici\u00f3n adecuada, \u201clos\nreci\u00e9n nacidos deben recibir leche materna de forma \u00fanica e indispensable hasta\nlos 6 meses, y luego de manera continuada hasta los 2 a\u00f1os\u201d.<\/p>\n\n\n\n<p>Igualmente, se llev\u00f3 a cabo el reconocimiento por parte la\nentidad de salud, declarando a la UEA-Sucumb\u00edos \u201cEmpresa\nAmiga de la Lactancia Materna\u201d, a raz\u00f3n de ejecutar acciones enfocadas en crear\nespacios saludables en las instalaciones universitarias. <\/p>\n\n\n\n<p>Adriana Castillo, estudiante de Ingenier\u00eda en\nTurismo, estren\u00f3 la sala de apoyo materno y coment\u00f3 que este proyecto incrementa\nlas posibilidades de culminar con \u00e9xito la etapa universitaria, \u201cen lo personal\nme ayuda mucho el lactario porque vivo lejos, vengo desde Lumbaqui. Desde ahora\npodr\u00e9 extraer mi leche para refrigerarla hasta que terminen mis clases y de esa\nforma llevar de forma segura el alimento para mi beb\u00e9\u201d. <\/p>\n\n\n\n<p><strong>RELACIONES P\u00daBLICAS UEA <\/strong><\/p>\n","protected":false},"excerpt":{"rendered":"<p>Mediante un acuerdo de cooperaci\u00f3n entre la Universidad Estatal Amaz\u00f3nica &#8211; Sede Sucumb\u00edos y el Ministerio de Salud P\u00fablica Zona 1-Distrito 21D02, se inaugur\u00f3 este lunes 21 de octubre una sala de lactancia materna a fin de que las madres que colaboran o estudian en la instituci\u00f3n cuenten con un ambiente c\u00f3modo y seguro para &#8230; <a title=\"SALA DE LACTANTICA MATERNA SE IMPLEMENT\u00d3 EN LA UEA-SUCUMB\u00cdOS\" class=\"read-more\" href=\"https:\/\/www.uea.edu.ec\/web\/v1\/?p=7509\" aria-label=\"M\u00e1s en SALA DE LACTANTICA MATERNA SE IMPLEMENT\u00d3 EN LA UEA-SUCUMB\u00cdOS\">Leer m\u00e1s<\/a><\/p>\n","protected":false},"author":8,"featured_media":7510,"comment_status":"closed","ping_status":"closed","sticky":false,"template":"","format":"standard","meta":{"om_disable_all_campaigns":false,"_monsterinsights_skip_tracking":false,"_monsterinsights_sitenote_active":false,"_monsterinsights_sitenote_note":"","_monsterinsights_sitenote_category":0,"generate_page_header":"","footnotes":""},"categories":[1],"tags":[],"class_list":["post-7509","post","type-post","status-publish","format-standard","has-post-thumbnail","hentry","category-sin-categoria"],"aioseo_notices":[],"_links":{"self":[{"href":"https:\/\/www.uea.edu.ec\/web\/v1\/index.php?rest_route=\/wp\/v2\/posts\/7509"}],"collection":[{"href":"https:\/\/www.uea.edu.ec\/web\/v1\/index.php?rest_route=\/wp\/v2\/posts"}],"about":[{"href":"https:\/\/www.uea.edu.ec\/web\/v1\/index.php?rest_route=\/wp\/v2\/types\/post"}],"author":[{"embeddable":true,"href":"https:\/\/www.uea.edu.ec\/web\/v1\/index.php?rest_route=\/wp\/v2\/users\/8"}],"replies":[{"embeddable":true,"href":"https:\/\/www.uea.edu.ec\/web\/v1\/index.php?rest_route=%2Fwp%2Fv2%2Fcomments&post=7509"}],"version-history":[{"count":1,"href":"https:\/\/www.uea.edu.ec\/web\/v1\/index.php?rest_route=\/wp\/v2\/posts\/7509\/revisions"}],"predecessor-version":[{"id":7511,"href":"https:\/\/www.uea.edu.ec\/web\/v1\/index.php?rest_route=\/wp\/v2\/posts\/7509\/revisions\/7511"}],"wp:featuredmedia":[{"embeddable":true,"href":"https:\/\/www.uea.edu.ec\/web\/v1\/index.php?rest_route=\/wp\/v2\/media\/7510"}],"wp:attachment":[{"href":"https:\/\/www.uea.edu.ec\/web\/v1\/index.php?rest_route=%2Fwp%2Fv2%2Fmedia&parent=7509"}],"wp:term":[{"taxonomy":"category","embeddable":true,"href":"https:\/\/www.uea.edu.ec\/web\/v1\/index.php?rest_route=%2Fwp%2Fv2%2Fcategories&post=7509"},{"taxonomy":"post_tag","embeddable":true,"href":"https:\/\/www.uea.edu.ec\/web\/v1\/index.php?rest_route=%2Fwp%2Fv2%2Ftags&post=7509"}],"curies":[{"name":"wp","href":"https:\/\/api.w.org\/{rel}","templated":true}]}}