{"id":55588,"date":"2024-10-22T19:54:23","date_gmt":"2024-10-23T00:54:23","guid":{"rendered":"https:\/\/www.uea.edu.ec\/web\/v2\/?p=55588"},"modified":"2024-10-24T10:40:04","modified_gmt":"2024-10-24T15:40:04","slug":"la-universidad-estatal-amazonica-conmemoro-22-anos-de-vida-institucional","status":"publish","type":"post","link":"https:\/\/www.uea.edu.ec\/web\/v2\/?p=55588","title":{"rendered":"LA UNIVERSIDAD ESTATAL AMAZ\u00d3NICA CONMEMOR\u00d3 22 A\u00d1OS DE VIDA INSTITUCIONAL"},"content":{"rendered":"\t\t<div data-elementor-type=\"wp-post\" data-elementor-id=\"55588\" class=\"elementor elementor-55588\" data-elementor-settings=\"{&quot;ha_cmc_init_switcher&quot;:&quot;no&quot;}\" data-elementor-post-type=\"post\">\n\t\t\t\t\t\t<section class=\"elementor-section elementor-top-section elementor-element elementor-element-b8ac82c elementor-section-boxed elementor-section-height-default elementor-section-height-default\" data-id=\"b8ac82c\" data-element_type=\"section\" data-e-type=\"section\" data-settings=\"{&quot;_ha_eqh_enable&quot;:false}\">\n\t\t\t\t\t\t<div class=\"elementor-container elementor-column-gap-default\">\n\t\t\t\t\t<div class=\"elementor-column elementor-col-100 elementor-top-column elementor-element elementor-element-041b429\" data-id=\"041b429\" data-element_type=\"column\" data-e-type=\"column\">\n\t\t\t<div class=\"elementor-widget-wrap elementor-element-populated\">\n\t\t\t\t\t\t<div class=\"elementor-element elementor-element-2504a36 elementor-widget elementor-widget-text-editor\" data-id=\"2504a36\" data-element_type=\"widget\" data-e-type=\"widget\" data-widget_type=\"text-editor.default\">\n\t\t\t\t<div class=\"elementor-widget-container\">\n\t\t\t\t\t\t\t\t\t<p style=\"text-align: JUSTIFY;\">El 18 de octubre, la Universidad Estatal Amaz\u00f3nica realiz\u00f3 la Sesi\u00f3n Solemne en conmemoraci\u00f3n de su vig\u00e9simo segundo aniversario, celebrada en el renovado auditorio principal de su sede matriz en Pastaza, campus Puyo.<\/p><p style=\"text-align: JUSTIFY;\">La ceremonia estuvo presidida por el Dr. David Sancho Aguilera, PhD, rector de la universidad, acompa\u00f1ado del Dr. Carlos Manosalvas, vicerrector administrativo; la Dra. Esthela San Andr\u00e9s, vicerrectora acad\u00e9mica; decanos, directores, docentes, personal administrativo, estudiantes y autoridades a nivel nacional, regional y local, quienes participaron tanto de manera presencial como virtual.<\/p><p style=\"text-align: JUSTIFY;\">En su intervenci\u00f3n nuestro rector destac\u00f3 los cambios significativos que ha experimentado la instituci\u00f3n y los proyectos planificados para el 2025. Dentro de los puntos expuesto dio a conocer que la UEA\u00a0 ofert\u00f3\u00a0 3.920 cupos para el acceso a la educaci\u00f3n superior en las diferentes carreras, tanto en modalidad presencial como en l\u00ednea. Esto representa un incremento de m\u00e1s de 1.000 cupos en comparaci\u00f3n con el 2023.<\/p>\t\t\t\t\t\t\t\t<\/div>\n\t\t\t\t<\/div>\n\t\t\t\t\t<\/div>\n\t\t<\/div>\n\t\t\t\t\t<\/div>\n\t\t<\/section>\n\t\t\t\t<section class=\"elementor-section elementor-top-section elementor-element elementor-element-a5d00ab elementor-section-boxed elementor-section-height-default elementor-section-height-default\" data-id=\"a5d00ab\" data-element_type=\"section\" data-e-type=\"section\" data-settings=\"{&quot;_ha_eqh_enable&quot;:false}\">\n\t\t\t\t\t\t<div class=\"elementor-container elementor-column-gap-default\">\n\t\t\t\t\t<div class=\"elementor-column elementor-col-100 elementor-top-column elementor-element elementor-element-c0f8582\" data-id=\"c0f8582\" data-element_type=\"column\" data-e-type=\"column\">\n\t\t\t<div class=\"elementor-widget-wrap elementor-element-populated\">\n\t\t\t\t\t\t<div class=\"elementor-element elementor-element-9371e24 elementor-widget elementor-widget-image\" data-id=\"9371e24\" data-element_type=\"widget\" data-e-type=\"widget\" data-widget_type=\"image.default\">\n\t\t\t\t<div class=\"elementor-widget-container\">\n\t\t\t\t\t\t\t\t\t\t\t\t\t\t\t<img decoding=\"async\" src=\"https:\/\/www.uea.edu.ec\/web\/v2\/wp-content\/uploads\/2024\/10\/SESIONSOLEMNE6.jpg\" title=\"SESIONSOLEMNE6\" alt=\"SESIONSOLEMNE6\" loading=\"lazy\" \/>\t\t\t\t\t\t\t\t\t\t\t\t\t\t\t<\/div>\n\t\t\t\t<\/div>\n\t\t\t\t\t<\/div>\n\t\t<\/div>\n\t\t\t\t\t<\/div>\n\t\t<\/section>\n\t\t\t\t<section class=\"elementor-section elementor-top-section elementor-element elementor-element-908e5f5 elementor-section-boxed elementor-section-height-default elementor-section-height-default\" data-id=\"908e5f5\" data-element_type=\"section\" data-e-type=\"section\" data-settings=\"{&quot;_ha_eqh_enable&quot;:false}\">\n\t\t\t\t\t\t<div class=\"elementor-container elementor-column-gap-default\">\n\t\t\t\t\t<div class=\"elementor-column elementor-col-100 elementor-top-column elementor-element elementor-element-b6fea0d\" data-id=\"b6fea0d\" data-element_type=\"column\" data-e-type=\"column\">\n\t\t\t<div class=\"elementor-widget-wrap elementor-element-populated\">\n\t\t\t\t\t\t<div class=\"elementor-element elementor-element-345cb88 elementor-widget elementor-widget-text-editor\" data-id=\"345cb88\" data-element_type=\"widget\" data-e-type=\"widget\" data-widget_type=\"text-editor.default\">\n\t\t\t\t<div class=\"elementor-widget-container\">\n\t\t\t\t\t\t\t\t\t<p style=\"text-align: JUSTIFY;\">Desde la perspectiva innovadora de nuestra primera autoridad se han implementado las carreras En l\u00ednea, consolid\u00e1ndose como un proyecto exitoso. Un claro ejemplo de ello son los 20.000 postulantes a escala provincial, nacional y mundial que reconocen la calidad educativa de la instituci\u00f3n.<\/p><p style=\"text-align: JUSTIFY;\">En lo concerniente a la gesti\u00f3n acad\u00e9mica garantizando la excelencia se han revisado y actualizado los planes anal\u00edticos, s\u00edlabos, gu\u00edas del componente pr\u00e1ctico-experimental, considerados como instrumentos fundamentales. Adem\u00e1s, se han creado nuevos entornos de aprendizaje que facilitan la transferencia de conocimientos te\u00f3ricos a la pr\u00e1ctica.<\/p><p style=\"text-align: justify;\">En ese contexto, se desarrollan proyectos para la creaci\u00f3n de laboratorios de producci\u00f3n av\u00edcola, forestal y pisc\u00edcola, as\u00ed como un laboratorio de gesti\u00f3n hotelera y turismo, con una proyecci\u00f3n de inversi\u00f3n de 2 millones de d\u00f3lares; que ser\u00e1 implementado en el Centro Experimental de Investigaci\u00f3n y Producci\u00f3n Amaz\u00f3nica (CEIPA).<\/p>\t\t\t\t\t\t\t\t<\/div>\n\t\t\t\t<\/div>\n\t\t\t\t\t<\/div>\n\t\t<\/div>\n\t\t\t\t\t<\/div>\n\t\t<\/section>\n\t\t\t\t<section class=\"elementor-section elementor-top-section elementor-element elementor-element-3781784 elementor-section-boxed elementor-section-height-default elementor-section-height-default\" data-id=\"3781784\" data-element_type=\"section\" data-e-type=\"section\" data-settings=\"{&quot;_ha_eqh_enable&quot;:false}\">\n\t\t\t\t\t\t<div class=\"elementor-container elementor-column-gap-default\">\n\t\t\t\t\t<div class=\"elementor-column elementor-col-100 elementor-top-column elementor-element elementor-element-aa64c80\" data-id=\"aa64c80\" data-element_type=\"column\" data-e-type=\"column\">\n\t\t\t<div class=\"elementor-widget-wrap elementor-element-populated\">\n\t\t\t\t\t\t<div class=\"elementor-element elementor-element-d80b9af elementor-widget elementor-widget-image\" data-id=\"d80b9af\" data-element_type=\"widget\" data-e-type=\"widget\" data-widget_type=\"image.default\">\n\t\t\t\t<div class=\"elementor-widget-container\">\n\t\t\t\t\t\t\t\t\t\t\t\t\t\t\t<img decoding=\"async\" src=\"https:\/\/www.uea.edu.ec\/web\/v2\/wp-content\/uploads\/2024\/10\/sesionsolemne2.jpg\" title=\"sesionsolemne2\" alt=\"sesionsolemne2\" loading=\"lazy\" \/>\t\t\t\t\t\t\t\t\t\t\t\t\t\t\t<\/div>\n\t\t\t\t<\/div>\n\t\t\t\t\t<\/div>\n\t\t<\/div>\n\t\t\t\t\t<\/div>\n\t\t<\/section>\n\t\t\t\t<section class=\"elementor-section elementor-top-section elementor-element elementor-element-3f69587 elementor-section-boxed elementor-section-height-default elementor-section-height-default\" data-id=\"3f69587\" data-element_type=\"section\" data-e-type=\"section\" data-settings=\"{&quot;_ha_eqh_enable&quot;:false}\">\n\t\t\t\t\t\t<div class=\"elementor-container elementor-column-gap-default\">\n\t\t\t\t\t<div class=\"elementor-column elementor-col-100 elementor-top-column elementor-element elementor-element-a0e8a2b\" data-id=\"a0e8a2b\" data-element_type=\"column\" data-e-type=\"column\">\n\t\t\t<div class=\"elementor-widget-wrap elementor-element-populated\">\n\t\t\t\t\t\t<div class=\"elementor-element elementor-element-7d54fa4 elementor-widget elementor-widget-text-editor\" data-id=\"7d54fa4\" data-element_type=\"widget\" data-e-type=\"widget\" data-widget_type=\"text-editor.default\">\n\t\t\t\t<div class=\"elementor-widget-container\">\n\t\t\t\t\t\t\t\t\t<p style=\"text-align: justify;\">Asimismo, se est\u00e1 promoviendo la transformaci\u00f3n digital a trav\u00e9s del lanzamiento de un sistema de seguimiento y monitoreo acad\u00e9mico, junto con la renovaci\u00f3n de las aulas del campus central, que incluir\u00e1n pantallas interactivas. Este equipamiento se extender\u00e1 a las sedes acad\u00e9micas el pr\u00f3ximo a\u00f1o.<\/p><p style=\"text-align: justify;\">Y porque nuestro rector reconoce la importancia de la calidad educativa, en nuestras sedes acad\u00e9micas del El Pangui y Sucumb\u00edos, se est\u00e1 mejorando la infraestructura f\u00edsica, construyendo ambientes \u00e1ulicos que garanticen la excelencia, siempre acorde a las necesidades de esta regi\u00f3n amaz\u00f3nica.<\/p><p style=\"text-align: justify;\">Se anunci\u00f3 por parte de la autoridad del Alma M\u00e1ter que desde este pr\u00f3ximo Periodo Acad\u00e9mico Ordinario (PAO 2024- 2025) se ampliar\u00e1 la oferta acad\u00e9mica en l\u00ednea, con las carreras de comunicaci\u00f3n y turismo. Con gran emoci\u00f3n tambi\u00e9n se manifest\u00f3 que para el 2025, se implementar\u00e1 la carrera de ingenier\u00eda qu\u00edmica y arquitectura, en modalidad presencial; y se expandir\u00e1n las carreras de agroindustria y agropecuaria en las sedes acad\u00e9micas.<\/p><p style=\"text-align: justify;\">Dentro de los grandes logros conseguidos en este a\u00f1o y al ratificarse como la universidad m\u00e1s grande de la Amazon\u00eda, nuestro rector dio a conocer que la UEA ser\u00e1 la primera en Ecuador en contar con un parque fotovoltaico; proyecto que se ha trabajado con el apoyo del gobierno de B\u00e9lgica y BelgaSolar, lo que resalta su compromiso con la sostenibilidad y el respeto por el medio ambiente.<\/p>\t\t\t\t\t\t\t\t<\/div>\n\t\t\t\t<\/div>\n\t\t\t\t\t<\/div>\n\t\t<\/div>\n\t\t\t\t\t<\/div>\n\t\t<\/section>\n\t\t\t\t<section class=\"elementor-section elementor-top-section elementor-element elementor-element-c773e0e elementor-section-boxed elementor-section-height-default elementor-section-height-default\" data-id=\"c773e0e\" data-element_type=\"section\" data-e-type=\"section\" data-settings=\"{&quot;_ha_eqh_enable&quot;:false}\">\n\t\t\t\t\t\t<div class=\"elementor-container elementor-column-gap-default\">\n\t\t\t\t\t<div class=\"elementor-column elementor-col-100 elementor-top-column elementor-element elementor-element-db35b51\" data-id=\"db35b51\" data-element_type=\"column\" data-e-type=\"column\">\n\t\t\t<div class=\"elementor-widget-wrap elementor-element-populated\">\n\t\t\t\t\t\t<div class=\"elementor-element elementor-element-aacb1fb elementor-widget elementor-widget-image\" data-id=\"aacb1fb\" data-element_type=\"widget\" data-e-type=\"widget\" data-widget_type=\"image.default\">\n\t\t\t\t<div class=\"elementor-widget-container\">\n\t\t\t\t\t\t\t\t\t\t\t\t\t\t\t<img decoding=\"async\" src=\"https:\/\/www.uea.edu.ec\/web\/v2\/wp-content\/uploads\/2024\/10\/sesionsolemne3.jpg\" title=\"sesionsolemne3\" alt=\"sesionsolemne3\" loading=\"lazy\" \/>\t\t\t\t\t\t\t\t\t\t\t\t\t\t\t<\/div>\n\t\t\t\t<\/div>\n\t\t\t\t\t<\/div>\n\t\t<\/div>\n\t\t\t\t\t<\/div>\n\t\t<\/section>\n\t\t\t\t<section class=\"elementor-section elementor-top-section elementor-element elementor-element-8cf1c05 elementor-section-boxed elementor-section-height-default elementor-section-height-default\" data-id=\"8cf1c05\" data-element_type=\"section\" data-e-type=\"section\" data-settings=\"{&quot;_ha_eqh_enable&quot;:false}\">\n\t\t\t\t\t\t<div class=\"elementor-container elementor-column-gap-default\">\n\t\t\t\t\t<div class=\"elementor-column elementor-col-100 elementor-top-column elementor-element elementor-element-c3666bd\" data-id=\"c3666bd\" data-element_type=\"column\" data-e-type=\"column\">\n\t\t\t<div class=\"elementor-widget-wrap elementor-element-populated\">\n\t\t\t\t\t\t<div class=\"elementor-element elementor-element-b913b4b elementor-widget elementor-widget-text-editor\" data-id=\"b913b4b\" data-element_type=\"widget\" data-e-type=\"widget\" data-widget_type=\"text-editor.default\">\n\t\t\t\t<div class=\"elementor-widget-container\">\n\t\t\t\t\t\t\t\t\t<p style=\"text-align: JUSTIFY;\">Posterior, se efectu\u00f3 un reconocimiento por parte de la comunidad universitaria al Dr. David Sancho, por su invaluable apoyo en el fortalecimiento, desarrollo e internacionalizaci\u00f3n de las Carreras En L\u00ednea. As\u00ed tambi\u00e9n, el personal del CEIPA lo reconoci\u00f3 por ser quien encabeza la mejora continua de este centro experimental que alberga el laboratorio vivo m\u00e1s grande de la Amazon\u00eda.<\/p><p style=\"text-align: JUSTIFY;\">Adem\u00e1s, se llev\u00f3 a cabo, la entrega de placas por parte de las autoridades a docentes, personal administrativo y trabajadores que han obtenido la m\u00e1xima calificaci\u00f3n en la evaluaci\u00f3n del desempe\u00f1o.<\/p><p style=\"text-align: JUSTIFY;\">Por otra parte, se realiz\u00f3 por parte del rector la firma de un contrato como docente honor\u00edfico resaltando la dedicaci\u00f3n, el esfuerzo, la pasi\u00f3n de investigaci\u00f3n con el Dr. David Neill,\u00a0Docente\u00a0Investigador. Y con la presencia de la notaria se efectu\u00f3 la firma de la escritura P\u00fablica de 10 hectarias de terreno en la parroquia F\u00e1tima con la presidenta del GAD Parroquial de F\u00e1tima, Daniela Escobar; espacio que ser\u00e1 destinado para la construcci\u00f3n de la ciudad universitaria.<\/p><p style=\"text-align: JUSTIFY;\">Al finalizar la sesi\u00f3n solemne llegaron hasta las instalaciones de la instituci\u00f3n los primeros paneles solares, s\u00edmbolo del inicio del gran proyecto fotovoltaico, que permitir\u00e1 a la entidad ser auto sustentable a largo plazo.<\/p><p style=\"text-align: JUSTIFY;\">Todos estos logros y esfuerzos han consolidado a la UEA como un referente nacional e internacional en educaci\u00f3n superior, cubriendo la demanda de una creciente comunidad universitaria, que busca la calidad acad\u00e9mica, investigativa y de vinculaci\u00f3n con la sociedad.<\/p><p style=\"text-align: JUSTIFY;\">La gesti\u00f3n con visi\u00f3n e innovaci\u00f3n del Dr. David Sancho PhD., rector, ha permitido que en tan corto tiempo se obtengan grandes resultados, evidenciando un compromiso constante hacia la mejora continua y el crecimiento de la universidad con la internacionalizaci\u00f3n, la ampliaci\u00f3n de la oferta acad\u00e9mica, la creaci\u00f3n de las carreras en l\u00ednea y el fortalecimiento de las carreras modalidad presencial.<\/p><p style=\"text-align: JUSTIFY;\">\u00a1Juntos, transformamos el mundo desde la Amazon\u00eda!<\/p>\t\t\t\t\t\t\t\t<\/div>\n\t\t\t\t<\/div>\n\t\t\t\t\t<\/div>\n\t\t<\/div>\n\t\t\t\t\t<\/div>\n\t\t<\/section>\n\t\t\t\t<section class=\"elementor-section elementor-top-section elementor-element elementor-element-8adb158 elementor-section-boxed elementor-section-height-default elementor-section-height-default\" data-id=\"8adb158\" data-element_type=\"section\" data-e-type=\"section\" data-settings=\"{&quot;_ha_eqh_enable&quot;:false}\">\n\t\t\t\t\t\t<div class=\"elementor-container elementor-column-gap-default\">\n\t\t\t\t\t<div class=\"elementor-column elementor-col-100 elementor-top-column elementor-element elementor-element-53734c1\" data-id=\"53734c1\" data-element_type=\"column\" data-e-type=\"column\">\n\t\t\t<div class=\"elementor-widget-wrap elementor-element-populated\">\n\t\t\t\t\t\t<div class=\"elementor-element elementor-element-986bc45 elementor-widget elementor-widget-image\" data-id=\"986bc45\" data-element_type=\"widget\" data-e-type=\"widget\" data-widget_type=\"image.default\">\n\t\t\t\t<div class=\"elementor-widget-container\">\n\t\t\t\t\t\t\t\t\t\t\t\t\t\t\t<img fetchpriority=\"high\" decoding=\"async\" width=\"1772\" height=\"997\" src=\"https:\/\/www.uea.edu.ec\/web\/v2\/wp-content\/uploads\/2024\/10\/sesionsolemne4.jpg\" class=\"attachment-full size-full wp-image-55616\" alt=\"\" srcset=\"https:\/\/www.uea.edu.ec\/web\/v2\/wp-content\/uploads\/2024\/10\/sesionsolemne4.jpg 1772w, https:\/\/www.uea.edu.ec\/web\/v2\/wp-content\/uploads\/2024\/10\/sesionsolemne4-300x169.jpg 300w, https:\/\/www.uea.edu.ec\/web\/v2\/wp-content\/uploads\/2024\/10\/sesionsolemne4-1024x576.jpg 1024w, https:\/\/www.uea.edu.ec\/web\/v2\/wp-content\/uploads\/2024\/10\/sesionsolemne4-768x432.jpg 768w, https:\/\/www.uea.edu.ec\/web\/v2\/wp-content\/uploads\/2024\/10\/sesionsolemne4-1536x864.jpg 1536w\" sizes=\"(max-width: 1772px) 100vw, 1772px\" \/>\t\t\t\t\t\t\t\t\t\t\t\t\t\t\t<\/div>\n\t\t\t\t<\/div>\n\t\t\t\t\t<\/div>\n\t\t<\/div>\n\t\t\t\t\t<\/div>\n\t\t<\/section>\n\t\t\t\t<\/div>\n\t\t","protected":false},"excerpt":{"rendered":"<p>El 18 de octubre, la Universidad Estatal Amaz\u00f3nica realiz\u00f3 la Sesi\u00f3n Solemne en conmemoraci\u00f3n de su vig\u00e9simo segundo aniversario, celebrada &hellip; <\/p>\n","protected":false},"author":9,"featured_media":55606,"comment_status":"closed","ping_status":"open","sticky":false,"template":"","format":"standard","meta":{"om_disable_all_campaigns":false,"_monsterinsights_skip_tracking":false,"_monsterinsights_sitenote_active":false,"_monsterinsights_sitenote_note":"","_monsterinsights_sitenote_category":0,"footnotes":""},"categories":[1],"tags":[],"class_list":["post-55588","post","type-post","status-publish","format-standard","has-post-thumbnail","hentry","category-sin-categoria"],"_links":{"self":[{"href":"https:\/\/www.uea.edu.ec\/web\/v2\/index.php?rest_route=\/wp\/v2\/posts\/55588","targetHints":{"allow":["GET"]}}],"collection":[{"href":"https:\/\/www.uea.edu.ec\/web\/v2\/index.php?rest_route=\/wp\/v2\/posts"}],"about":[{"href":"https:\/\/www.uea.edu.ec\/web\/v2\/index.php?rest_route=\/wp\/v2\/types\/post"}],"author":[{"embeddable":true,"href":"https:\/\/www.uea.edu.ec\/web\/v2\/index.php?rest_route=\/wp\/v2\/users\/9"}],"replies":[{"embeddable":true,"href":"https:\/\/www.uea.edu.ec\/web\/v2\/index.php?rest_route=%2Fwp%2Fv2%2Fcomments&post=55588"}],"version-history":[{"count":76,"href":"https:\/\/www.uea.edu.ec\/web\/v2\/index.php?rest_route=\/wp\/v2\/posts\/55588\/revisions"}],"predecessor-version":[{"id":55820,"href":"https:\/\/www.uea.edu.ec\/web\/v2\/index.php?rest_route=\/wp\/v2\/posts\/55588\/revisions\/55820"}],"wp:featuredmedia":[{"embeddable":true,"href":"https:\/\/www.uea.edu.ec\/web\/v2\/index.php?rest_route=\/wp\/v2\/media\/55606"}],"wp:attachment":[{"href":"https:\/\/www.uea.edu.ec\/web\/v2\/index.php?rest_route=%2Fwp%2Fv2%2Fmedia&parent=55588"}],"wp:term":[{"taxonomy":"category","embeddable":true,"href":"https:\/\/www.uea.edu.ec\/web\/v2\/index.php?rest_route=%2Fwp%2Fv2%2Fcategories&post=55588"},{"taxonomy":"post_tag","embeddable":true,"href":"https:\/\/www.uea.edu.ec\/web\/v2\/index.php?rest_route=%2Fwp%2Fv2%2Ftags&post=55588"}],"curies":[{"name":"wp","href":"https:\/\/api.w.org\/{rel}","templated":true}]}}