{"id":58061,"date":"2025-01-14T17:45:04","date_gmt":"2025-01-14T22:45:04","guid":{"rendered":"https:\/\/www.uea.edu.ec\/web\/v2\/?p=58061"},"modified":"2025-01-14T17:56:09","modified_gmt":"2025-01-14T22:56:09","slug":"la-uea-refuerza-su-oferta-academica-con-nuevas-carreras-presenciales","status":"publish","type":"post","link":"https:\/\/www.uea.edu.ec\/web\/v2\/?p=58061","title":{"rendered":"LA UEA REFUERZA SU OFERTA ACAD\u00c9MICA CON NUEVAS CARRERAS PRESENCIALES"},"content":{"rendered":"\t\t<div data-elementor-type=\"wp-post\" data-elementor-id=\"58061\" class=\"elementor elementor-58061\" data-elementor-settings=\"{&quot;ha_cmc_init_switcher&quot;:&quot;no&quot;}\" data-elementor-post-type=\"post\">\n\t\t\t\t\t\t<section class=\"elementor-section elementor-top-section elementor-element elementor-element-ea7053a elementor-section-boxed elementor-section-height-default elementor-section-height-default\" data-id=\"ea7053a\" data-element_type=\"section\" data-e-type=\"section\" data-settings=\"{&quot;_ha_eqh_enable&quot;:false}\">\n\t\t\t\t\t\t<div class=\"elementor-container elementor-column-gap-default\">\n\t\t\t\t\t<div class=\"elementor-column elementor-col-100 elementor-top-column elementor-element elementor-element-0169e54\" data-id=\"0169e54\" data-element_type=\"column\" data-e-type=\"column\">\n\t\t\t<div class=\"elementor-widget-wrap elementor-element-populated\">\n\t\t\t\t\t\t<div class=\"elementor-element elementor-element-1bb1219 elementor-widget elementor-widget-text-editor\" data-id=\"1bb1219\" data-element_type=\"widget\" data-e-type=\"widget\" data-widget_type=\"text-editor.default\">\n\t\t\t\t<div class=\"elementor-widget-container\">\n\t\t\t\t\t\t\t\t\t<p style=\"text-align: justify;\">En una rueda de prensa realizada este 13 de enero, el rector de la Universidad Estatal Amaz\u00f3nica (UEA), Dr. David Sancho, PhD, anunci\u00f3 un importante avance en la diversificaci\u00f3n de la oferta acad\u00e9mica de la instituci\u00f3n. Como parte de su plan estrat\u00e9gico, la UEA incorporar\u00e1 dos nuevas carreras en modalidad presencial: Ingenier\u00eda Qu\u00edmica y Arquitectura.<\/p><p style=\"text-align: justify;\">Estas nuevas propuestas acad\u00e9micas, que se impartir\u00e1n en la sede matriz de Pastaza, responden a las necesidades detectadas en un exhaustivo estudio de pertinencia realizado por la universidad, con el objetivo de contribuir al desarrollo regional y atender las demandas del sector.<\/p><p style=\"text-align: justify;\">La carrera de Ingenier\u00eda Qu\u00edmica abrir\u00e1 120 cupos, mientras que Arquitectura contar\u00e1 con 70 cupos disponibles. Los interesados deber\u00e1n registrarse en el Sistema Nacional de Nivelaci\u00f3n y Admisi\u00f3n de la Senescyt y completar el proceso de inscripci\u00f3n en la UEA.<\/p><p style=\"text-align: justify;\">Durante su intervenci\u00f3n, el Dr. Sancho destac\u00f3 que la apertura de estas carreras refuerza el compromiso de la UEA con una educaci\u00f3n superior de calidad. \u201cAmbos programas contar\u00e1n con un cuerpo docente altamente calificado, cumpliendo los m\u00e1s altos est\u00e1ndares acad\u00e9micos, para garantizar una formaci\u00f3n integral que responda a las necesidades de la sociedad actual\u201d, asegur\u00f3.<\/p>\t\t\t\t\t\t\t\t<\/div>\n\t\t\t\t<\/div>\n\t\t\t\t\t<\/div>\n\t\t<\/div>\n\t\t\t\t\t<\/div>\n\t\t<\/section>\n\t\t\t\t<section class=\"elementor-section elementor-top-section elementor-element elementor-element-c782917 elementor-section-boxed elementor-section-height-default elementor-section-height-default\" data-id=\"c782917\" data-element_type=\"section\" data-e-type=\"section\" data-settings=\"{&quot;_ha_eqh_enable&quot;:false}\">\n\t\t\t\t\t\t<div class=\"elementor-container elementor-column-gap-default\">\n\t\t\t\t\t<div class=\"elementor-column elementor-col-100 elementor-top-column elementor-element elementor-element-77b309e\" data-id=\"77b309e\" data-element_type=\"column\" data-e-type=\"column\">\n\t\t\t<div class=\"elementor-widget-wrap elementor-element-populated\">\n\t\t\t\t\t\t<div class=\"elementor-element elementor-element-61e6f2d elementor-widget elementor-widget-image\" data-id=\"61e6f2d\" data-element_type=\"widget\" data-e-type=\"widget\" data-widget_type=\"image.default\">\n\t\t\t\t<div class=\"elementor-widget-container\">\n\t\t\t\t\t\t\t\t\t\t\t\t\t\t\t<img fetchpriority=\"high\" decoding=\"async\" width=\"2126\" height=\"1196\" src=\"https:\/\/www.uea.edu.ec\/web\/v2\/wp-content\/uploads\/2025\/01\/foto_rector_Rueda_2025_2.jpg\" class=\"attachment-full size-full wp-image-58068\" alt=\"\" srcset=\"https:\/\/www.uea.edu.ec\/web\/v2\/wp-content\/uploads\/2025\/01\/foto_rector_Rueda_2025_2.jpg 2126w, https:\/\/www.uea.edu.ec\/web\/v2\/wp-content\/uploads\/2025\/01\/foto_rector_Rueda_2025_2-300x169.jpg 300w, https:\/\/www.uea.edu.ec\/web\/v2\/wp-content\/uploads\/2025\/01\/foto_rector_Rueda_2025_2-1024x576.jpg 1024w, https:\/\/www.uea.edu.ec\/web\/v2\/wp-content\/uploads\/2025\/01\/foto_rector_Rueda_2025_2-768x432.jpg 768w, https:\/\/www.uea.edu.ec\/web\/v2\/wp-content\/uploads\/2025\/01\/foto_rector_Rueda_2025_2-1536x864.jpg 1536w, https:\/\/www.uea.edu.ec\/web\/v2\/wp-content\/uploads\/2025\/01\/foto_rector_Rueda_2025_2-2048x1152.jpg 2048w\" sizes=\"(max-width: 2126px) 100vw, 2126px\" \/>\t\t\t\t\t\t\t\t\t\t\t\t\t\t\t<\/div>\n\t\t\t\t<\/div>\n\t\t\t\t\t<\/div>\n\t\t<\/div>\n\t\t\t\t\t<\/div>\n\t\t<\/section>\n\t\t\t\t<section class=\"elementor-section elementor-top-section elementor-element elementor-element-d3e462d elementor-section-boxed elementor-section-height-default elementor-section-height-default\" data-id=\"d3e462d\" data-element_type=\"section\" data-e-type=\"section\" data-settings=\"{&quot;_ha_eqh_enable&quot;:false}\">\n\t\t\t\t\t\t<div class=\"elementor-container elementor-column-gap-default\">\n\t\t\t\t\t<div class=\"elementor-column elementor-col-100 elementor-top-column elementor-element elementor-element-891c540\" data-id=\"891c540\" data-element_type=\"column\" data-e-type=\"column\">\n\t\t\t<div class=\"elementor-widget-wrap elementor-element-populated\">\n\t\t\t\t\t\t<div class=\"elementor-element elementor-element-058bd3f elementor-widget elementor-widget-text-editor\" data-id=\"058bd3f\" data-element_type=\"widget\" data-e-type=\"widget\" data-widget_type=\"text-editor.default\">\n\t\t\t\t<div class=\"elementor-widget-container\">\n\t\t\t\t\t\t\t\t\t<p style=\"text-align: justify;\">El anuncio de las nuevas carreras presenciales llega en un momento de significativo crecimiento para la UEA. En 2023, la modalidad En L\u00ednea de la universidad ha permitido alcanzar a sectores diversos de la regi\u00f3n amaz\u00f3nica, consolidando su impacto educativo.<\/p><p style=\"text-align: justify;\">Mirando hacia el futuro, en 2025, la UEA ampliar\u00e1 su oferta acad\u00e9mica en las sedes de Lago Agrio y Sucumb\u00edos con carreras en las \u00e1reas de Ambiental, Agroindustria, Agropecuaria y Forestal. Esta expansi\u00f3n reafirma su compromiso de acercar la educaci\u00f3n superior a m\u00e1s estudiantes de la regi\u00f3n amaz\u00f3nica.<\/p><p style=\"text-align: justify;\">Actualmente, la UEA cuenta con m\u00e1s de 5,000 estudiantes y se proyecta que para 2026 la matr\u00edcula superar\u00e1 los 10.000, consolid\u00e1ndose como una de las instituciones educativas m\u00e1s destacadas de la regi\u00f3n. En el actual proceso de admisi\u00f3n 2025, hemos registrado una alta demanda, con m\u00e1s de 19.000 aspirantes. Adem\u00e1s, contamos con estudiantes ecuatorianos en diversos consulados que han elegido a la Universidad Estatal Amaz\u00f3nica para continuar con su formaci\u00f3n acad\u00e9mica, lo que refuerza nuestra posici\u00f3n como una universidad consolidada a nivel nacional e internacional.<\/p><p style=\"text-align: justify;\">La UEA tambi\u00e9n avanza en la mejora de su infraestructura acad\u00e9mica. En 2025, se inaugurar\u00e1 un laboratorio de Radio y Televisi\u00f3n para la carrera de Comunicaci\u00f3n, equipado con tecnolog\u00eda de \u00faltima generaci\u00f3n, ofreciendo a los estudiantes herramientas modernas para su desarrollo profesional. Adem\u00e1s, se han adquirido nuevos equipos tecnol\u00f3gicos para laboratorios en diversas \u00e1reas acad\u00e9micas.<\/p><p style=\"text-align: justify;\">En l\u00ednea con su compromiso con la sostenibilidad, la UEA implement\u00f3 recientemente un parque fotovoltaico que ya genera energ\u00eda limpia para sus instalaciones, promoviendo la eficiencia energ\u00e9tica y contribuyendo a la protecci\u00f3n del medio ambiente.<\/p><p style=\"text-align: justify;\">Con estas iniciativas, nuestra alma mater reitera su compromiso como motor de desarrollo regional, brindando nuevas oportunidades de formaci\u00f3n profesional a los j\u00f3venes de la Amazon\u00eda y del pa\u00eds.<\/p><p><strong>RELACIONES P\u00daBLICAS<\/strong><\/p>\t\t\t\t\t\t\t\t<\/div>\n\t\t\t\t<\/div>\n\t\t\t\t\t<\/div>\n\t\t<\/div>\n\t\t\t\t\t<\/div>\n\t\t<\/section>\n\t\t\t\t<section class=\"elementor-section elementor-top-section elementor-element elementor-element-2575d33 elementor-section-boxed elementor-section-height-default elementor-section-height-default\" data-id=\"2575d33\" data-element_type=\"section\" data-e-type=\"section\" data-settings=\"{&quot;_ha_eqh_enable&quot;:false}\">\n\t\t\t\t\t\t<div class=\"elementor-container elementor-column-gap-default\">\n\t\t\t\t\t<div class=\"elementor-column elementor-col-100 elementor-top-column elementor-element elementor-element-105486f\" data-id=\"105486f\" data-element_type=\"column\" data-e-type=\"column\">\n\t\t\t<div class=\"elementor-widget-wrap elementor-element-populated\">\n\t\t\t\t\t\t<div class=\"elementor-element elementor-element-864867d elementor-widget elementor-widget-image\" data-id=\"864867d\" data-element_type=\"widget\" data-e-type=\"widget\" data-widget_type=\"image.default\">\n\t\t\t\t<div class=\"elementor-widget-container\">\n\t\t\t\t\t\t\t\t\t\t\t\t\t\t\t<img decoding=\"async\" width=\"2126\" height=\"1196\" src=\"https:\/\/www.uea.edu.ec\/web\/v2\/wp-content\/uploads\/2025\/01\/foto_rector_Rueda_2025_3.jpg\" class=\"attachment-full size-full wp-image-58070\" alt=\"\" srcset=\"https:\/\/www.uea.edu.ec\/web\/v2\/wp-content\/uploads\/2025\/01\/foto_rector_Rueda_2025_3.jpg 2126w, https:\/\/www.uea.edu.ec\/web\/v2\/wp-content\/uploads\/2025\/01\/foto_rector_Rueda_2025_3-300x169.jpg 300w, https:\/\/www.uea.edu.ec\/web\/v2\/wp-content\/uploads\/2025\/01\/foto_rector_Rueda_2025_3-1024x576.jpg 1024w, https:\/\/www.uea.edu.ec\/web\/v2\/wp-content\/uploads\/2025\/01\/foto_rector_Rueda_2025_3-768x432.jpg 768w, https:\/\/www.uea.edu.ec\/web\/v2\/wp-content\/uploads\/2025\/01\/foto_rector_Rueda_2025_3-1536x864.jpg 1536w, https:\/\/www.uea.edu.ec\/web\/v2\/wp-content\/uploads\/2025\/01\/foto_rector_Rueda_2025_3-2048x1152.jpg 2048w\" sizes=\"(max-width: 2126px) 100vw, 2126px\" \/>\t\t\t\t\t\t\t\t\t\t\t\t\t\t\t<\/div>\n\t\t\t\t<\/div>\n\t\t\t\t\t<\/div>\n\t\t<\/div>\n\t\t\t\t\t<\/div>\n\t\t<\/section>\n\t\t\t\t<\/div>\n\t\t","protected":false},"excerpt":{"rendered":"<p>En una rueda de prensa realizada este 13 de enero, el rector de la Universidad Estatal Amaz\u00f3nica (UEA), Dr. David &hellip; <\/p>\n","protected":false},"author":9,"featured_media":58067,"comment_status":"closed","ping_status":"open","sticky":false,"template":"","format":"standard","meta":{"om_disable_all_campaigns":false,"_monsterinsights_skip_tracking":false,"_monsterinsights_sitenote_active":false,"_monsterinsights_sitenote_note":"","_monsterinsights_sitenote_category":0,"footnotes":""},"categories":[1],"tags":[],"class_list":["post-58061","post","type-post","status-publish","format-standard","has-post-thumbnail","hentry","category-sin-categoria"],"_links":{"self":[{"href":"https:\/\/www.uea.edu.ec\/web\/v2\/index.php?rest_route=\/wp\/v2\/posts\/58061","targetHints":{"allow":["GET"]}}],"collection":[{"href":"https:\/\/www.uea.edu.ec\/web\/v2\/index.php?rest_route=\/wp\/v2\/posts"}],"about":[{"href":"https:\/\/www.uea.edu.ec\/web\/v2\/index.php?rest_route=\/wp\/v2\/types\/post"}],"author":[{"embeddable":true,"href":"https:\/\/www.uea.edu.ec\/web\/v2\/index.php?rest_route=\/wp\/v2\/users\/9"}],"replies":[{"embeddable":true,"href":"https:\/\/www.uea.edu.ec\/web\/v2\/index.php?rest_route=%2Fwp%2Fv2%2Fcomments&post=58061"}],"version-history":[{"count":11,"href":"https:\/\/www.uea.edu.ec\/web\/v2\/index.php?rest_route=\/wp\/v2\/posts\/58061\/revisions"}],"predecessor-version":[{"id":58076,"href":"https:\/\/www.uea.edu.ec\/web\/v2\/index.php?rest_route=\/wp\/v2\/posts\/58061\/revisions\/58076"}],"wp:featuredmedia":[{"embeddable":true,"href":"https:\/\/www.uea.edu.ec\/web\/v2\/index.php?rest_route=\/wp\/v2\/media\/58067"}],"wp:attachment":[{"href":"https:\/\/www.uea.edu.ec\/web\/v2\/index.php?rest_route=%2Fwp%2Fv2%2Fmedia&parent=58061"}],"wp:term":[{"taxonomy":"category","embeddable":true,"href":"https:\/\/www.uea.edu.ec\/web\/v2\/index.php?rest_route=%2Fwp%2Fv2%2Fcategories&post=58061"},{"taxonomy":"post_tag","embeddable":true,"href":"https:\/\/www.uea.edu.ec\/web\/v2\/index.php?rest_route=%2Fwp%2Fv2%2Ftags&post=58061"}],"curies":[{"name":"wp","href":"https:\/\/api.w.org\/{rel}","templated":true}]}}